[{"command":"settings","settings":{"pluralDelimiter":"\u0003","suppressDeprecationErrors":true,"ajaxPageState":{"libraries":"core\/drupal.ajax,core\/picturefill,ds\/ds_3col_equal_width","theme":"gaceta","theme_token":null},"ajaxTrustedUrl":[],"field_group":{"html_element":{"mode":"media_expanded","context":"view","settings":{"classes":"datos","show_empty_fields":false,"id":"","element":"div","show_label":false,"label_element":"h3","label_element_classes":"","attributes":"","effect":"none","speed":"fast"}}},"user":{"uid":0,"permissionsHash":"55dc977d165ab1e05e51b6cc6487f6d73e65ab536d99ee82c6990d9001d5c21c"}},"merge":true},{"command":"add_css","data":"\u003Clink rel=\u0022stylesheet\u0022 media=\u0022all\u0022 href=\u0022\/sites\/default\/files\/css\/css_mxJrjoKKAZuuB4_4f-B1u9VnFZxvSor3Az4JEdrFEso.css\u0022 \/\u003E\n\u003Clink rel=\u0022stylesheet\u0022 media=\u0022all\u0022 href=\u0022\/sites\/default\/files\/css\/css_-BXSGQpS8YTwwuXGbPoshUvZ7W-_HbYR3H7d0DA_mEY.css\u0022 \/\u003E\n\u003Clink rel=\u0022stylesheet\u0022 media=\u0022all\u0022 href=\u0022\/sites\/default\/files\/css\/css_89YreTu0npezhXSakRJR9TVHyBS9bTcyt0s3IckAe-M.css\u0022 \/\u003E\n"},{"command":"add_js","selector":"body","data":[{"src":"\/sites\/default\/files\/js\/js_9UaAhXvc9u0KYXXUw-OKyLP2baQxdV4zY3Y_KGurcvY.js"},{"src":"\/sites\/default\/files\/js\/js_oDJxUBLBzfRb_FDgNfkNOm9-tiatS2kNfxQIeVRZA7Y.js"},{"src":"\/sites\/default\/files\/js\/js_YM82KRuzNIr2X-Kb8pQW8cOcSbWgQ_QGKclTYJ_aMlI.js"},{"src":"\/sites\/default\/files\/js\/js_pqqsPPmPmxKgamY6qk_WSawtL05XH_yAY8GkPHVyahI.js"}]},{"command":"insert","method":"replaceWith","selector":".view-mode-full","data":"\u003Cdiv data-history-node-id=\u002223536\u0022 class=\u0022contenido view-mode-media_expanded ds-3col-equal clearfix\u0022\u003E\n\n  \n\n  \u003Cdiv class=\u0022area-medios group-left\u0022\u003E\n        \n                          \u003Cdiv  class=\u0022imagen\u0022 \u003E\n          \u003Cpicture\u003E\n                  \u003Csource srcset=\u0022\/sites\/default\/files\/styles\/max_650x650\/public\/notas\/2025-08-21\/portada.webp?itok=DyIwVlwp 650w, \/sites\/default\/files\/styles\/max_1300x1300\/public\/notas\/2025-08-21\/portada.webp?itok=Tgp4BBtf 1300w, \/sites\/default\/files\/styles\/max_1900x1900\/public\/notas\/2025-08-21\/portada.webp?itok=05di99OE 1900w\u0022 type=\u0022image\/webp\u0022 sizes=\u0022100vw\u0022\/\u003E\n              \u003Csource srcset=\u0022\/sites\/default\/files\/styles\/max_650x650\/public\/notas\/2025-08-21\/portada.jpg?itok=DyIwVlwp 650w, \/sites\/default\/files\/styles\/max_1300x1300\/public\/notas\/2025-08-21\/portada.jpg?itok=Tgp4BBtf 1300w, \/sites\/default\/files\/styles\/max_1900x1900\/public\/notas\/2025-08-21\/portada.jpg?itok=05di99OE 1900w\u0022 type=\u0022image\/jpeg\u0022 sizes=\u0022100vw\u0022\/\u003E\n                  \u003Cimg srcset=\u0022\/sites\/default\/files\/styles\/max_650x650\/public\/notas\/2025-08-21\/portada.jpg?itok=DyIwVlwp 650w, \/sites\/default\/files\/styles\/max_1300x1300\/public\/notas\/2025-08-21\/portada.jpg?itok=Tgp4BBtf 1300w, \/sites\/default\/files\/styles\/max_1900x1900\/public\/notas\/2025-08-21\/portada.jpg?itok=05di99OE 1900w\u0022 sizes=\u0022100vw\u0022 src=\u0022\/sites\/default\/files\/styles\/max_1300x1300\/public\/notas\/2025-08-21\/portada.jpg?itok=Tgp4BBtf\u0022 alt=\u0022plazas_docentes\u0022 typeof=\u0022foaf:Image\u0022 class=\u0022img-fluid\u0022 \/\u003E\n\n  \u003C\/picture\u003E\n\n\u003C\/div\u003E\n      \n  \n\n      \u003Cdiv  class=\u0022boton-expander\u0022\u003E\n        \n                  \u003Cdiv class=\u0022item-list\u0022\u003E\u003Cul\u003E\u003Cli\u003E\u003Ca href=\u0022\/ds-switch-view-mode\/node\/23536\/media_collapsed?selector=view-mode-media_expanded\u0022 class=\u0022use-ajax\u0022\u003E\u2191\u003C\/a\u003E\u003C\/li\u003E\u003C\/ul\u003E\u003C\/div\u003E\n      \n  \n    \u003C\/div\u003E\n\n\n  \u003C\/div\u003E\n\n  \u003Cdiv class=\u0022area-info group-middle\u0022\u003E\n    \n\u003Cdiv  class=\u0022inner\u0022\u003E\n          \n                          \u003Ch2  class=\u0022titulo\u0022 \u003E\n        La UABC fortalece su planta docente con la entrega de 123 plazas acad\u00e9micas\n\u003C\/h2\u003E\n      \n  \n\n    \n                          \u003Cdiv  class=\u0022resumen\u0022 \u003E\n      Se otorgaron 33 definitividades y 90 interinatos, reafirmando el compromiso institucional con la estabilidad laboral y el fortalecimiento de la vida acad\u00e9mica.\u003C\/div\u003E\n      \n  \n\n\n\u003Cdiv  class=\u0022datos\u0022\u003E\n            \u003Cdiv  class=\u0022autor\u0022\u003E\n            \u003Cdiv  class=\u0022field-label-inline\u0022\u003EPor\u003C\/div\u003E\n  \n                  \u003Ca href=\u0022\/autores\/olivia-yaritza-lopez-segoviano\u0022 hreflang=\u0022es\u0022\u003EOlivia Yaritza L\u00f3pez Segoviano\u003C\/a\u003E\n      \n  \n    \u003C\/div\u003E\n\n      \u003Cdiv  class=\u0022campus\u0022\u003E\n            \u003Cdiv  class=\u0022field-label-inline\u0022\u003ECampus\u003C\/div\u003E\n  \n                  \u003Ca href=\u0022\/campus\/uabc\u0022 hreflang=\u0022es\u0022\u003EUABC\u003C\/a\u003E\n      \n  \n    \u003C\/div\u003E\n\n    \n                          \u003Cdiv  class=\u0022fecha\u0022 \u003E\n      21 de Agosto de 2025\u003C\/div\u003E\n      \n  \n\n\n  \u003C\/div\u003E\n    \n                          \u003Cdiv  class=\u0022texto\u0022 \u003E\n      \u003Cp\u003ELa UABC llev\u00f3 a cabo la ceremonia de entrega de 123 plazas acad\u00e9micas, de las cuales 33 son definitivas y 90 interinas, correspondientes a los Concursos de Oposici\u00f3n y de M\u00e9ritos del ciclo 2025-2. Este acto solemne reafirma el compromiso institucional de reconocer la labor docente, al brindar estabilidad laboral que fortalece no solo el desarrollo profesional del personal acad\u00e9mico, sino tambi\u00e9n el bienestar de sus familias.\u003C\/p\u003E\n\n\u003Cp\u003EDurante su mensaje, el rector de la UABC, doctor Luis Enrique Palafox Maestre, coment\u00f3 que la instituci\u00f3n siente orgullo por celebrar la entrega de plazas acad\u00e9micas de interinato y definitividades, ya que son \u201cel resultado del esfuerzo realizado de 64 profesores y 59 profesoras, quienes tras un riguroso proceso de concurso de oposici\u00f3n y m\u00e9ritos mostraron su talento y compromiso con la excelencia\u201d.\u003C\/p\u003E\n\n\u003Cp\u003E\u201cComo rector estoy convencido de que el motor que impulsa la educaci\u00f3n son nuestras y nuestros docentes. Su compromiso, entrega y pasi\u00f3n por la ense\u00f1anza no solo fortalecen la vida acad\u00e9mica de la instituci\u00f3n, sino que tambi\u00e9n inspiran a generaciones de estudiantes a transformar su entorno\u201d, expres\u00f3.\u003C\/p\u003E\n\n\u003Cp\u003EEl rector subray\u00f3 que el reconocimiento no solo responde a un compromiso administrativo, sino que representa la certeza laboral que profesoras y profesores han conquistado con su dedicaci\u00f3n. \u201cReconocer su labor a trav\u00e9s de la entrega de plazas acad\u00e9micas es honrar la manera en que d\u00eda a d\u00eda transmiten conocimiento, valores y experiencias que trascienden m\u00e1s all\u00e1 del aula\u201d, les dijo a las personas que recibieron sus plazas.\u003C\/p\u003E\n\n\u003Cp\u003EPor su parte, la secretaria general de la UABC, maestra Edith Montiel Ayala, enfatiz\u00f3 que este acto trasciende lo administrativo: \u201cLa entrega de plazas acad\u00e9micas en nuestra universidad es una expresi\u00f3n de confianza institucional; detr\u00e1s de cada nombramiento hay una historia \u00fanica caracterizada por la dedicaci\u00f3n y la constancia. Hoy la UABC deposita en ustedes esa confianza y les reconoce como parte esencial de su misi\u00f3n\u201d. Tambi\u00e9n exhort\u00f3 al profesorado a continuar su preparaci\u00f3n constante y su compromiso con la educaci\u00f3n: \u201cNo es un trabajo que se hace desde la rector\u00eda, es un trabajo que se hace en cada aula, y ah\u00ed est\u00e1n ustedes\u201d.\u003C\/p\u003E\n\n\u003Cp\u003EEl secretario general del Sindicato de Profesores Superaci\u00f3n Universitaria (SPSU), maestro Francisco Javier M\u00e1rquez Cortez, felicit\u00f3 a las y los docentes, y agradeci\u00f3 a las autoridades por cumplir con el compromiso de reducir el rezago en la asignaci\u00f3n de plazas: \u201cReconozco el esfuerzo tit\u00e1nico de este proceso. Se\u00f1or rector, muchas felicidades y gracias por este compromiso. Compa\u00f1eras y compa\u00f1eros, este logro no termina aqu\u00ed, es el inicio de nuevos retos en la docencia, la investigaci\u00f3n y la vinculaci\u00f3n\u201d. Asimismo, invit\u00f3 al profesorado a cuidar y valorar a la universidad y a las prestaciones que la distinguen: \u201cCuiden su universidad, cuiden el fondo de pensiones, porque todo esto es de ustedes\u201d.\u003C\/p\u003E\n\n\u003Cp\u003EEn representaci\u00f3n de las academias universitarias, el doctor Juan Pablo Garc\u00eda V\u00e1zquez, presidente del \u00c1rea de Ciencias de la Ingenier\u00eda y Tecnolog\u00eda, resalt\u00f3 el papel del profesorado como rostro de la instituci\u00f3n ante la sociedad: \u201cCada clase, cada proyecto y cada investigaci\u00f3n que compartimos es una forma de decir qui\u00e9nes somos y qu\u00e9 valores representamos. Lo que hacemos trasciende las aulas y contribuye al desarrollo de la comunidad\u201d.\u003C\/p\u003E\n\n\u003Cp\u003ETambi\u00e9n record\u00f3 que este logro se construye con el apoyo de las familias: \u201cDetr\u00e1s de cada reconocimiento est\u00e1 el apoyo incondicional de quienes nos acompa\u00f1an en el camino; a ellos tambi\u00e9n les debemos gratitud\u201d.\u003C\/p\u003E\n\n\u003Cp\u003ECon este evento, la UABC reiter\u00f3 que el fortalecimiento de su planta docente, a trav\u00e9s de procesos transparentes y basados en el m\u00e9rito acad\u00e9mico, constituye un pilar fundamental para asegurar la excelencia educativa y el compromiso social que la distingue desde hace m\u00e1s de seis d\u00e9cadas.\u003C\/p\u003E\u003C\/div\u003E\n      \n  \n\n    \n            \u003Cdiv  class=\u0022palabras-clave\u0022\u003E\n                        \u003Ca href=\u0022\/tags\/plazas-academicas\u0022 hreflang=\u0022es\u0022\u003Eplazas acad\u00e9micas\u003C\/a\u003E\n                \u003Ca href=\u0022\/tags\/docentes\u0022 hreflang=\u0022es\u0022\u003EDocentes\u003C\/a\u003E\n      \n      \u003C\/div\u003E\n  \n\n\n  \u003C\/div\u003E\n\n  \u003C\/div\u003E\n\n  \u003Cdiv class=\u0022area-extras group-right\u0022\u003E\n        \n                          \u003Cdiv  class=\u0022enlace-blockBottom\u0022 \u003E\n      \u003Cdiv\u003EVer m\u00e1s \u003Ca href=\u0022http:\/\/gaceta.uabc.mx\/notas\u0022\u003ENotas\u003C\/a\u003E\u003C\/div\u003E\n\u003C\/div\u003E\n      \n  \n\n\n  \u003C\/div\u003E\n\n\u003C\/div\u003E\n\n","settings":null}]