[{"command":"settings","settings":{"pluralDelimiter":"\u0003","suppressDeprecationErrors":true,"ajaxPageState":{"libraries":"core\/drupal.ajax,core\/picturefill,ds\/ds_3col_equal_width","theme":"gaceta","theme_token":null},"ajaxTrustedUrl":[],"field_group":{"html_element":{"mode":"media_expanded","context":"view","settings":{"classes":"datos","show_empty_fields":false,"id":"","element":"div","show_label":false,"label_element":"h3","label_element_classes":"","attributes":"","effect":"none","speed":"fast"}}},"user":{"uid":0,"permissionsHash":"55dc977d165ab1e05e51b6cc6487f6d73e65ab536d99ee82c6990d9001d5c21c"}},"merge":true},{"command":"add_css","data":"\u003Clink rel=\u0022stylesheet\u0022 media=\u0022all\u0022 href=\u0022\/sites\/default\/files\/css\/css_mxJrjoKKAZuuB4_4f-B1u9VnFZxvSor3Az4JEdrFEso.css\u0022 \/\u003E\n\u003Clink rel=\u0022stylesheet\u0022 media=\u0022all\u0022 href=\u0022\/sites\/default\/files\/css\/css_-BXSGQpS8YTwwuXGbPoshUvZ7W-_HbYR3H7d0DA_mEY.css\u0022 \/\u003E\n\u003Clink rel=\u0022stylesheet\u0022 media=\u0022all\u0022 href=\u0022\/sites\/default\/files\/css\/css_89YreTu0npezhXSakRJR9TVHyBS9bTcyt0s3IckAe-M.css\u0022 \/\u003E\n"},{"command":"add_js","selector":"body","data":[{"src":"\/sites\/default\/files\/js\/js_9UaAhXvc9u0KYXXUw-OKyLP2baQxdV4zY3Y_KGurcvY.js"},{"src":"\/sites\/default\/files\/js\/js_oDJxUBLBzfRb_FDgNfkNOm9-tiatS2kNfxQIeVRZA7Y.js"},{"src":"\/sites\/default\/files\/js\/js_YM82KRuzNIr2X-Kb8pQW8cOcSbWgQ_QGKclTYJ_aMlI.js"},{"src":"\/sites\/default\/files\/js\/js_pqqsPPmPmxKgamY6qk_WSawtL05XH_yAY8GkPHVyahI.js"}]},{"command":"insert","method":"replaceWith","selector":".view-mode-full","data":"\u003Cdiv data-history-node-id=\u002223547\u0022 class=\u0022contenido view-mode-media_expanded ds-3col-equal clearfix\u0022\u003E\n\n  \n\n  \u003Cdiv class=\u0022area-medios group-left\u0022\u003E\n        \n                          \u003Cdiv  class=\u0022imagen\u0022 \u003E\n          \u003Cpicture\u003E\n                  \u003Csource srcset=\u0022\/sites\/default\/files\/styles\/max_650x650\/public\/notas\/2025-08-25\/MUSICA.webp?itok=5d-R4eCh 650w, \/sites\/default\/files\/styles\/max_1300x1300\/public\/notas\/2025-08-25\/MUSICA.webp?itok=W9olzTnu 1300w, \/sites\/default\/files\/styles\/max_1900x1900\/public\/notas\/2025-08-25\/MUSICA.webp?itok=OTPxd8K8 1615w\u0022 type=\u0022image\/webp\u0022 sizes=\u0022100vw\u0022\/\u003E\n              \u003Csource srcset=\u0022\/sites\/default\/files\/styles\/max_650x650\/public\/notas\/2025-08-25\/MUSICA.jpg?itok=5d-R4eCh 650w, \/sites\/default\/files\/styles\/max_1300x1300\/public\/notas\/2025-08-25\/MUSICA.jpg?itok=W9olzTnu 1300w, \/sites\/default\/files\/styles\/max_1900x1900\/public\/notas\/2025-08-25\/MUSICA.jpg?itok=OTPxd8K8 1615w\u0022 type=\u0022image\/jpeg\u0022 sizes=\u0022100vw\u0022\/\u003E\n                  \u003Cimg srcset=\u0022\/sites\/default\/files\/styles\/max_650x650\/public\/notas\/2025-08-25\/MUSICA.jpg?itok=5d-R4eCh 650w, \/sites\/default\/files\/styles\/max_1300x1300\/public\/notas\/2025-08-25\/MUSICA.jpg?itok=W9olzTnu 1300w, \/sites\/default\/files\/styles\/max_1900x1900\/public\/notas\/2025-08-25\/MUSICA.jpg?itok=OTPxd8K8 1615w\u0022 sizes=\u0022100vw\u0022 src=\u0022\/sites\/default\/files\/styles\/max_1300x1300\/public\/notas\/2025-08-25\/MUSICA.jpg?itok=W9olzTnu\u0022 alt=\u0022.\u0022 typeof=\u0022foaf:Image\u0022 class=\u0022img-fluid\u0022 \/\u003E\n\n  \u003C\/picture\u003E\n\n\u003C\/div\u003E\n      \n  \n\n      \u003Cdiv  class=\u0022boton-expander\u0022\u003E\n        \n                  \u003Cdiv class=\u0022item-list\u0022\u003E\u003Cul\u003E\u003Cli\u003E\u003Ca href=\u0022\/ds-switch-view-mode\/node\/23547\/media_collapsed?selector=view-mode-media_expanded\u0022 class=\u0022use-ajax\u0022\u003E\u2191\u003C\/a\u003E\u003C\/li\u003E\u003C\/ul\u003E\u003C\/div\u003E\n      \n  \n    \u003C\/div\u003E\n\n\n  \u003C\/div\u003E\n\n  \u003Cdiv class=\u0022area-info group-middle\u0022\u003E\n    \n\u003Cdiv  class=\u0022inner\u0022\u003E\n          \n                          \u003Ch2  class=\u0022titulo\u0022 \u003E\n        Estudiante de M\u00fasica de la UABC gan\u00f3 reconocimiento internacional en concurso de compositores emergentes en Estados Unidos\n\u003C\/h2\u003E\n      \n  \n\n    \n                          \u003Cdiv  class=\u0022resumen\u0022 \u003E\n      Su obra \u201cThe Falling of the Golden Leaves\u201d fue seleccionada para ser interpretada en San Diego, California\u003C\/div\u003E\n      \n  \n\n\n\u003Cdiv  class=\u0022datos\u0022\u003E\n            \u003Cdiv  class=\u0022autor\u0022\u003E\n            \u003Cdiv  class=\u0022field-label-inline\u0022\u003EPor\u003C\/div\u003E\n  \n                  \u003Ca href=\u0022\/autores\/paulina-moreno-rangel\u0022 hreflang=\u0022es\u0022\u003EPaulina Moreno Rangel\u003C\/a\u003E\n      \n  \n    \u003C\/div\u003E\n\n      \u003Cdiv  class=\u0022campus\u0022\u003E\n            \u003Cdiv  class=\u0022field-label-inline\u0022\u003ECampus\u003C\/div\u003E\n  \n                  \u003Ca href=\u0022\/campus\/ensenada\u0022 hreflang=\u0022es\u0022\u003EEnsenada\u003C\/a\u003E\n      \n  \n    \u003C\/div\u003E\n\n    \n                          \u003Cdiv  class=\u0022fecha\u0022 \u003E\n      25 de Agosto de 2025\u003C\/div\u003E\n      \n  \n\n\n  \u003C\/div\u003E\n    \n                          \u003Cdiv  class=\u0022texto\u0022 \u003E\n      \u003Cp\u003EPerla Fernanda Ontiveros Ch\u00e1vez, estudiante de s\u00e9ptimo semestre de la Licenciatura en M\u00fasica de la Facultad de Artes de la Universidad Aut\u00f3noma de Baja California (UABC), campus Ensenada, fue reconocida el pasado 11 de agosto en el Concierto de Compositores Emergentes de San Diego New Music, realizado en el Athenaeum Art Center, donde interpretaron una composici\u00f3n de su autor\u00eda. \u00a0\u003C\/p\u003E\n\n\u003Cp\u003ELa composici\u00f3n ganadora, titulada \u201cThe Falling of the Golden Leaves\u201d (La Ca\u00edda de las Hojas Doradas), es una pieza inspirada en el cambio de las estaciones y el proceso de transformaci\u00f3n de la naturaleza, desde su m\u00e1ximo esplendor hasta la ca\u00edda de las hojas. Ontiveros Ch\u00e1vez explic\u00f3 que la inspiraci\u00f3n naci\u00f3 durante la pandemia, observando diariamente el paisaje que ten\u00eda desde su ventana.\u003C\/p\u003E\n\n\u003Cp\u003E\u201cLa pieza busca plasmar los peque\u00f1os cambios de colores, tonos y texturas que observaba en el paisaje. Es una met\u00e1fora de los cambios constantes que todos experimentamos en la vida\u201d, coment\u00f3 la joven compositora.\u003C\/p\u003E\n\n\u003Cp\u003ELa noticia de su selecci\u00f3n lleg\u00f3 a trav\u00e9s de una recomendaci\u00f3n de la maestra Teresa D\u00edaz de Cossio, profesora en la Facultad de Artes, quien la motiv\u00f3 a aplicar para el concurso. \u201cFue incre\u00edble. Todav\u00eda no termino de procesarlo. Uno nunca sabe hacia d\u00f3nde pueden llegar las cosas; lo primero es intentarlo\u201d, expres\u00f3 Perla Fernanda sobre el momento en que supo que hab\u00eda sido elegida.\u003C\/p\u003E\n\n\u003Cp\u003EPara la estudiante de la UABC, este reconocimiento internacional significa una validaci\u00f3n importante de sus capacidades como creadora, m\u00e1s all\u00e1 de su perfil como instrumentista (pianista). \u201cMe hace sentir que puedo ser m\u00e1s que una instrumentista, tambi\u00e9n una creadora y colaboradora. Esto me ense\u00f1a que podemos expandirnos y que s\u00ed es posible salir del pa\u00eds y conocer nuevos horizontes\u201d, afirm\u00f3.\u003C\/p\u003E\n\n\u003Cp\u003EUno de los mayores retos t\u00e9cnicos durante la creaci\u00f3n de la obra, que es su tercera composici\u00f3n, fue aprender sobre las capacidades y el ensamblaje de otros instrumentos, ya que su formaci\u00f3n principal es el piano.\u003C\/p\u003E\n\n\u003Cp\u003ELa obra fue interpretada por un ensamble de m\u00fasicos en una galer\u00eda de arte en San Diego, una experiencia que la compositora describi\u00f3 como conmovedora y transformadora, al poder escuchar su creaci\u00f3n con sonidos reales por primera vez.\u003C\/p\u003E\n\n\u003Cp\u003EEste logro no solo marca un hito en su carrera estudiantil, sino que tambi\u00e9n abre puertas a futuras colaboraciones y proyectos en el \u00e1mbito internacional de la composici\u00f3n musical.\u003C\/p\u003E\n\n\u003Cp\u003EPerla Fernanda Ontiveros agradeci\u00f3 el apoyo recibido por parte de sus maestros y compa\u00f1eros de la facultad, destacando el ambiente de colaboraci\u00f3n y uni\u00f3n que la ha motivado a salir de su zona de confort.\u003C\/p\u003E\n\n\u003Cp\u003EDe acuerdo a informaci\u00f3n proporcionada por Athenaeum Art Center, cada a\u00f1o se organiza este certamen que invita a estudiantes de composici\u00f3n del \u00e1rea metropolitana de San Diego-Tijuana a presentar sus partituras. Se selecciona a los j\u00f3venes talentos m\u00e1s prometedores para que creen una obra original. Estas piezas son estrenadas en un concierto anual dedicado a la m\u00fasica de los estudiantes locales.\u003C\/p\u003E\n\n\u003Cp\u003ELos compositores elegidos colaboran directamente con int\u00e9rpretes profesionales, quienes los gu\u00edan en el proceso de ensayo, tal como lo har\u00edan con un compositor de carrera. El objetivo es honrar y dar vida a su m\u00fasica, haciendo de cada pieza un verdadero estreno mundial.\u003C\/p\u003E\u003C\/div\u003E\n      \n  \n\n    \n            \u003Cdiv  class=\u0022palabras-clave\u0022\u003E\n                        \u003Ca href=\u0022\/tags\/reconocimiento\u0022 hreflang=\u0022es\u0022\u003EReconocimiento\u003C\/a\u003E\n                \u003Ca href=\u0022\/tags\/concurso-de-compositores-emergentes\u0022 hreflang=\u0022es\u0022\u003EConcurso de Compositores Emergentes \u003C\/a\u003E\n                \u003Ca href=\u0022\/tags\/san-diego-new-music\u0022 hreflang=\u0022es\u0022\u003ESan Diego New Music \u003C\/a\u003E\n                \u003Ca href=\u0022\/tags\/facultad-de-artes-ensenada\u0022 hreflang=\u0022es\u0022\u003EFacultad de Artes Ensenada\u003C\/a\u003E\n                \u003Ca href=\u0022\/tags\/athenaeum-art-center\u0022 hreflang=\u0022es\u0022\u003EAthenaeum Art Center\u003C\/a\u003E\n      \n      \u003C\/div\u003E\n  \n\n\n  \u003C\/div\u003E\n\n  \u003C\/div\u003E\n\n  \u003Cdiv class=\u0022area-extras group-right\u0022\u003E\n        \n                          \u003Cdiv  class=\u0022enlace-blockBottom\u0022 \u003E\n      \u003Cdiv\u003EVer m\u00e1s \u003Ca href=\u0022http:\/\/gaceta.uabc.mx\/notas\u0022\u003ENotas\u003C\/a\u003E\u003C\/div\u003E\n\u003C\/div\u003E\n      \n  \n\n\n  \u003C\/div\u003E\n\n\u003C\/div\u003E\n\n","settings":null}]