[{"command":"settings","settings":{"pluralDelimiter":"\u0003","suppressDeprecationErrors":true,"ajaxPageState":{"libraries":"core\/drupal.ajax,core\/picturefill,ds\/ds_3col_equal_width","theme":"gaceta","theme_token":null},"ajaxTrustedUrl":[],"field_group":{"html_element":{"mode":"media_expanded","context":"view","settings":{"classes":"datos","show_empty_fields":false,"id":"","element":"div","show_label":false,"label_element":"h3","label_element_classes":"","attributes":"","effect":"none","speed":"fast"}}},"user":{"uid":0,"permissionsHash":"55dc977d165ab1e05e51b6cc6487f6d73e65ab536d99ee82c6990d9001d5c21c"}},"merge":true},{"command":"add_css","data":"\u003Clink rel=\u0022stylesheet\u0022 media=\u0022all\u0022 href=\u0022\/sites\/default\/files\/css\/css_mxJrjoKKAZuuB4_4f-B1u9VnFZxvSor3Az4JEdrFEso.css\u0022 \/\u003E\n\u003Clink rel=\u0022stylesheet\u0022 media=\u0022all\u0022 href=\u0022\/sites\/default\/files\/css\/css_-BXSGQpS8YTwwuXGbPoshUvZ7W-_HbYR3H7d0DA_mEY.css\u0022 \/\u003E\n\u003Clink rel=\u0022stylesheet\u0022 media=\u0022all\u0022 href=\u0022\/sites\/default\/files\/css\/css_89YreTu0npezhXSakRJR9TVHyBS9bTcyt0s3IckAe-M.css\u0022 \/\u003E\n"},{"command":"add_js","selector":"body","data":[{"src":"\/sites\/default\/files\/js\/js_9UaAhXvc9u0KYXXUw-OKyLP2baQxdV4zY3Y_KGurcvY.js"},{"src":"\/sites\/default\/files\/js\/js_oDJxUBLBzfRb_FDgNfkNOm9-tiatS2kNfxQIeVRZA7Y.js"},{"src":"\/sites\/default\/files\/js\/js_YM82KRuzNIr2X-Kb8pQW8cOcSbWgQ_QGKclTYJ_aMlI.js"},{"src":"\/sites\/default\/files\/js\/js_pqqsPPmPmxKgamY6qk_WSawtL05XH_yAY8GkPHVyahI.js"}]},{"command":"insert","method":"replaceWith","selector":".view-mode-full","data":"\u003Cdiv data-history-node-id=\u002223561\u0022 class=\u0022contenido view-mode-media_expanded ds-3col-equal clearfix\u0022\u003E\n\n  \n\n  \u003Cdiv class=\u0022area-medios group-left\u0022\u003E\n        \n                          \u003Cdiv  class=\u0022imagen\u0022 \u003E\n          \u003Cpicture\u003E\n                  \u003Csource srcset=\u0022\/sites\/default\/files\/styles\/max_650x650\/public\/notas\/2025-08-27\/DSC_0077.webp?itok=fu_eBjuv 650w, \/sites\/default\/files\/styles\/max_1300x1300\/public\/notas\/2025-08-27\/DSC_0077.webp?itok=QQnSKRRM 1300w, \/sites\/default\/files\/styles\/max_1900x1900\/public\/notas\/2025-08-27\/DSC_0077.webp?itok=hxLYXspM 1900w\u0022 type=\u0022image\/webp\u0022 sizes=\u0022100vw\u0022\/\u003E\n              \u003Csource srcset=\u0022\/sites\/default\/files\/styles\/max_650x650\/public\/notas\/2025-08-27\/DSC_0077.JPG?itok=fu_eBjuv 650w, \/sites\/default\/files\/styles\/max_1300x1300\/public\/notas\/2025-08-27\/DSC_0077.JPG?itok=QQnSKRRM 1300w, \/sites\/default\/files\/styles\/max_1900x1900\/public\/notas\/2025-08-27\/DSC_0077.JPG?itok=hxLYXspM 1900w\u0022 type=\u0022image\/jpeg\u0022 sizes=\u0022100vw\u0022\/\u003E\n                  \u003Cimg srcset=\u0022\/sites\/default\/files\/styles\/max_650x650\/public\/notas\/2025-08-27\/DSC_0077.JPG?itok=fu_eBjuv 650w, \/sites\/default\/files\/styles\/max_1300x1300\/public\/notas\/2025-08-27\/DSC_0077.JPG?itok=QQnSKRRM 1300w, \/sites\/default\/files\/styles\/max_1900x1900\/public\/notas\/2025-08-27\/DSC_0077.JPG?itok=hxLYXspM 1900w\u0022 sizes=\u0022100vw\u0022 src=\u0022\/sites\/default\/files\/styles\/max_1300x1300\/public\/notas\/2025-08-27\/DSC_0077.JPG?itok=QQnSKRRM\u0022 alt=\u0022CIITB MX\u0022 typeof=\u0022foaf:Image\u0022 class=\u0022img-fluid\u0022 \/\u003E\n\n  \u003C\/picture\u003E\n\n\u003C\/div\u003E\n      \n  \n\n      \u003Cdiv  class=\u0022boton-expander\u0022\u003E\n        \n                  \u003Cdiv class=\u0022item-list\u0022\u003E\u003Cul\u003E\u003Cli\u003E\u003Ca href=\u0022\/ds-switch-view-mode\/node\/23561\/media_collapsed?selector=view-mode-media_expanded\u0022 class=\u0022use-ajax\u0022\u003E\u2191\u003C\/a\u003E\u003C\/li\u003E\u003C\/ul\u003E\u003C\/div\u003E\n      \n  \n    \u003C\/div\u003E\n\n\n  \u003C\/div\u003E\n\n  \u003Cdiv class=\u0022area-info group-middle\u0022\u003E\n    \n\u003Cdiv  class=\u0022inner\u0022\u003E\n          \n                          \u003Ch2  class=\u0022titulo\u0022 \u003E\n        Participa UABC en la organizaci\u00f3n del Congreso Internacional de Investigaci\u00f3n en Tuberculosis\n\u003C\/h2\u003E\n      \n  \n\n    \n                          \u003Cdiv  class=\u0022resumen\u0022 \u003E\n      Se re\u00fanen en Ensenada expertos nacionales e internacionales para generar conocimiento sobre la Tuberculosis\u003C\/div\u003E\n      \n  \n\n\n\u003Cdiv  class=\u0022datos\u0022\u003E\n            \u003Cdiv  class=\u0022autor\u0022\u003E\n            \u003Cdiv  class=\u0022field-label-inline\u0022\u003EPor\u003C\/div\u003E\n  \n                  \u003Ca href=\u0022\/autores\/paulina-moreno-rangel\u0022 hreflang=\u0022es\u0022\u003EPaulina Moreno Rangel\u003C\/a\u003E\n      \n  \n    \u003C\/div\u003E\n\n      \u003Cdiv  class=\u0022campus\u0022\u003E\n            \u003Cdiv  class=\u0022field-label-inline\u0022\u003ECampus\u003C\/div\u003E\n  \n                  \u003Ca href=\u0022\/campus\/ensenada\u0022 hreflang=\u0022es\u0022\u003EEnsenada\u003C\/a\u003E\n      \n  \n    \u003C\/div\u003E\n\n    \n                          \u003Cdiv  class=\u0022fecha\u0022 \u003E\n      28 de Agosto de 2025\u003C\/div\u003E\n      \n  \n\n\n  \u003C\/div\u003E\n    \n                          \u003Cdiv  class=\u0022texto\u0022 \u003E\n      \u003Cp\u003ECon la participaci\u00f3n de destacados investigadores, autoridades de salud y acad\u00e9micos de M\u00e9xico y el mundo, dio inicio el tercer Congreso Internacional de Investigaci\u00f3n en Tuberculosis y Otras Micobacteriosis (CIITB-M) 2025.\u003C\/p\u003E\n\n\u003Cp\u003EOrganizado por la Red Mexicana de Investigaci\u00f3n en Tuberculosis (ReMexTB), de la que la Universidad Aut\u00f3noma de Baja California (UABC) forma parte a trav\u00e9s de la vicepresidencia a cargo de la doctora Raquel Mu\u00f1iz Salazar, profesora investigadora\u00a0 de la Escuela de Ciencias de la Salud, este evento se desarrollar\u00e1 en las instalaciones del Centro de Investigaci\u00f3n Cient\u00edfica y de Educaci\u00f3n Superior de Ensenada (CICESE) del 27 al 29 de agosto en modalidad h\u00edbrida (presencial y virtual), con el objetivo de fortalecer la colaboraci\u00f3n cient\u00edfica, compartir avances en diagn\u00f3stico, tratamiento y prevenci\u00f3n, y abordar los desaf\u00edos que representan la tuberculosis y otras micobacteriosis.\u003C\/p\u003E\n\n\u003Cp\u003EEl congreso incluye un programa cient\u00edfico de vanguardia, entre conferencias magistrales, simposios, presentaciones de trabajos libres y una galer\u00eda de arte con enfoque en la promoci\u00f3n de la salud. Entre los temas destacados:\u003C\/p\u003E\n\n\u003Cul\u003E\u003Cli\u003EResistencia antimicrobiana y vigilancia epidemiol\u00f3gica.\u003C\/li\u003E\n\t\u003Cli\u003ENuevos tratamientos y diagn\u00f3sticos con inteligencia artificial.\u003C\/li\u003E\n\t\u003Cli\u003ETuberculosis bovina y zoon\u00f3tica.\u003C\/li\u003E\n\t\u003Cli\u003EDeterminantes sociales y su impacto en la salud p\u00fablica.\u003C\/li\u003E\n\t\u003Cli\u003EMicobacterias no tuberculosas: diagn\u00f3stico y tratamiento.\u003C\/li\u003E\n\t\u003Cli\u003EDesarrollo de vacunas y anticuerpos innovadores.\u003C\/li\u003E\n\u003C\/ul\u003E\u003Cp\u003EDestacan tambi\u00e9n las participaciones internacionales como las del doctor Horacio Bach (University of British Columbia), del doctor Jacobus de Waard (Universidad Central de Venezuela) y de la doctora Blanca Restrepo (Universidad de Texas), entre otros.\u003C\/p\u003E\n\n\u003Cp\u003EDurante la ceremonia de inauguraci\u00f3n, autoridades y representantes del sector salud y acad\u00e9mico enfatizaron la importancia de la colaboraci\u00f3n interinstitucional y la investigaci\u00f3n para enfrentar la tuberculosis, enfermedad que sigue siendo un grave problema de salud p\u00fablica en M\u00e9xico y el mundo.\u003C\/p\u003E\n\n\u003Cp\u003ELa doctora Lus Mercedes L\u00f3pez Acu\u00f1a, vicerrectora del campus Ensenada en representaci\u00f3n de la UABC, enfatiz\u00f3 que la ciencia y la colaboraci\u00f3n son las herramientas m\u00e1s poderosas para enfrentar la tuberculosis, un desaf\u00edo de salud global persistente que afecta a millones de personas.\u003C\/p\u003E\n\n\u003Cp\u003EDescribi\u00f3 el evento no solo como un foro acad\u00e9mico, sino como un espacio de esperanza, gracias al intercambio de conocimientos de vanguardia que se generar\u00e1 sobre diagn\u00f3stico, tratamiento y prevenci\u00f3n de esta enfermedad, y cuyo objetivo es fortalecer los sistemas de salud y construir alianzas interinstitucionales que trasciendan fronteras geogr\u00e1ficas y disciplinarias.\u003C\/p\u003E\n\n\u003Cp\u003EPor otro lado, el doctor Jos\u00e9 Adri\u00e1n Medina Amarillas, secretario de Salud de Baja California, agradeci\u00f3 a la Red Mexicana de Investigaci\u00f3n en Tuberculosis por elegir al estado para el congreso, sobre todo cuando es el n\u00famero uno en incidencia de esta enfermedad. Expres\u00f3 tambi\u00e9n que esta situaci\u00f3n motiva al gobierno a trabajar intensamente para revertir esta estad\u00edstica.\u003C\/p\u003E\n\n\u003Cp\u003EAsimismo, se\u00f1al\u00f3 que la enfermedad es un desaf\u00edo con lenta evoluci\u00f3n, alta transmisibilidad y que est\u00e1 intr\u00ednsecamente ligada a la desigualdad y la pobreza. Reconoci\u00f3 que, aunque el trabajo es arduo, eventos como este congreso, que abordan el problema desde perspectivas innovadoras y sociales, son cruciales.\u003C\/p\u003E\n\n\u003Cp\u003EDe la misma manera, el doctor Rogelio Hern\u00e1ndez Pando, presidente de la ReMexTB y el doctor Rafael Ricardo Valdez V\u00e1zquez, director del Centro Nacional de Prevenci\u00f3n y Control de Enfermedades (CENAPRECE), coincidieron en la importancia de celebrar este tipo de encuentros donde interact\u00faan j\u00f3venes con expertos y donde la colaboraci\u00f3n a trav\u00e9s de redes de investigaci\u00f3n es clave para enfrentar un problema que sigue siendo uno de los grandes desaf\u00edos en salud p\u00fablica.\u003C\/p\u003E\n\n\u003Cp\u003EFinalmente, el doctor David Covarrubias Rosales, director general del CICESE, hizo la declaratoria inaugural del evento y dijo estar orgulloso de que la instituci\u00f3n a su cargo sea sede de un congreso que impulsa la investigaci\u00f3n y la formaci\u00f3n de recursos humanos en un tema tan crucial como la tuberculosis.\u003C\/p\u003E\n\n\u003Cp\u003EEl CIITB-M 2025 representa un paso m\u00e1s en la lucha contra la tuberculosis, integrando esfuerzos desde la academia, el sector salud y la comunidad. Para m\u00e1s informaci\u00f3n sobre el programa general del evento se encuentra disponible el sitio web: \u003Ca href=\u0022https:\/\/redinvestigatbmx.org\/\u0022\u003Ehttps:\/\/redinvestigatbmx.org\/\u003C\/a\u003E\u003C\/p\u003E\n\n\u003Cp\u003E\u00a0\u003C\/p\u003E\n\u003Cimg alt=\u0022CIITB \u0022 data-entity-type=\u0022file\u0022 data-entity-uuid=\u0022d3d0bbaa-b8aa-415a-8281-72d80e745975\u0022 src=\u0022\/sites\/default\/files\/inline-images\/DSC_0033_0.JPG\u0022 class=\u0022align-center\u0022 width=\u00226000\u0022 height=\u00224000\u0022 loading=\u0022lazy\u0022 \/\u003E\u003Cp\u003E\u00a0\u003C\/p\u003E\u003C\/div\u003E\n      \n  \n\n    \n            \u003Cdiv  class=\u0022palabras-clave\u0022\u003E\n                        \u003Ca href=\u0022\/tags\/congreso-internacional-de-investigacion-en-tuberculosis\u0022 hreflang=\u0022es\u0022\u003ECongreso Internacional de Investigaci\u00f3n en Tuberculosis \u003C\/a\u003E\n                \u003Ca href=\u0022\/tags\/red-mexicana-de-investigacion-en-tuberculosis\u0022 hreflang=\u0022es\u0022\u003ERed Mexicana de Investigaci\u00f3n en Tuberculosis \u003C\/a\u003E\n                \u003Ca href=\u0022\/tags\/escuela-de-ciencias-de-la-salud\u0022 hreflang=\u0022es\u0022\u003EEscuela de Ciencias de la Salud\u003C\/a\u003E\n      \n      \u003C\/div\u003E\n  \n\n\n  \u003C\/div\u003E\n\n  \u003C\/div\u003E\n\n  \u003Cdiv class=\u0022area-extras group-right\u0022\u003E\n        \n                          \u003Cdiv  class=\u0022enlace-blockBottom\u0022 \u003E\n      \u003Cdiv\u003EVer m\u00e1s \u003Ca href=\u0022http:\/\/gaceta.uabc.mx\/notas\u0022\u003ENotas\u003C\/a\u003E\u003C\/div\u003E\n\u003C\/div\u003E\n      \n  \n\n\n  \u003C\/div\u003E\n\n\u003C\/div\u003E\n\n","settings":null}]