[{"command":"settings","settings":{"pluralDelimiter":"\u0003","suppressDeprecationErrors":true,"ajaxPageState":{"libraries":"core\/drupal.ajax,core\/picturefill,ds\/ds_3col_equal_width","theme":"gaceta","theme_token":null},"ajaxTrustedUrl":[],"field_group":{"html_element":{"mode":"media_expanded","context":"view","settings":{"classes":"datos","show_empty_fields":false,"id":"","element":"div","show_label":false,"label_element":"h3","label_element_classes":"","attributes":"","effect":"none","speed":"fast"}}},"user":{"uid":0,"permissionsHash":"55dc977d165ab1e05e51b6cc6487f6d73e65ab536d99ee82c6990d9001d5c21c"}},"merge":true},{"command":"add_css","data":"\u003Clink rel=\u0022stylesheet\u0022 media=\u0022all\u0022 href=\u0022\/sites\/default\/files\/css\/css_mxJrjoKKAZuuB4_4f-B1u9VnFZxvSor3Az4JEdrFEso.css\u0022 \/\u003E\n\u003Clink rel=\u0022stylesheet\u0022 media=\u0022all\u0022 href=\u0022\/sites\/default\/files\/css\/css_-BXSGQpS8YTwwuXGbPoshUvZ7W-_HbYR3H7d0DA_mEY.css\u0022 \/\u003E\n\u003Clink rel=\u0022stylesheet\u0022 media=\u0022all\u0022 href=\u0022\/sites\/default\/files\/css\/css_89YreTu0npezhXSakRJR9TVHyBS9bTcyt0s3IckAe-M.css\u0022 \/\u003E\n"},{"command":"add_js","selector":"body","data":[{"src":"\/sites\/default\/files\/js\/js_9UaAhXvc9u0KYXXUw-OKyLP2baQxdV4zY3Y_KGurcvY.js"},{"src":"\/sites\/default\/files\/js\/js_oDJxUBLBzfRb_FDgNfkNOm9-tiatS2kNfxQIeVRZA7Y.js"},{"src":"\/sites\/default\/files\/js\/js_YM82KRuzNIr2X-Kb8pQW8cOcSbWgQ_QGKclTYJ_aMlI.js"},{"src":"\/sites\/default\/files\/js\/js_pqqsPPmPmxKgamY6qk_WSawtL05XH_yAY8GkPHVyahI.js"}]},{"command":"insert","method":"replaceWith","selector":".view-mode-full","data":"\u003Cdiv data-history-node-id=\u002223572\u0022 class=\u0022contenido view-mode-media_expanded ds-3col-equal clearfix\u0022\u003E\n\n  \n\n  \u003Cdiv class=\u0022area-medios group-left\u0022\u003E\n        \n                          \u003Cdiv  class=\u0022imagen\u0022 \u003E\n          \u003Cpicture\u003E\n                  \u003Csource srcset=\u0022\/sites\/default\/files\/styles\/max_650x650\/public\/notas\/2025-09-01\/Dise%C3%B1o%20sin%20t%C3%ADtulo%20%2825%29.webp?itok=FmyubAO4 650w, \/sites\/default\/files\/styles\/max_1300x1300\/public\/notas\/2025-09-01\/Dise%C3%B1o%20sin%20t%C3%ADtulo%20%2825%29.webp?itok=-sL-ORhm 1300w, \/sites\/default\/files\/styles\/max_1900x1900\/public\/notas\/2025-09-01\/Dise%C3%B1o%20sin%20t%C3%ADtulo%20%2825%29.webp?itok=0zBDzygy 1420w\u0022 type=\u0022image\/webp\u0022 sizes=\u0022100vw\u0022\/\u003E\n              \u003Csource srcset=\u0022\/sites\/default\/files\/styles\/max_650x650\/public\/notas\/2025-09-01\/Dise%C3%B1o%20sin%20t%C3%ADtulo%20%2825%29.png?itok=FmyubAO4 650w, \/sites\/default\/files\/styles\/max_1300x1300\/public\/notas\/2025-09-01\/Dise%C3%B1o%20sin%20t%C3%ADtulo%20%2825%29.png?itok=-sL-ORhm 1300w, \/sites\/default\/files\/styles\/max_1900x1900\/public\/notas\/2025-09-01\/Dise%C3%B1o%20sin%20t%C3%ADtulo%20%2825%29.png?itok=0zBDzygy 1420w\u0022 type=\u0022image\/png\u0022 sizes=\u0022100vw\u0022\/\u003E\n                  \u003Cimg srcset=\u0022\/sites\/default\/files\/styles\/max_650x650\/public\/notas\/2025-09-01\/Dise%C3%B1o%20sin%20t%C3%ADtulo%20%2825%29.png?itok=FmyubAO4 650w, \/sites\/default\/files\/styles\/max_1300x1300\/public\/notas\/2025-09-01\/Dise%C3%B1o%20sin%20t%C3%ADtulo%20%2825%29.png?itok=-sL-ORhm 1300w, \/sites\/default\/files\/styles\/max_1900x1900\/public\/notas\/2025-09-01\/Dise%C3%B1o%20sin%20t%C3%ADtulo%20%2825%29.png?itok=0zBDzygy 1420w\u0022 sizes=\u0022100vw\u0022 src=\u0022\/sites\/default\/files\/styles\/max_1300x1300\/public\/notas\/2025-09-01\/Dise%C3%B1o%20sin%20t%C3%ADtulo%20%2825%29.png?itok=-sL-ORhm\u0022 alt=\u0022Experiencias de estudiantes de intercambio acad\u00e9mico de la UABC\u0022 typeof=\u0022foaf:Image\u0022 class=\u0022img-fluid\u0022 \/\u003E\n\n  \u003C\/picture\u003E\n\n\u003C\/div\u003E\n      \n  \n\n      \u003Cdiv  class=\u0022boton-expander\u0022\u003E\n        \n                  \u003Cdiv class=\u0022item-list\u0022\u003E\u003Cul\u003E\u003Cli\u003E\u003Ca href=\u0022\/ds-switch-view-mode\/node\/23572\/media_collapsed?selector=view-mode-media_expanded\u0022 class=\u0022use-ajax\u0022\u003E\u2191\u003C\/a\u003E\u003C\/li\u003E\u003C\/ul\u003E\u003C\/div\u003E\n      \n  \n    \u003C\/div\u003E\n\n\n  \u003C\/div\u003E\n\n  \u003Cdiv class=\u0022area-info group-middle\u0022\u003E\n    \n\u003Cdiv  class=\u0022inner\u0022\u003E\n          \n                          \u003Ch2  class=\u0022titulo\u0022 \u003E\n        Experiencias de estudiantes de intercambio acad\u00e9mico de la UABC\n\u003C\/h2\u003E\n      \n  \n\n    \n                          \u003Cdiv  class=\u0022resumen\u0022 \u003E\n      Abordan la importancia de la movilidad nacional e internacional, los aprendizajes personales y profesionales, la multiculturalidad, la gesti\u00f3n de becas y los apoyos institucionales\u003C\/div\u003E\n      \n  \n\n\n\u003Cdiv  class=\u0022datos\u0022\u003E\n            \u003Cdiv  class=\u0022autor\u0022\u003E\n            \u003Cdiv  class=\u0022field-label-inline\u0022\u003EPor\u003C\/div\u003E\n  \n                  \u003Ca href=\u0022\/autores\/manuel-cruz\u0022 hreflang=\u0022es\u0022\u003EManuel Cruz\u003C\/a\u003E\n      \n  \n    \u003C\/div\u003E\n\n      \u003Cdiv  class=\u0022campus\u0022\u003E\n            \u003Cdiv  class=\u0022field-label-inline\u0022\u003ECampus\u003C\/div\u003E\n  \n                  \u003Ca href=\u0022\/campus\/tijuana\u0022 hreflang=\u0022es\u0022\u003ETijuana\u003C\/a\u003E\n      \n  \n    \u003C\/div\u003E\n\n    \n                          \u003Cdiv  class=\u0022fecha\u0022 \u003E\n      1 de Septiembre de 2025\u003C\/div\u003E\n      \n  \n\n\n  \u003C\/div\u003E\n    \n                          \u003Cdiv  class=\u0022texto\u0022 \u003E\n      \u003Cp\u003EEl pasado 28 de agosto, la Universidad Aut\u00f3noma de Baja California (UABC) campus Tijuana fue sede de un conversatorio sobre experiencias de intercambio estudiantil nacional e internacional, con la participaci\u00f3n de alumnado de diferentes facultades que realizaron estancias en universidades dentro del pa\u00eds y del estranjero. El objetivo fue motivar a estudiantes a aprovechar estas oportunidades dentro y fuera del pa\u00eds, mostrando sus beneficios y aprendizajes.\u003C\/p\u003E\n\n\u003Cp\u003EEl evento fue organizado por la Coordinaci\u00f3n General de Vinculaci\u00f3n y Cooperaci\u00f3n Acad\u00e9mica. Estuvieron presentes la licenciada Aracely Sosa, jefa del Departamento Cooperaci\u00f3n Acad\u00e9mica; el maestro Guillermo Navarro V\u00e1zquez, jefe del Departamento de Apoyo a la Extensi\u00f3n de la Cultura y la Vinculaci\u00f3n; y la licenciada Gloria Soto Mayor, responsable de Intercambio; as\u00ed como representantes de Fundaci\u00f3n UABC. Se presentaron los testimonios de Sergio Alexander V\u00e1zquez Cruz (nacional), Yekaterina Szoke Filatoff (Chile) y Elian M\u00e1rques Carrillo (Portugal).\u003C\/p\u003E\n\n\u003Cp\u003ESergio V\u00e1zquez, de la Facultad de Contadur\u00eda y Administraci\u00f3n, comparti\u00f3 su experiencia en la Universidad de Aguascalientes, donde destac\u00f3 el networking, la adaptabilidad y las relaciones interpersonales. Yekaterina Szoke, estudiante de la Facultad de Econom\u00eda y Relaciones Internacionales, habl\u00f3 sobre su estancia en Chile, resaltando la independencia, la multiculturalidad y la importancia de la psicolog\u00eda social. Por su parte, Elian M\u00e1rquez, de la Facultad de Ciencias Qu\u00edmicas e Ingenier\u00eda, narr\u00f3 su intercambio en Portugal, donde resalt\u00f3 los convenios de la UABC y experiencias culturales como la bicicleta y los viajes por Braga y Lisboa.\u003C\/p\u003E\n\n\u003Cp\u003EAsimismo, el licenciado Luis Antonio, representante de la Fundaci\u00f3n UABC, explic\u00f3 los aspectos pr\u00e1cticos de los intercambios y subray\u00f3 que los costos se cubren con un compromiso de retorno tras egresar. Invit\u00f3 a planificar con anticipaci\u00f3n para aprovechar esta oportunidad.\u003C\/p\u003E\n\n\u003Cp\u003EEl conversatorio concluy\u00f3 con un espacio de di\u00e1logo en el que se reafirm\u00f3 que los intercambios acad\u00e9micos constituyen una oportunidad para crecer profesionalmente y, al mismo tiempo, desarrollar competencias personales y culturales que trascienden la vida universitaria.\u003C\/p\u003E\n\n\u003Cp\u003E\u00a0\u003C\/p\u003E\u003C\/div\u003E\n      \n  \n\n    \n            \u003Cdiv  class=\u0022palabras-clave\u0022\u003E\n                        \u003Ca href=\u0022\/tags\/intercambio-estudiantil\u0022 hreflang=\u0022es\u0022\u003EIntercambio estudiantil\u003C\/a\u003E\n                \u003Ca href=\u0022\/tags\/2025-2\u0022 hreflang=\u0022es\u0022\u003E2025-2\u003C\/a\u003E\n                \u003Ca href=\u0022\/tags\/movilidad-estudiantil-y-academica\u0022 hreflang=\u0022es\u0022\u003Emovilidad estudiantil y acad\u00e9mica\u003C\/a\u003E\n      \n      \u003C\/div\u003E\n  \n\n\n  \u003C\/div\u003E\n\n  \u003C\/div\u003E\n\n  \u003Cdiv class=\u0022area-extras group-right\u0022\u003E\n        \n                          \u003Cdiv  class=\u0022enlace-blockBottom\u0022 \u003E\n      \u003Cdiv\u003EVer m\u00e1s \u003Ca href=\u0022http:\/\/gaceta.uabc.mx\/notas\u0022\u003ENotas\u003C\/a\u003E\u003C\/div\u003E\n\u003C\/div\u003E\n      \n  \n\n\n  \u003C\/div\u003E\n\n\u003C\/div\u003E\n\n","settings":null}]