[{"command":"settings","settings":{"pluralDelimiter":"\u0003","suppressDeprecationErrors":true,"ajaxPageState":{"libraries":"core\/drupal.ajax,core\/picturefill,ds\/ds_3col_equal_width","theme":"gaceta","theme_token":null},"ajaxTrustedUrl":[],"field_group":{"html_element":{"mode":"media_expanded","context":"view","settings":{"classes":"datos","show_empty_fields":false,"id":"","element":"div","show_label":false,"label_element":"h3","label_element_classes":"","attributes":"","effect":"none","speed":"fast"}}},"user":{"uid":0,"permissionsHash":"55dc977d165ab1e05e51b6cc6487f6d73e65ab536d99ee82c6990d9001d5c21c"}},"merge":true},{"command":"add_css","data":"\u003Clink rel=\u0022stylesheet\u0022 media=\u0022all\u0022 href=\u0022\/sites\/default\/files\/css\/css_mxJrjoKKAZuuB4_4f-B1u9VnFZxvSor3Az4JEdrFEso.css\u0022 \/\u003E\n\u003Clink rel=\u0022stylesheet\u0022 media=\u0022all\u0022 href=\u0022\/sites\/default\/files\/css\/css_-BXSGQpS8YTwwuXGbPoshUvZ7W-_HbYR3H7d0DA_mEY.css\u0022 \/\u003E\n\u003Clink rel=\u0022stylesheet\u0022 media=\u0022all\u0022 href=\u0022\/sites\/default\/files\/css\/css_89YreTu0npezhXSakRJR9TVHyBS9bTcyt0s3IckAe-M.css\u0022 \/\u003E\n"},{"command":"add_js","selector":"body","data":[{"src":"\/sites\/default\/files\/js\/js_9UaAhXvc9u0KYXXUw-OKyLP2baQxdV4zY3Y_KGurcvY.js"},{"src":"\/sites\/default\/files\/js\/js_oDJxUBLBzfRb_FDgNfkNOm9-tiatS2kNfxQIeVRZA7Y.js"},{"src":"\/sites\/default\/files\/js\/js_YM82KRuzNIr2X-Kb8pQW8cOcSbWgQ_QGKclTYJ_aMlI.js"},{"src":"\/sites\/default\/files\/js\/js_pqqsPPmPmxKgamY6qk_WSawtL05XH_yAY8GkPHVyahI.js"}]},{"command":"insert","method":"replaceWith","selector":".view-mode-full","data":"\u003Cdiv data-history-node-id=\u002223573\u0022 class=\u0022contenido view-mode-media_expanded ds-3col-equal clearfix\u0022\u003E\n\n  \n\n  \u003Cdiv class=\u0022area-medios group-left\u0022\u003E\n        \n                          \u003Cdiv  class=\u0022imagen\u0022 \u003E\n          \u003Cpicture\u003E\n                  \u003Csource srcset=\u0022\/sites\/default\/files\/styles\/max_650x650\/public\/notas\/2025-09-01\/Dise%C3%B1o%20sin%20t%C3%ADtulo%20%2826%29.webp?itok=EKqkcBuB 650w, \/sites\/default\/files\/styles\/max_1300x1300\/public\/notas\/2025-09-01\/Dise%C3%B1o%20sin%20t%C3%ADtulo%20%2826%29.webp?itok=dlCRaS3o 1300w, \/sites\/default\/files\/styles\/max_1900x1900\/public\/notas\/2025-09-01\/Dise%C3%B1o%20sin%20t%C3%ADtulo%20%2826%29.webp?itok=5ydaZBUX 1420w\u0022 type=\u0022image\/webp\u0022 sizes=\u0022100vw\u0022\/\u003E\n              \u003Csource srcset=\u0022\/sites\/default\/files\/styles\/max_650x650\/public\/notas\/2025-09-01\/Dise%C3%B1o%20sin%20t%C3%ADtulo%20%2826%29.png?itok=EKqkcBuB 650w, \/sites\/default\/files\/styles\/max_1300x1300\/public\/notas\/2025-09-01\/Dise%C3%B1o%20sin%20t%C3%ADtulo%20%2826%29.png?itok=dlCRaS3o 1300w, \/sites\/default\/files\/styles\/max_1900x1900\/public\/notas\/2025-09-01\/Dise%C3%B1o%20sin%20t%C3%ADtulo%20%2826%29.png?itok=5ydaZBUX 1420w\u0022 type=\u0022image\/png\u0022 sizes=\u0022100vw\u0022\/\u003E\n                  \u003Cimg srcset=\u0022\/sites\/default\/files\/styles\/max_650x650\/public\/notas\/2025-09-01\/Dise%C3%B1o%20sin%20t%C3%ADtulo%20%2826%29.png?itok=EKqkcBuB 650w, \/sites\/default\/files\/styles\/max_1300x1300\/public\/notas\/2025-09-01\/Dise%C3%B1o%20sin%20t%C3%ADtulo%20%2826%29.png?itok=dlCRaS3o 1300w, \/sites\/default\/files\/styles\/max_1900x1900\/public\/notas\/2025-09-01\/Dise%C3%B1o%20sin%20t%C3%ADtulo%20%2826%29.png?itok=5ydaZBUX 1420w\u0022 sizes=\u0022100vw\u0022 src=\u0022\/sites\/default\/files\/styles\/max_1300x1300\/public\/notas\/2025-09-01\/Dise%C3%B1o%20sin%20t%C3%ADtulo%20%2826%29.png?itok=dlCRaS3o\u0022 alt=\u0022UABC inaugura curso internacional homologado en materia de g\u00e9nero\u0022 typeof=\u0022foaf:Image\u0022 class=\u0022img-fluid\u0022 \/\u003E\n\n  \u003C\/picture\u003E\n\n\u003C\/div\u003E\n      \n  \n\n      \u003Cdiv  class=\u0022boton-expander\u0022\u003E\n        \n                  \u003Cdiv class=\u0022item-list\u0022\u003E\u003Cul\u003E\u003Cli\u003E\u003Ca href=\u0022\/ds-switch-view-mode\/node\/23573\/media_collapsed?selector=view-mode-media_expanded\u0022 class=\u0022use-ajax\u0022\u003E\u2191\u003C\/a\u003E\u003C\/li\u003E\u003C\/ul\u003E\u003C\/div\u003E\n      \n  \n    \u003C\/div\u003E\n\n\n  \u003C\/div\u003E\n\n  \u003Cdiv class=\u0022area-info group-middle\u0022\u003E\n    \n\u003Cdiv  class=\u0022inner\u0022\u003E\n          \n                          \u003Ch2  class=\u0022titulo\u0022 \u003E\n        Inauguran curso internacional homologado en materia de g\u00e9nero\n\u003C\/h2\u003E\n      \n  \n\n    \n                          \u003Cdiv  class=\u0022resumen\u0022 \u003E\n      La FCIAS de la UABC inaugur\u00f3 el primer Programa de Unidad de Aprendizaje Homologado Internacional, en colaboraci\u00f3n con universidades de M\u00e9xico y Colombia\u003C\/div\u003E\n      \n  \n\n\n\u003Cdiv  class=\u0022datos\u0022\u003E\n            \u003Cdiv  class=\u0022autor\u0022\u003E\n            \u003Cdiv  class=\u0022field-label-inline\u0022\u003EPor\u003C\/div\u003E\n  \n                  \u003Ca href=\u0022\/autores\/samanta-morgan\u0022 hreflang=\u0022es\u0022\u003ESamanta Morgan\u003C\/a\u003E\n      \n  \n    \u003C\/div\u003E\n\n      \u003Cdiv  class=\u0022campus\u0022\u003E\n            \u003Cdiv  class=\u0022field-label-inline\u0022\u003ECampus\u003C\/div\u003E\n  \n                  \u003Ca href=\u0022\/campus\/tijuana\u0022 hreflang=\u0022es\u0022\u003ETijuana\u003C\/a\u003E\n      \n  \n    \u003C\/div\u003E\n\n    \n                          \u003Cdiv  class=\u0022fecha\u0022 \u003E\n      1 de Septiembre de 2025\u003C\/div\u003E\n      \n  \n\n\n  \u003C\/div\u003E\n    \n                          \u003Cdiv  class=\u0022texto\u0022 \u003E\n      \u003Cp\u003ELa Facultad de Ciencias de la Ingenier\u00eda, Administrativas y Sociales (FCIAS) de la Universidad Aut\u00f3noma de Baja California (UABC) inaugur\u00f3 el curso Prevenci\u00f3n y detecci\u00f3n de violencias basadas en g\u00e9nero, como parte del primer Programa de Unidad de Aprendizaje Homologado Internacional, desarrollado junto con la Universidad Aut\u00f3noma de San Luis Potos\u00ed (UASLP) y la Universidad Central del Valle de Cauca (UCEVA), Colombia.\u003C\/p\u003E\n\n\u003Cp\u003EEste programa constituye un precedente hist\u00f3rico para la UABC, al tratarse de la primera experiencia de homologaci\u00f3n internacional en torno a una asignatura con perspectiva de g\u00e9nero, fortaleciendo la cooperaci\u00f3n acad\u00e9mica y la internacionalizaci\u00f3n de los planes de estudio.\u003C\/p\u003E\n\n\u003Cp\u003EEl presidium estuvo integrado por el doctor Mauricio Iv\u00e1n Vargas Mendoza, director de la FCIAS; el doctor Rigoberto Mart\u00ednez Clark, subdirector; el doctor Filiberto Eduardo Manrique Molina, coordinador de la licenciatura en Derecho; y las profesoras-investigadoras Cesia Trinidad Ramales y Karen Estefan\u00eda S\u00e1nchez Gonz\u00e1lez, quienes adem\u00e1s participaron en la creaci\u00f3n y desarrollo del programa.\u003C\/p\u003E\n\n\u003Cp\u003EDurante la ceremonia, el doctor Vargas Mendoza subray\u00f3 que este esfuerzo \u201ces una gran oportunidad para que nuestros estudiantes conozcan otras perspectivas y compartan experiencias con alumnado de otras universidades\u201d.\u003C\/p\u003E\n\n\u003Cp\u003ELa doctora Cesia Trinidad Ramales se\u00f1al\u00f3 que el curso \u201crepresenta un espacio de encuentro con el conocimiento, dise\u00f1ado para motivar y acompa\u00f1ar al estudiantado en la prevenci\u00f3n y detecci\u00f3n de las violencias de g\u00e9nero\u201d.\u003C\/p\u003E\n\n\u003Cp\u003EPor su parte, la doctora Karen Estefan\u00eda S\u00e1nchez Gonz\u00e1lez enfatiz\u00f3 que la materia \u201cinvita a reconocer nuestros comportamientos y a fortalecer las redes de autocuidado y apoyo\u201d.\u003C\/p\u003E\n\n\u003Cp\u003EEl curso ser\u00e1 impartido de manera simult\u00e1nea en las tres universidades participantes por cinco profesoras-investigadoras, consolidando un espacio inclusivo, integral y con alcance internacional.\u003C\/p\u003E\n\n\u003Cp\u003ECon estas acciones, la UABC reafirma su compromiso con la formaci\u00f3n de profesionistas sensibles, responsables y capaces de contribuir a la construcci\u00f3n de una sociedad m\u00e1s justa e igualitaria.\u003C\/p\u003E\n\n\u003Cp\u003E\u00a0\u003C\/p\u003E\u003C\/div\u003E\n      \n  \n\n    \n            \u003Cdiv  class=\u0022palabras-clave\u0022\u003E\n                        \u003Ca href=\u0022\/tags\/perspectiva-de-genero\u0022 hreflang=\u0022es\u0022\u003EPerspectiva de g\u00e9nero\u003C\/a\u003E\n                \u003Ca href=\u0022\/tags\/fcias\u0022 hreflang=\u0022es\u0022\u003EFCIAS\u003C\/a\u003E\n                \u003Ca href=\u0022\/tags\/internalizacion\u0022 hreflang=\u0022es\u0022\u003EInternalizaci\u00f3n\u003C\/a\u003E\n      \n      \u003C\/div\u003E\n  \n\n\n  \u003C\/div\u003E\n\n  \u003C\/div\u003E\n\n  \u003Cdiv class=\u0022area-extras group-right\u0022\u003E\n        \n                          \u003Cdiv  class=\u0022enlace-blockBottom\u0022 \u003E\n      \u003Cdiv\u003EVer m\u00e1s \u003Ca href=\u0022http:\/\/gaceta.uabc.mx\/notas\u0022\u003ENotas\u003C\/a\u003E\u003C\/div\u003E\n\u003C\/div\u003E\n      \n  \n\n\n  \u003C\/div\u003E\n\n\u003C\/div\u003E\n\n","settings":null}]