[{"command":"settings","settings":{"pluralDelimiter":"\u0003","suppressDeprecationErrors":true,"ajaxPageState":{"libraries":"core\/drupal.ajax,core\/picturefill,ds\/ds_3col_equal_width","theme":"gaceta","theme_token":null},"ajaxTrustedUrl":[],"field_group":{"html_element":{"mode":"media_expanded","context":"view","settings":{"classes":"datos","show_empty_fields":false,"id":"","element":"div","show_label":false,"label_element":"h3","label_element_classes":"","attributes":"","effect":"none","speed":"fast"}}},"user":{"uid":0,"permissionsHash":"55dc977d165ab1e05e51b6cc6487f6d73e65ab536d99ee82c6990d9001d5c21c"}},"merge":true},{"command":"add_css","data":"\u003Clink rel=\u0022stylesheet\u0022 media=\u0022all\u0022 href=\u0022\/sites\/default\/files\/css\/css_mxJrjoKKAZuuB4_4f-B1u9VnFZxvSor3Az4JEdrFEso.css\u0022 \/\u003E\n\u003Clink rel=\u0022stylesheet\u0022 media=\u0022all\u0022 href=\u0022\/sites\/default\/files\/css\/css_-BXSGQpS8YTwwuXGbPoshUvZ7W-_HbYR3H7d0DA_mEY.css\u0022 \/\u003E\n\u003Clink rel=\u0022stylesheet\u0022 media=\u0022all\u0022 href=\u0022\/sites\/default\/files\/css\/css_89YreTu0npezhXSakRJR9TVHyBS9bTcyt0s3IckAe-M.css\u0022 \/\u003E\n"},{"command":"add_js","selector":"body","data":[{"src":"\/sites\/default\/files\/js\/js_9UaAhXvc9u0KYXXUw-OKyLP2baQxdV4zY3Y_KGurcvY.js"},{"src":"\/sites\/default\/files\/js\/js_oDJxUBLBzfRb_FDgNfkNOm9-tiatS2kNfxQIeVRZA7Y.js"},{"src":"\/sites\/default\/files\/js\/js_YM82KRuzNIr2X-Kb8pQW8cOcSbWgQ_QGKclTYJ_aMlI.js"},{"src":"\/sites\/default\/files\/js\/js_pqqsPPmPmxKgamY6qk_WSawtL05XH_yAY8GkPHVyahI.js"}]},{"command":"insert","method":"replaceWith","selector":".view-mode-full","data":"\u003Cdiv data-history-node-id=\u002223580\u0022 class=\u0022contenido view-mode-media_expanded ds-3col-equal clearfix\u0022\u003E\n\n  \n\n  \u003Cdiv class=\u0022area-medios group-left\u0022\u003E\n        \n                          \u003Cdiv  class=\u0022imagen\u0022 \u003E\n          \u003Cpicture\u003E\n                  \u003Csource srcset=\u0022\/sites\/default\/files\/styles\/max_650x650\/public\/notas\/2025-09-02\/T%C3%ADtulo%20%281%29.webp?itok=ZwHZr8Ep 650w, \/sites\/default\/files\/styles\/max_1300x1300\/public\/notas\/2025-09-02\/T%C3%ADtulo%20%281%29.webp?itok=Tnal5RR6 1300w, \/sites\/default\/files\/styles\/max_1900x1900\/public\/notas\/2025-09-02\/T%C3%ADtulo%20%281%29.webp?itok=SCSfJWmR 1420w\u0022 type=\u0022image\/webp\u0022 sizes=\u0022100vw\u0022\/\u003E\n              \u003Csource srcset=\u0022\/sites\/default\/files\/styles\/max_650x650\/public\/notas\/2025-09-02\/T%C3%ADtulo%20%281%29.png?itok=ZwHZr8Ep 650w, \/sites\/default\/files\/styles\/max_1300x1300\/public\/notas\/2025-09-02\/T%C3%ADtulo%20%281%29.png?itok=Tnal5RR6 1300w, \/sites\/default\/files\/styles\/max_1900x1900\/public\/notas\/2025-09-02\/T%C3%ADtulo%20%281%29.png?itok=SCSfJWmR 1420w\u0022 type=\u0022image\/png\u0022 sizes=\u0022100vw\u0022\/\u003E\n                  \u003Cimg srcset=\u0022\/sites\/default\/files\/styles\/max_650x650\/public\/notas\/2025-09-02\/T%C3%ADtulo%20%281%29.png?itok=ZwHZr8Ep 650w, \/sites\/default\/files\/styles\/max_1300x1300\/public\/notas\/2025-09-02\/T%C3%ADtulo%20%281%29.png?itok=Tnal5RR6 1300w, \/sites\/default\/files\/styles\/max_1900x1900\/public\/notas\/2025-09-02\/T%C3%ADtulo%20%281%29.png?itok=SCSfJWmR 1420w\u0022 sizes=\u0022100vw\u0022 src=\u0022\/sites\/default\/files\/styles\/max_1300x1300\/public\/notas\/2025-09-02\/T%C3%ADtulo%20%281%29.png?itok=Tnal5RR6\u0022 alt=\u0022Facultad de Contadur\u00eda y Administraci\u00f3n llev\u00f3 a cabo la semana de la Administraci\u00f3n \u0022 typeof=\u0022foaf:Image\u0022 class=\u0022img-fluid\u0022 \/\u003E\n\n  \u003C\/picture\u003E\n\n\u003C\/div\u003E\n      \n  \n\n      \u003Cdiv  class=\u0022boton-expander\u0022\u003E\n        \n                  \u003Cdiv class=\u0022item-list\u0022\u003E\u003Cul\u003E\u003Cli\u003E\u003Ca href=\u0022\/ds-switch-view-mode\/node\/23580\/media_collapsed?selector=view-mode-media_expanded\u0022 class=\u0022use-ajax\u0022\u003E\u2191\u003C\/a\u003E\u003C\/li\u003E\u003C\/ul\u003E\u003C\/div\u003E\n      \n  \n    \u003C\/div\u003E\n\n\n  \u003C\/div\u003E\n\n  \u003Cdiv class=\u0022area-info group-middle\u0022\u003E\n    \n\u003Cdiv  class=\u0022inner\u0022\u003E\n          \n                          \u003Ch2  class=\u0022titulo\u0022 \u003E\n        Celebraron la semana de la Administraci\u00f3n en la FCA\n\u003C\/h2\u003E\n      \n  \n\n    \n                          \u003Cdiv  class=\u0022resumen\u0022 \u003E\n      Conferencias sobre marketing y liderazgo marcan inicio del festejo por su 64 aniversario\u003C\/div\u003E\n      \n  \n\n\n\u003Cdiv  class=\u0022datos\u0022\u003E\n            \u003Cdiv  class=\u0022autor\u0022\u003E\n            \u003Cdiv  class=\u0022field-label-inline\u0022\u003EPor\u003C\/div\u003E\n  \n                  \u003Ca href=\u0022\/autores\/manuel-cruz\u0022 hreflang=\u0022es\u0022\u003EManuel Cruz\u003C\/a\u003E\n      \n  \n    \u003C\/div\u003E\n\n      \u003Cdiv  class=\u0022campus\u0022\u003E\n            \u003Cdiv  class=\u0022field-label-inline\u0022\u003ECampus\u003C\/div\u003E\n  \n                  \u003Ca href=\u0022\/campus\/tijuana\u0022 hreflang=\u0022es\u0022\u003ETijuana\u003C\/a\u003E\n      \n  \n    \u003C\/div\u003E\n\n    \n                          \u003Cdiv  class=\u0022fecha\u0022 \u003E\n      2 de Septiembre de 2025\u003C\/div\u003E\n      \n  \n\n\n  \u003C\/div\u003E\n    \n                          \u003Cdiv  class=\u0022texto\u0022 \u003E\n      \u003Cp\u003ELa Facultad de Contadur\u00eda y Administraci\u00f3n (FCA) llev\u00f3 a cabo la Semana de la Administraci\u00f3n, organizada por la licenciatura en Administraci\u00f3n de Empresas. Durante la inauguraci\u00f3n estuvo presente la doctora Margarita Ram\u00edrez Ram\u00edrez, directora de la facultad, quien dio la bienvenida al p\u00fablico presente y resalt\u00f3 que las actividades fueron dise\u00f1adas para todo el alumnado, con el objetivo de seguirles preparando para los retos de la actualidad.\u003C\/p\u003E\n\n\u003Cp\u003ELa primera conferencia estuvo a cargo de la maestra Areli Rodr\u00edguez Ram\u00edrez, titulada \u201cEventos y patrocinios: Estrategias de marketing que mueven empresas\u201d, donde comparti\u00f3 su experiencia en marketing y organizaci\u00f3n de eventos. Abord\u00f3 las estrategias como los patrocinios dentro de los medios tradicionales y digitales, como herramienta para posicionar una marca en el mercado.\u003C\/p\u003E\n\n\u003Cp\u003EDentro de la jornada, se present\u00f3 tambi\u00e9n la conferencia \u201cLa negociaci\u00f3n en la industria gastron\u00f3mica: Liderazgo, toma de decisiones y manejo de conflictos\u201d, a cargo del chef Ernesto Zamora, quien comparti\u00f3 con las y los estudiantes el camino que lo llev\u00f3 a la conformaci\u00f3n de sus proyectos m\u00e1s importantes \u201cAmora\u201d, \u201cMaximiliano.Bistr\u00f3\u201d y \u201cHortensia\u201d, referentes en la industria gastron\u00f3mica. Tambi\u00e9n habl\u00f3 de la importancia de trabajar arduamente por los proyectos que se desean realizar. Resalt\u00f3 la relevancia de conformar un buen equipo de trabajo, de calidad y que sea el reflejo de los valores de las empresas que representan. Al final de la charla, las y los estudiantes participaron activamente con preguntas al chef Zamora.\u003C\/p\u003E\n\n\u003Cp\u003ELa semana contempl\u00f3 diversas conferencias en las que se abordaron temas como mercadotecnia; administraci\u00f3n b\u00e1sica, organizacional y de operaciones; y emprendedurismo.\u00a0\u003C\/p\u003E\u003C\/div\u003E\n      \n  \n\n    \n            \u003Cdiv  class=\u0022palabras-clave\u0022\u003E\n                        \u003Ca href=\u0022\/tags\/liderazgo\u0022 hreflang=\u0022es\u0022\u003ELiderazgo\u003C\/a\u003E\n                \u003Ca href=\u0022\/tags\/aniversario\u0022 hreflang=\u0022es\u0022\u003EAniversario\u003C\/a\u003E\n                \u003Ca href=\u0022\/tags\/conferencia\u0022 hreflang=\u0022es\u0022\u003EConferencia\u003C\/a\u003E\n      \n      \u003C\/div\u003E\n  \n\n\n  \u003C\/div\u003E\n\n  \u003C\/div\u003E\n\n  \u003Cdiv class=\u0022area-extras group-right\u0022\u003E\n        \n                          \u003Cdiv  class=\u0022enlace-blockBottom\u0022 \u003E\n      \u003Cdiv\u003EVer m\u00e1s \u003Ca href=\u0022http:\/\/gaceta.uabc.mx\/notas\u0022\u003ENotas\u003C\/a\u003E\u003C\/div\u003E\n\u003C\/div\u003E\n      \n  \n\n\n  \u003C\/div\u003E\n\n\u003C\/div\u003E\n\n","settings":null}]