[{"command":"settings","settings":{"pluralDelimiter":"\u0003","suppressDeprecationErrors":true,"ajaxPageState":{"libraries":"core\/drupal.ajax,core\/picturefill,ds\/ds_3col_equal_width","theme":"gaceta","theme_token":null},"ajaxTrustedUrl":[],"field_group":{"html_element":{"mode":"media_expanded","context":"view","settings":{"classes":"datos","show_empty_fields":false,"id":"","element":"div","show_label":false,"label_element":"h3","label_element_classes":"","attributes":"","effect":"none","speed":"fast"}}},"user":{"uid":0,"permissionsHash":"55dc977d165ab1e05e51b6cc6487f6d73e65ab536d99ee82c6990d9001d5c21c"}},"merge":true},{"command":"add_css","data":"\u003Clink rel=\u0022stylesheet\u0022 media=\u0022all\u0022 href=\u0022\/sites\/default\/files\/css\/css_mxJrjoKKAZuuB4_4f-B1u9VnFZxvSor3Az4JEdrFEso.css\u0022 \/\u003E\n\u003Clink rel=\u0022stylesheet\u0022 media=\u0022all\u0022 href=\u0022\/sites\/default\/files\/css\/css_-BXSGQpS8YTwwuXGbPoshUvZ7W-_HbYR3H7d0DA_mEY.css\u0022 \/\u003E\n\u003Clink rel=\u0022stylesheet\u0022 media=\u0022all\u0022 href=\u0022\/sites\/default\/files\/css\/css_89YreTu0npezhXSakRJR9TVHyBS9bTcyt0s3IckAe-M.css\u0022 \/\u003E\n"},{"command":"add_js","selector":"body","data":[{"src":"\/sites\/default\/files\/js\/js_9UaAhXvc9u0KYXXUw-OKyLP2baQxdV4zY3Y_KGurcvY.js"},{"src":"\/sites\/default\/files\/js\/js_oDJxUBLBzfRb_FDgNfkNOm9-tiatS2kNfxQIeVRZA7Y.js"},{"src":"\/sites\/default\/files\/js\/js_YM82KRuzNIr2X-Kb8pQW8cOcSbWgQ_QGKclTYJ_aMlI.js"},{"src":"\/sites\/default\/files\/js\/js_pqqsPPmPmxKgamY6qk_WSawtL05XH_yAY8GkPHVyahI.js"}]},{"command":"insert","method":"replaceWith","selector":".view-mode-full","data":"\u003Cdiv data-history-node-id=\u002223581\u0022 class=\u0022contenido view-mode-media_expanded ds-3col-equal clearfix\u0022\u003E\n\n  \n\n  \u003Cdiv class=\u0022area-medios group-left\u0022\u003E\n        \n                          \u003Cdiv  class=\u0022imagen\u0022 \u003E\n          \u003Cpicture\u003E\n                  \u003Csource srcset=\u0022\/sites\/default\/files\/styles\/max_650x650\/public\/notas\/2025-09-02\/Dise%C3%B1o%20sin%20t%C3%ADtulo%20%2827%29.webp?itok=FEyAd1r_ 650w, \/sites\/default\/files\/styles\/max_1300x1300\/public\/notas\/2025-09-02\/Dise%C3%B1o%20sin%20t%C3%ADtulo%20%2827%29.webp?itok=EOBOA8J5 1300w, \/sites\/default\/files\/styles\/max_1900x1900\/public\/notas\/2025-09-02\/Dise%C3%B1o%20sin%20t%C3%ADtulo%20%2827%29.webp?itok=kgl82kSA 1420w\u0022 type=\u0022image\/webp\u0022 sizes=\u0022100vw\u0022\/\u003E\n              \u003Csource srcset=\u0022\/sites\/default\/files\/styles\/max_650x650\/public\/notas\/2025-09-02\/Dise%C3%B1o%20sin%20t%C3%ADtulo%20%2827%29.png?itok=FEyAd1r_ 650w, \/sites\/default\/files\/styles\/max_1300x1300\/public\/notas\/2025-09-02\/Dise%C3%B1o%20sin%20t%C3%ADtulo%20%2827%29.png?itok=EOBOA8J5 1300w, \/sites\/default\/files\/styles\/max_1900x1900\/public\/notas\/2025-09-02\/Dise%C3%B1o%20sin%20t%C3%ADtulo%20%2827%29.png?itok=kgl82kSA 1420w\u0022 type=\u0022image\/png\u0022 sizes=\u0022100vw\u0022\/\u003E\n                  \u003Cimg srcset=\u0022\/sites\/default\/files\/styles\/max_650x650\/public\/notas\/2025-09-02\/Dise%C3%B1o%20sin%20t%C3%ADtulo%20%2827%29.png?itok=FEyAd1r_ 650w, \/sites\/default\/files\/styles\/max_1300x1300\/public\/notas\/2025-09-02\/Dise%C3%B1o%20sin%20t%C3%ADtulo%20%2827%29.png?itok=EOBOA8J5 1300w, \/sites\/default\/files\/styles\/max_1900x1900\/public\/notas\/2025-09-02\/Dise%C3%B1o%20sin%20t%C3%ADtulo%20%2827%29.png?itok=kgl82kSA 1420w\u0022 sizes=\u0022100vw\u0022 src=\u0022\/sites\/default\/files\/styles\/max_1300x1300\/public\/notas\/2025-09-02\/Dise%C3%B1o%20sin%20t%C3%ADtulo%20%2827%29.png?itok=EOBOA8J5\u0022 alt=\u0022Conferencia magistral \u201cCrisis de las instituciones internacionales y el nuevo orden mundial del siglo XXI\u201d\u0022 typeof=\u0022foaf:Image\u0022 class=\u0022img-fluid\u0022 \/\u003E\n\n  \u003C\/picture\u003E\n\n\u003C\/div\u003E\n      \n  \n\n      \u003Cdiv  class=\u0022boton-expander\u0022\u003E\n        \n                  \u003Cdiv class=\u0022item-list\u0022\u003E\u003Cul\u003E\u003Cli\u003E\u003Ca href=\u0022\/ds-switch-view-mode\/node\/23581\/media_collapsed?selector=view-mode-media_expanded\u0022 class=\u0022use-ajax\u0022\u003E\u2191\u003C\/a\u003E\u003C\/li\u003E\u003C\/ul\u003E\u003C\/div\u003E\n      \n  \n    \u003C\/div\u003E\n\n\n  \u003C\/div\u003E\n\n  \u003Cdiv class=\u0022area-info group-middle\u0022\u003E\n    \n\u003Cdiv  class=\u0022inner\u0022\u003E\n          \n                          \u003Ch2  class=\u0022titulo\u0022 \u003E\n        Conferencia magistral \u201cCrisis de las instituciones internacionales y el nuevo orden mundial del siglo XXI\u201d\n\u003C\/h2\u003E\n      \n  \n\n    \n                          \u003Cdiv  class=\u0022resumen\u0022 \u003E\n      Se se\u00f1alaron las razones de la crisis en instituciones internacionales y se eval\u00faan las acciones para combatirla\u003C\/div\u003E\n      \n  \n\n\n\u003Cdiv  class=\u0022datos\u0022\u003E\n            \u003Cdiv  class=\u0022autor\u0022\u003E\n            \u003Cdiv  class=\u0022field-label-inline\u0022\u003EPor\u003C\/div\u003E\n  \n                  \u003Ca href=\u0022\/autores\/alondra-cardenas\u0022 hreflang=\u0022es\u0022\u003EAlondra C\u00e1rdenas \u003C\/a\u003E\n      \n  \n    \u003C\/div\u003E\n\n      \u003Cdiv  class=\u0022campus\u0022\u003E\n            \u003Cdiv  class=\u0022field-label-inline\u0022\u003ECampus\u003C\/div\u003E\n  \n                  \u003Ca href=\u0022\/campus\/tijuana\u0022 hreflang=\u0022es\u0022\u003ETijuana\u003C\/a\u003E\n      \n  \n    \u003C\/div\u003E\n\n    \n                          \u003Cdiv  class=\u0022fecha\u0022 \u003E\n      2 de Septiembre de 2025\u003C\/div\u003E\n      \n  \n\n\n  \u003C\/div\u003E\n    \n                          \u003Cdiv  class=\u0022texto\u0022 \u003E\n      \u003Cp\u003EPara el inicio de semestre, la Facultad de Econom\u00eda y Relaciones Internacionales (FEyRI) campus Tijuana llev\u00f3 a cabo la conferencia magistral \u201cCrisis de las instituciones internacionales y el nuevo orden mundial del siglo XXI\u201d, impartida por el doctor Luis Ochoa Bilbao, director de la Facultad de Ciencias Pol\u00edticas y Sociales de la Benem\u00e9rita Universidad Aut\u00f3noma de Puebla (BUAP). El objetivo fue reflexionar sobre los cambios y desaf\u00edos del siglo XXI.\u003C\/p\u003E\n\n\u003Cp\u003EEn su exposici\u00f3n, el doctor Ochoa Bilbao se\u00f1al\u00f3 la importancia de comprender las evidencias que demuestran la crisis de las instituciones internacionales y los indicios de un nuevo orden global. Para ello, present\u00f3 un an\u00e1lisis hist\u00f3rico del siglo XX y de los procesos que marcaron giros muy significativos en la pol\u00edtica internacional, desde las guerras mundiales hasta la guerra fr\u00eda, la ca\u00edda de la uni\u00f3n sovi\u00e9tica y el ascenso de China.\u00a0\u003C\/p\u003E\n\n\u003Cp\u003E\u201cEl mundo que se dise\u00f1\u00f3 tras 1945 est\u00e1 en transformaci\u00f3n, y las se\u00f1ales actuales apuntan a una transici\u00f3n hacia un orden multipolar, unipolar o incluso tripolar\u201d, invitando as\u00ed a los y las estudiantes a reflexionar de manera cr\u00edtica sobre los escenarios futuros de las relaciones internacionales.\u00a0\u003C\/p\u003E\u003C\/div\u003E\n      \n  \n\n    \n            \u003Cdiv  class=\u0022palabras-clave\u0022\u003E\n                        \u003Ca href=\u0022\/tags\/siglo-xxi-0\u0022 hreflang=\u0022es\u0022\u003E siglo XXI\u003C\/a\u003E\n                \u003Ca href=\u0022\/tags\/analisis-historico\u0022 hreflang=\u0022es\u0022\u003Ean\u00e1lisis hist\u00f3rico\u003C\/a\u003E\n                \u003Ca href=\u0022\/tags\/transformacion\u0022 hreflang=\u0022es\u0022\u003ETransformaci\u00f3n\u003C\/a\u003E\n      \n      \u003C\/div\u003E\n  \n\n\n  \u003C\/div\u003E\n\n  \u003C\/div\u003E\n\n  \u003Cdiv class=\u0022area-extras group-right\u0022\u003E\n        \n                          \u003Cdiv  class=\u0022enlace-blockBottom\u0022 \u003E\n      \u003Cdiv\u003EVer m\u00e1s \u003Ca href=\u0022http:\/\/gaceta.uabc.mx\/notas\u0022\u003ENotas\u003C\/a\u003E\u003C\/div\u003E\n\u003C\/div\u003E\n      \n  \n\n\n  \u003C\/div\u003E\n\n\u003C\/div\u003E\n\n","settings":null}]