[{"command":"settings","settings":{"pluralDelimiter":"\u0003","suppressDeprecationErrors":true,"ajaxPageState":{"libraries":"core\/drupal.ajax,core\/picturefill,ds\/ds_3col_equal_width","theme":"gaceta","theme_token":null},"ajaxTrustedUrl":[],"field_group":{"html_element":{"mode":"media_expanded","context":"view","settings":{"classes":"datos","show_empty_fields":false,"id":"","element":"div","show_label":false,"label_element":"h3","label_element_classes":"","attributes":"","effect":"none","speed":"fast"}}},"user":{"uid":0,"permissionsHash":"55dc977d165ab1e05e51b6cc6487f6d73e65ab536d99ee82c6990d9001d5c21c"}},"merge":true},{"command":"add_css","data":"\u003Clink rel=\u0022stylesheet\u0022 media=\u0022all\u0022 href=\u0022\/sites\/default\/files\/css\/css_mxJrjoKKAZuuB4_4f-B1u9VnFZxvSor3Az4JEdrFEso.css\u0022 \/\u003E\n\u003Clink rel=\u0022stylesheet\u0022 media=\u0022all\u0022 href=\u0022\/sites\/default\/files\/css\/css_-BXSGQpS8YTwwuXGbPoshUvZ7W-_HbYR3H7d0DA_mEY.css\u0022 \/\u003E\n\u003Clink rel=\u0022stylesheet\u0022 media=\u0022all\u0022 href=\u0022\/sites\/default\/files\/css\/css_89YreTu0npezhXSakRJR9TVHyBS9bTcyt0s3IckAe-M.css\u0022 \/\u003E\n"},{"command":"add_js","selector":"body","data":[{"src":"\/sites\/default\/files\/js\/js_9UaAhXvc9u0KYXXUw-OKyLP2baQxdV4zY3Y_KGurcvY.js"},{"src":"\/sites\/default\/files\/js\/js_oDJxUBLBzfRb_FDgNfkNOm9-tiatS2kNfxQIeVRZA7Y.js"},{"src":"\/sites\/default\/files\/js\/js_YM82KRuzNIr2X-Kb8pQW8cOcSbWgQ_QGKclTYJ_aMlI.js"},{"src":"\/sites\/default\/files\/js\/js_pqqsPPmPmxKgamY6qk_WSawtL05XH_yAY8GkPHVyahI.js"}]},{"command":"insert","method":"replaceWith","selector":".view-mode-full","data":"\u003Cdiv data-history-node-id=\u002223591\u0022 class=\u0022contenido view-mode-media_expanded ds-3col-equal clearfix\u0022\u003E\n\n  \n\n  \u003Cdiv class=\u0022area-medios group-left\u0022\u003E\n        \n                          \u003Cdiv  class=\u0022imagen\u0022 \u003E\n          \u003Cpicture\u003E\n                  \u003Csource srcset=\u0022\/sites\/default\/files\/styles\/max_650x650\/public\/notas\/2025-09-03\/ICA.webp?itok=hcBpb9xP 650w, \/sites\/default\/files\/styles\/max_1300x1300\/public\/notas\/2025-09-03\/ICA.webp?itok=LeqAfqKI 1300w, \/sites\/default\/files\/styles\/max_1900x1900\/public\/notas\/2025-09-03\/ICA.webp?itok=wHp1GHfJ 1615w\u0022 type=\u0022image\/webp\u0022 sizes=\u0022100vw\u0022\/\u003E\n              \u003Csource srcset=\u0022\/sites\/default\/files\/styles\/max_650x650\/public\/notas\/2025-09-03\/ICA.jpg?itok=hcBpb9xP 650w, \/sites\/default\/files\/styles\/max_1300x1300\/public\/notas\/2025-09-03\/ICA.jpg?itok=LeqAfqKI 1300w, \/sites\/default\/files\/styles\/max_1900x1900\/public\/notas\/2025-09-03\/ICA.jpg?itok=wHp1GHfJ 1615w\u0022 type=\u0022image\/jpeg\u0022 sizes=\u0022100vw\u0022\/\u003E\n                  \u003Cimg srcset=\u0022\/sites\/default\/files\/styles\/max_650x650\/public\/notas\/2025-09-03\/ICA.jpg?itok=hcBpb9xP 650w, \/sites\/default\/files\/styles\/max_1300x1300\/public\/notas\/2025-09-03\/ICA.jpg?itok=LeqAfqKI 1300w, \/sites\/default\/files\/styles\/max_1900x1900\/public\/notas\/2025-09-03\/ICA.jpg?itok=wHp1GHfJ 1615w\u0022 sizes=\u0022100vw\u0022 src=\u0022\/sites\/default\/files\/styles\/max_1300x1300\/public\/notas\/2025-09-03\/ICA.jpg?itok=LeqAfqKI\u0022 alt=\u0022Mesa directiva de la Asociaci\u00f3n de Egresados del ICA-UABC\u0022 typeof=\u0022foaf:Image\u0022 class=\u0022img-fluid\u0022 \/\u003E\n\n  \u003C\/picture\u003E\n\n\u003C\/div\u003E\n      \n  \n\n      \u003Cdiv  class=\u0022boton-expander\u0022\u003E\n        \n                  \u003Cdiv class=\u0022item-list\u0022\u003E\u003Cul\u003E\u003Cli\u003E\u003Ca href=\u0022\/ds-switch-view-mode\/node\/23591\/media_collapsed?selector=view-mode-media_expanded\u0022 class=\u0022use-ajax\u0022\u003E\u2191\u003C\/a\u003E\u003C\/li\u003E\u003C\/ul\u003E\u003C\/div\u003E\n      \n  \n    \u003C\/div\u003E\n\n\n  \u003C\/div\u003E\n\n  \u003Cdiv class=\u0022area-info group-middle\u0022\u003E\n    \n\u003Cdiv  class=\u0022inner\u0022\u003E\n          \n                          \u003Ch2  class=\u0022titulo\u0022 \u003E\n        Integran la Asociaci\u00f3n de Egresados del ICA para impulsar el desarrollo agroalimentario\n\u003C\/h2\u003E\n      \n  \n\n    \n                          \u003Cdiv  class=\u0022resumen\u0022 \u003E\n      Con el prop\u00f3sito de fortalecer la identidad cimarrona y reconocer las aportaciones de sus profesionistas, se formaliz\u00f3 la integraci\u00f3n de la Asociaci\u00f3n de Egresados del Instituto de Ciencias Agr\u00edcolas\u003C\/div\u003E\n      \n  \n\n\n\u003Cdiv  class=\u0022datos\u0022\u003E\n            \u003Cdiv  class=\u0022autor\u0022\u003E\n            \u003Cdiv  class=\u0022field-label-inline\u0022\u003EPor\u003C\/div\u003E\n  \n                  \u003Ca href=\u0022\/autores\/blanca-margarita-montiel-batalla\u0022 hreflang=\u0022es\u0022\u003EBlanca Margarita Montiel Batalla\u003C\/a\u003E\n      \n  \n    \u003C\/div\u003E\n\n      \u003Cdiv  class=\u0022campus\u0022\u003E\n            \u003Cdiv  class=\u0022field-label-inline\u0022\u003ECampus\u003C\/div\u003E\n  \n                  \u003Ca href=\u0022\/campus\/mexicali\u0022 hreflang=\u0022es\u0022\u003EMexicali\u003C\/a\u003E\n      \n  \n    \u003C\/div\u003E\n\n    \n                          \u003Cdiv  class=\u0022fecha\u0022 \u003E\n      3 de Septiembre de 2025\u003C\/div\u003E\n      \n  \n\n\n  \u003C\/div\u003E\n    \n                          \u003Cdiv  class=\u0022texto\u0022 \u003E\n      \u003Cp\u003EEl Instituto de Ciencias Agr\u00edcolas (ICA) impuls\u00f3 este proceso mediante la realizaci\u00f3n de diversos foros de egresados, espacios de di\u00e1logo y reflexi\u00f3n que permitieron identificar las principales necesidades de vinculaci\u00f3n y colaboraci\u00f3n. Estos encuentros fungieron como plataforma para visibilizar las contribuciones de los egresados en el \u00e1mbito agroalimentario, as\u00ed como para consolidar el inter\u00e9s de establecer una red organizada que articule sus esfuerzos con los de la Universidad.\u003C\/p\u003E\n\n\u003Cp\u003ELos egresados del ICA se han distinguido por su impacto en el desarrollo agr\u00edcola y agroindustrial de Baja California. Entre sus principales logros se encuentran la creaci\u00f3n de empresas competitivas, la incorporaci\u00f3n de innovaciones tecnol\u00f3gicas en los sistemas productivos, la direcci\u00f3n de proyectos de investigaci\u00f3n aplicada y la participaci\u00f3n activa en organismos nacionales e internacionales vinculados con la seguridad alimentaria, la sostenibilidad y el comercio exterior.\u003C\/p\u003E\n\n\u003Cp\u003EAsimismo, muchos han ocupado cargos estrat\u00e9gicos en el sector p\u00fablico y privado, impulsando pol\u00edticas de uso eficiente de los recursos, programas de reconversi\u00f3n productiva y estrategias de exportaci\u00f3n que han posicionado a la regi\u00f3n en cadenas globales de valor. Durante la ceremonia de integraci\u00f3n se reafirmaron los objetivos de la asociaci\u00f3n, entre los que destacan: consolidar una red profesional y acad\u00e9mica entre los egresados; impulsar la vinculaci\u00f3n con el sector productivo agropecuario y agroindustrial; promover programas de actualizaci\u00f3n y mentor\u00eda para las nuevas generaciones; as\u00ed como fomentar proyectos conjuntos de investigaci\u00f3n, innovaci\u00f3n y extensi\u00f3n universitaria.\u003C\/p\u003E\n\n\u003Cp\u003EEn el marco del evento, se tom\u00f3 protesta a la primera mesa directiva de la Asociaci\u00f3n de Egresados del ICA, integrada por: Manuel de Jes\u00fas Quintero Meza como presidente; os\u00e9 Luis Rojas Monz\u00f3n, secretario; Ram\u00f3n Garc\u00eda Saucedo, tesorero; y\u00a0Mar\u00eda Isabel Escobosa Garc\u00eda, Ramiro G\u00e1lvez Mart\u00ednez, Rito Fernando Balderas Valadez, Diana Janeth Erazo Santiago, Fausto Valle Guti\u00e9rrez y Natividad Jaime Garc\u00eda, vocales.\u003C\/p\u003E\n\n\u003Cp\u003EAutoridades universitarias subrayaron que la creaci\u00f3n de esta asociaci\u00f3n es un paso decisivo para fortalecer la colaboraci\u00f3n entre la UABC y sus egresados, al tiempo que permitir\u00e1 potenciar su participaci\u00f3n en los retos agroalimentarios que enfrenta Baja California. Finalmente, se acord\u00f3 trabajar en una agenda de actividades acad\u00e9micas, culturales y de extensi\u00f3n, reafirmando el compromiso de las y los cimarrones con el desarrollo sostenible de la regi\u00f3n.\u003C\/p\u003E\u003C\/div\u003E\n      \n  \n\n    \n            \u003Cdiv  class=\u0022palabras-clave\u0022\u003E\n                        \u003Ca href=\u0022\/tags\/egresados\u0022 hreflang=\u0022es\u0022\u003EEgresados\u003C\/a\u003E\n                \u003Ca href=\u0022\/tags\/consolidacion\u0022 hreflang=\u0022es\u0022\u003EConsolidaci\u00f3n\u003C\/a\u003E\n                \u003Ca href=\u0022\/tags\/reunion-0\u0022 hreflang=\u0022es\u0022\u003EReuni\u00f3n \u003C\/a\u003E\n                \u003Ca href=\u0022\/tags\/solidaridad\u0022 hreflang=\u0022es\u0022\u003ESolidaridad\u003C\/a\u003E\n      \n      \u003C\/div\u003E\n  \n\n\n  \u003C\/div\u003E\n\n  \u003C\/div\u003E\n\n  \u003Cdiv class=\u0022area-extras group-right\u0022\u003E\n        \n                          \u003Cdiv  class=\u0022enlace-blockBottom\u0022 \u003E\n      \u003Cdiv\u003EVer m\u00e1s \u003Ca href=\u0022http:\/\/gaceta.uabc.mx\/notas\u0022\u003ENotas\u003C\/a\u003E\u003C\/div\u003E\n\u003C\/div\u003E\n      \n  \n\n\n  \u003C\/div\u003E\n\n\u003C\/div\u003E\n\n","settings":null}]