[{"command":"settings","settings":{"pluralDelimiter":"\u0003","suppressDeprecationErrors":true,"ajaxPageState":{"libraries":"core\/drupal.ajax,core\/picturefill,ds\/ds_3col_equal_width","theme":"gaceta","theme_token":null},"ajaxTrustedUrl":[],"field_group":{"html_element":{"mode":"media_expanded","context":"view","settings":{"classes":"datos","show_empty_fields":false,"id":"","element":"div","show_label":false,"label_element":"h3","label_element_classes":"","attributes":"","effect":"none","speed":"fast"}}},"user":{"uid":0,"permissionsHash":"55dc977d165ab1e05e51b6cc6487f6d73e65ab536d99ee82c6990d9001d5c21c"}},"merge":true},{"command":"add_css","data":"\u003Clink rel=\u0022stylesheet\u0022 media=\u0022all\u0022 href=\u0022\/sites\/default\/files\/css\/css_mxJrjoKKAZuuB4_4f-B1u9VnFZxvSor3Az4JEdrFEso.css\u0022 \/\u003E\n\u003Clink rel=\u0022stylesheet\u0022 media=\u0022all\u0022 href=\u0022\/sites\/default\/files\/css\/css_-BXSGQpS8YTwwuXGbPoshUvZ7W-_HbYR3H7d0DA_mEY.css\u0022 \/\u003E\n\u003Clink rel=\u0022stylesheet\u0022 media=\u0022all\u0022 href=\u0022\/sites\/default\/files\/css\/css_89YreTu0npezhXSakRJR9TVHyBS9bTcyt0s3IckAe-M.css\u0022 \/\u003E\n"},{"command":"add_js","selector":"body","data":[{"src":"\/sites\/default\/files\/js\/js_9UaAhXvc9u0KYXXUw-OKyLP2baQxdV4zY3Y_KGurcvY.js"},{"src":"\/sites\/default\/files\/js\/js_oDJxUBLBzfRb_FDgNfkNOm9-tiatS2kNfxQIeVRZA7Y.js"},{"src":"\/sites\/default\/files\/js\/js_YM82KRuzNIr2X-Kb8pQW8cOcSbWgQ_QGKclTYJ_aMlI.js"},{"src":"\/sites\/default\/files\/js\/js_pqqsPPmPmxKgamY6qk_WSawtL05XH_yAY8GkPHVyahI.js"}]},{"command":"insert","method":"replaceWith","selector":".view-mode-full","data":"\u003Cdiv data-history-node-id=\u002223608\u0022 class=\u0022contenido view-mode-media_expanded ds-3col-equal clearfix\u0022\u003E\n\n  \n\n  \u003Cdiv class=\u0022area-medios group-left\u0022\u003E\n        \n                          \u003Cdiv  class=\u0022imagen\u0022 \u003E\n          \u003Cpicture\u003E\n                  \u003Csource srcset=\u0022\/sites\/default\/files\/styles\/max_650x650\/public\/notas\/2025-09-09\/di%CC%81a%20de%20la%20mujer%20indi%CC%81gena.webp?itok=aFVa1Ocf 650w, \/sites\/default\/files\/styles\/max_1300x1300\/public\/notas\/2025-09-09\/di%CC%81a%20de%20la%20mujer%20indi%CC%81gena.webp?itok=f54r1GWp 1300w, \/sites\/default\/files\/styles\/max_1900x1900\/public\/notas\/2025-09-09\/di%CC%81a%20de%20la%20mujer%20indi%CC%81gena.webp?itok=q1luc_aQ 1420w\u0022 type=\u0022image\/webp\u0022 sizes=\u0022100vw\u0022\/\u003E\n              \u003Csource srcset=\u0022\/sites\/default\/files\/styles\/max_650x650\/public\/notas\/2025-09-09\/di%CC%81a%20de%20la%20mujer%20indi%CC%81gena.jpg?itok=aFVa1Ocf 650w, \/sites\/default\/files\/styles\/max_1300x1300\/public\/notas\/2025-09-09\/di%CC%81a%20de%20la%20mujer%20indi%CC%81gena.jpg?itok=f54r1GWp 1300w, \/sites\/default\/files\/styles\/max_1900x1900\/public\/notas\/2025-09-09\/di%CC%81a%20de%20la%20mujer%20indi%CC%81gena.jpg?itok=q1luc_aQ 1420w\u0022 type=\u0022image\/jpeg\u0022 sizes=\u0022100vw\u0022\/\u003E\n                  \u003Cimg srcset=\u0022\/sites\/default\/files\/styles\/max_650x650\/public\/notas\/2025-09-09\/di%CC%81a%20de%20la%20mujer%20indi%CC%81gena.jpg?itok=aFVa1Ocf 650w, \/sites\/default\/files\/styles\/max_1300x1300\/public\/notas\/2025-09-09\/di%CC%81a%20de%20la%20mujer%20indi%CC%81gena.jpg?itok=f54r1GWp 1300w, \/sites\/default\/files\/styles\/max_1900x1900\/public\/notas\/2025-09-09\/di%CC%81a%20de%20la%20mujer%20indi%CC%81gena.jpg?itok=q1luc_aQ 1420w\u0022 sizes=\u0022100vw\u0022 src=\u0022\/sites\/default\/files\/styles\/max_1300x1300\/public\/notas\/2025-09-09\/di%CC%81a%20de%20la%20mujer%20indi%CC%81gena.jpg?itok=f54r1GWp\u0022 alt=\u0022Facultad de Econom\u00eda y Relaciones Internacionales conmemor\u00f3 el D\u00eda Internacional de la mujer Indigena\u0022 typeof=\u0022foaf:Image\u0022 class=\u0022img-fluid\u0022 \/\u003E\n\n  \u003C\/picture\u003E\n\n\u003C\/div\u003E\n      \n  \n\n      \u003Cdiv  class=\u0022boton-expander\u0022\u003E\n        \n                  \u003Cdiv class=\u0022item-list\u0022\u003E\u003Cul\u003E\u003Cli\u003E\u003Ca href=\u0022\/ds-switch-view-mode\/node\/23608\/media_collapsed?selector=view-mode-media_expanded\u0022 class=\u0022use-ajax\u0022\u003E\u2191\u003C\/a\u003E\u003C\/li\u003E\u003C\/ul\u003E\u003C\/div\u003E\n      \n  \n    \u003C\/div\u003E\n\n\n  \u003C\/div\u003E\n\n  \u003Cdiv class=\u0022area-info group-middle\u0022\u003E\n    \n\u003Cdiv  class=\u0022inner\u0022\u003E\n          \n                          \u003Ch2  class=\u0022titulo\u0022 \u003E\n        Conmemoraron el D\u00eda Internacional de la Mujer Ind\u00edgena en la Facultad de Econom\u00eda y Relaciones Internacionales\n\u003C\/h2\u003E\n      \n  \n\n    \n                          \u003Cdiv  class=\u0022resumen\u0022 \u003E\n      Florentina Ortiz S\u00e1nchez comparti\u00f3 su experiencia como mujer ind\u00edgena y activista\u003C\/div\u003E\n      \n  \n\n\n\u003Cdiv  class=\u0022datos\u0022\u003E\n            \u003Cdiv  class=\u0022autor\u0022\u003E\n            \u003Cdiv  class=\u0022field-label-inline\u0022\u003EPor\u003C\/div\u003E\n  \n                  \u003Ca href=\u0022\/autores\/alondra-cardenas\u0022 hreflang=\u0022es\u0022\u003EAlondra C\u00e1rdenas \u003C\/a\u003E\n      \n  \n    \u003C\/div\u003E\n\n      \u003Cdiv  class=\u0022campus\u0022\u003E\n            \u003Cdiv  class=\u0022field-label-inline\u0022\u003ECampus\u003C\/div\u003E\n  \n                  \u003Ca href=\u0022\/campus\/tijuana\u0022 hreflang=\u0022es\u0022\u003ETijuana\u003C\/a\u003E\n      \n  \n    \u003C\/div\u003E\n\n    \n                          \u003Cdiv  class=\u0022fecha\u0022 \u003E\n      9 de Septiembre de 2025\u003C\/div\u003E\n      \n  \n\n\n  \u003C\/div\u003E\n    \n                          \u003Cdiv  class=\u0022texto\u0022 \u003E\n      \u003Cp\u003EEn el marco del D\u00eda Internacional de la Mujer Ind\u00edgena, la Sociedad de Alumnos de la Facultad de Econom\u00eda y Relaciones Internacionales (FEyRI) llev\u00f3 a cabo una conferencia que cont\u00f3 con la presencia de\u00a0Florentina Ort\u00edz S\u00e1nchez, directora y docente de educaci\u00f3n ind\u00edgena en Tijuana, quien comparti\u00f3 su experiencia de vida y los retos que ha enfrentado como mujer, migrante e integrante de la comunidad mixteca.\u00a0\u003C\/p\u003E\n\n\u003Cp\u003EDesde su infancia en Oaxaca, Ortiz Sanchez record\u00f3 la decisi\u00f3n de dejar su hogar en 1998 para migrar a Baja California en busca de superaci\u00f3n personal y\u00a0 profesional. Relat\u00f3 c\u00f3mo, inspirada por su hermano (maestro de educaci\u00f3n ind\u00edgena) inici\u00f3 su camino docente con el objetivo de preservar su lengua mixteca y fortalecer la identidad cultural de las nuevas generaciones. \u201cPara m\u00ed todos los alumnos son iguales; lo importante es que aprendan sus lenguas originarias y est\u00e9n orgullosos de sus ra\u00edces\u201d, expres\u00f3 la directora.\u00a0\u003C\/p\u003E\n\n\u003Cp\u003ELa profesora subray\u00f3 la importancia de la preservaci\u00f3n de las lenguas originarias como portadoras de saberes, cosmovisiones y cultura. Destac\u00f3 que la migraci\u00f3n ind\u00edgena ha enriquecido la diversidad cultural en Tijuana, donde hoy conviven familias mixtecas, nahuas, mazahuas, mayas y de otras etnias. Sin embargo reconoci\u00f3, que los retos para estas comunidades persisten, como lo son la adaptaci\u00f3n a la vida urbana, la discriminaci\u00f3n, barreras ling\u00fc\u00edsticas y falta de representatividad en las instituciones p\u00fablicas.\u00a0\u003C\/p\u003E\n\n\u003Cp\u003EEn el \u00e1mbito educativo, se\u00f1al\u00f3 avances en inclusi\u00f3n desde 2021, aunque a\u00fan hay falta de recursos humanos y materiales suficientes en las escuelas ind\u00edgenas. Entre las \u00e1reas de oportunidad m\u00e1s urgentes, mencion\u00f3 la necesidad de int\u00e9rpretes en dependencias gubernamentales, el respeto pleno a los derechos culturales y legales de los pueblos originarios y el impulso a proyectos productivos para el fortalecimiento de las fuentes de ingreso de las familias.\u00a0\u003C\/p\u003E\n\n\u003Cp\u003EFinalmente, la directora Ort\u00edz, reflexion\u00f3 sobre los desaf\u00edos de ser mujer ind\u00edgena, reconociendo que la maternidad, el trabajo y la formaci\u00f3n profesional implica sacrificios, pero tambi\u00e9n le brindaron fortalezas para seguir adelante. A las y los j\u00f3venes universitarios les anim\u00f3 a tener claros sus objetivos, perseverar ante las dificultades y aportar desde su entorno el respeto y preservaci\u00f3n de la diversidad cultural del pa\u00eds.\u003C\/p\u003E\n\n\u003Cp\u003E\u00a0\u003C\/p\u003E\u003C\/div\u003E\n      \n  \n\n    \n            \u003Cdiv  class=\u0022palabras-clave\u0022\u003E\n                        \u003Ca href=\u0022\/tags\/dia-internacional-de-la-mujer-indigena\u0022 hreflang=\u0022es\u0022\u003ED\u00eda Internacional de la Mujer Ind\u00edgena\u003C\/a\u003E\n                \u003Ca href=\u0022\/tags\/feyri\u0022 hreflang=\u0022es\u0022\u003EFEyRI\u003C\/a\u003E\n                \u003Ca href=\u0022\/tags\/derechos-humanos\u0022 hreflang=\u0022es\u0022\u003EDerechos Humanos\u003C\/a\u003E\n      \n      \u003C\/div\u003E\n  \n\n\n  \u003C\/div\u003E\n\n  \u003C\/div\u003E\n\n  \u003Cdiv class=\u0022area-extras group-right\u0022\u003E\n        \n                          \u003Cdiv  class=\u0022enlace-blockBottom\u0022 \u003E\n      \u003Cdiv\u003EVer m\u00e1s \u003Ca href=\u0022http:\/\/gaceta.uabc.mx\/notas\u0022\u003ENotas\u003C\/a\u003E\u003C\/div\u003E\n\u003C\/div\u003E\n      \n  \n\n\n  \u003C\/div\u003E\n\n\u003C\/div\u003E\n\n","settings":null}]