[{"command":"settings","settings":{"pluralDelimiter":"\u0003","suppressDeprecationErrors":true,"ajaxPageState":{"libraries":"core\/drupal.ajax,core\/picturefill,ds\/ds_3col_equal_width","theme":"gaceta","theme_token":null},"ajaxTrustedUrl":[],"field_group":{"html_element":{"mode":"media_expanded","context":"view","settings":{"classes":"datos","show_empty_fields":false,"id":"","element":"div","show_label":false,"label_element":"h3","label_element_classes":"","attributes":"","effect":"none","speed":"fast"}}},"user":{"uid":0,"permissionsHash":"55dc977d165ab1e05e51b6cc6487f6d73e65ab536d99ee82c6990d9001d5c21c"}},"merge":true},{"command":"add_css","data":"\u003Clink rel=\u0022stylesheet\u0022 media=\u0022all\u0022 href=\u0022\/sites\/default\/files\/css\/css_mxJrjoKKAZuuB4_4f-B1u9VnFZxvSor3Az4JEdrFEso.css\u0022 \/\u003E\n\u003Clink rel=\u0022stylesheet\u0022 media=\u0022all\u0022 href=\u0022\/sites\/default\/files\/css\/css_-BXSGQpS8YTwwuXGbPoshUvZ7W-_HbYR3H7d0DA_mEY.css\u0022 \/\u003E\n\u003Clink rel=\u0022stylesheet\u0022 media=\u0022all\u0022 href=\u0022\/sites\/default\/files\/css\/css_89YreTu0npezhXSakRJR9TVHyBS9bTcyt0s3IckAe-M.css\u0022 \/\u003E\n"},{"command":"add_js","selector":"body","data":[{"src":"\/sites\/default\/files\/js\/js_9UaAhXvc9u0KYXXUw-OKyLP2baQxdV4zY3Y_KGurcvY.js"},{"src":"\/sites\/default\/files\/js\/js_oDJxUBLBzfRb_FDgNfkNOm9-tiatS2kNfxQIeVRZA7Y.js"},{"src":"\/sites\/default\/files\/js\/js_YM82KRuzNIr2X-Kb8pQW8cOcSbWgQ_QGKclTYJ_aMlI.js"},{"src":"\/sites\/default\/files\/js\/js_pqqsPPmPmxKgamY6qk_WSawtL05XH_yAY8GkPHVyahI.js"}]},{"command":"insert","method":"replaceWith","selector":".view-mode-full","data":"\u003Cdiv data-history-node-id=\u002223635\u0022 class=\u0022contenido view-mode-media_expanded ds-3col-equal clearfix\u0022\u003E\n\n  \n\n  \u003Cdiv class=\u0022area-medios group-left\u0022\u003E\n        \n                          \u003Cdiv  class=\u0022imagen\u0022 \u003E\n          \u003Cpicture\u003E\n                  \u003Csource srcset=\u0022\/sites\/default\/files\/styles\/max_650x650\/public\/notas\/2025-09-15\/Encuentra%20FEyRI%20%281%29.webp?itok=eDSqPgcG 650w, \/sites\/default\/files\/styles\/max_1300x1300\/public\/notas\/2025-09-15\/Encuentra%20FEyRI%20%281%29.webp?itok=dmAXDFtc 1300w, \/sites\/default\/files\/styles\/max_1900x1900\/public\/notas\/2025-09-15\/Encuentra%20FEyRI%20%281%29.webp?itok=7Vd3Aya7 1420w\u0022 type=\u0022image\/webp\u0022 sizes=\u0022100vw\u0022\/\u003E\n              \u003Csource srcset=\u0022\/sites\/default\/files\/styles\/max_650x650\/public\/notas\/2025-09-15\/Encuentra%20FEyRI%20%281%29.jpg?itok=eDSqPgcG 650w, \/sites\/default\/files\/styles\/max_1300x1300\/public\/notas\/2025-09-15\/Encuentra%20FEyRI%20%281%29.jpg?itok=dmAXDFtc 1300w, \/sites\/default\/files\/styles\/max_1900x1900\/public\/notas\/2025-09-15\/Encuentra%20FEyRI%20%281%29.jpg?itok=7Vd3Aya7 1420w\u0022 type=\u0022image\/jpeg\u0022 sizes=\u0022100vw\u0022\/\u003E\n                  \u003Cimg srcset=\u0022\/sites\/default\/files\/styles\/max_650x650\/public\/notas\/2025-09-15\/Encuentra%20FEyRI%20%281%29.jpg?itok=eDSqPgcG 650w, \/sites\/default\/files\/styles\/max_1300x1300\/public\/notas\/2025-09-15\/Encuentra%20FEyRI%20%281%29.jpg?itok=dmAXDFtc 1300w, \/sites\/default\/files\/styles\/max_1900x1900\/public\/notas\/2025-09-15\/Encuentra%20FEyRI%20%281%29.jpg?itok=7Vd3Aya7 1420w\u0022 sizes=\u0022100vw\u0022 src=\u0022\/sites\/default\/files\/styles\/max_1300x1300\/public\/notas\/2025-09-15\/Encuentra%20FEyRI%20%281%29.jpg?itok=dmAXDFtc\u0022 alt=\u0022Facultad de Ciencias de la Salud renueva el \u00e1rea de pediatr\u00eda en su Hospital Virtual\u0022 typeof=\u0022foaf:Image\u0022 class=\u0022img-fluid\u0022 \/\u003E\n\n  \u003C\/picture\u003E\n\n\u003C\/div\u003E\n      \n  \n\n      \u003Cdiv  class=\u0022boton-expander\u0022\u003E\n        \n                  \u003Cdiv class=\u0022item-list\u0022\u003E\u003Cul\u003E\u003Cli\u003E\u003Ca href=\u0022\/ds-switch-view-mode\/node\/23635\/media_collapsed?selector=view-mode-media_expanded\u0022 class=\u0022use-ajax\u0022\u003E\u2191\u003C\/a\u003E\u003C\/li\u003E\u003C\/ul\u003E\u003C\/div\u003E\n      \n  \n    \u003C\/div\u003E\n\n\n  \u003C\/div\u003E\n\n  \u003Cdiv class=\u0022area-info group-middle\u0022\u003E\n    \n\u003Cdiv  class=\u0022inner\u0022\u003E\n          \n                          \u003Ch2  class=\u0022titulo\u0022 \u003E\n        Facultad de Ciencias de la Salud renueva el \u00e1rea de pediatr\u00eda en su Hospital Virtual\n\u003C\/h2\u003E\n      \n  \n\n    \n                          \u003Cdiv  class=\u0022resumen\u0022 \u003E\n      Este espacio es clave para la formaci\u00f3n de estudiantes de Enfermer\u00eda\u003C\/div\u003E\n      \n  \n\n\n\u003Cdiv  class=\u0022datos\u0022\u003E\n            \u003Cdiv  class=\u0022autor\u0022\u003E\n            \u003Cdiv  class=\u0022field-label-inline\u0022\u003EPor\u003C\/div\u003E\n  \n                  \u003Ca href=\u0022\/autores\/karla-daniela-vasquez-carrasco-con-informacion-de-facultad-de-ciencias-de-la-salud-0\u0022 hreflang=\u0022es\u0022\u003EKarla Daniela V\u00e1squez Carrasco con informaci\u00f3n de Facultad de Ciencias de la Salud \u003C\/a\u003E\n      \n  \n    \u003C\/div\u003E\n\n      \u003Cdiv  class=\u0022campus\u0022\u003E\n            \u003Cdiv  class=\u0022field-label-inline\u0022\u003ECampus\u003C\/div\u003E\n  \n                  \u003Ca href=\u0022\/campus\/tijuana\u0022 hreflang=\u0022es\u0022\u003ETijuana\u003C\/a\u003E\n      \n  \n    \u003C\/div\u003E\n\n    \n                          \u003Cdiv  class=\u0022fecha\u0022 \u003E\n      15 de Septiembre de 2025\u003C\/div\u003E\n      \n  \n\n\n  \u003C\/div\u003E\n    \n                          \u003Cdiv  class=\u0022texto\u0022 \u003E\n      \u003Cp\u003ELa Facultad de Ciencias de la Salud de la UABC, campus Tijuana, unidad Valle de las Palmas, llev\u00f3 a cabo la reinauguraci\u00f3n del \u00e1rea de pediatr\u00eda en su hospital virtual, con la iniciativa de estudiantes en servicio social de la carrera de Enfermer\u00eda, en colaboraci\u00f3n con los y las docentes del \u00e1rea.\u003C\/p\u003E\n\n\u003Cp\u003EEste espacio es fundamental para el desarrollo de las pr\u00e1cticas cl\u00ednicas de las y los estudiantes de los programas educativos de Medicina y Enfermer\u00eda. Su renovaci\u00f3n fortalece la formaci\u00f3n integral del alumnado al brindar un entorno innovador y funcional que favorece aprendizajes significativos, en l\u00ednea con las prioridades institucionales de la UABC 2023-2027, centradas en la calidad acad\u00e9mica, la inclusi\u00f3n y la mejora educativa.\u003C\/p\u003E\n\n\u003Cp\u003EDurante la ceremonia de reinauguraci\u00f3n estuvieron presentes la doctora Lidia Magdalena Casta\u00f1eda Gonz\u00e1lez, directora de la facultad; el doctor Anzony Arturo Cruz Gonz\u00e1lez, encargado del Hospital Virtual; as\u00ed como docentes e investigadores de la carrera de Enfermer\u00eda, quienes reconocieron el compromiso, esfuerzo y creatividad de los y las estudiantes.\u003C\/p\u003E\n\n\u003Cp\u003EComo parte de la renovaci\u00f3n, los j\u00f3venes en servicio social profesional, junto con docentes y otros estudiantes, ambientaron un \u00e1rea pedi\u00e1trica de simulaci\u00f3n. Pintaron y decoraron murales con motivos infantiles, con el objetivo de crear un ambiente c\u00e1lido y amigable para la pr\u00e1ctica profesional.\u003C\/p\u003E\n\n\u003Cp\u003EEn esta \u00e1rea, los estudiantes realizan simulaciones cl\u00ednicas con pacientes neonatales, lactantes, escolares y adolescentes. Las pr\u00e1cticas incluyen toma de signos vitales, somatometr\u00eda, aspiraci\u00f3n de secreciones, ba\u00f1o, uso de incubadoras y cunas de calor radiante, canalizaci\u00f3n y c\u00e1lculo de medicamentos, entre otras habilidades esenciales.\u003C\/p\u003E\n\n\u003Cp\u003EEsta acci\u00f3n no solo mejora la infraestructura educativa, sino que tambi\u00e9n refuerza el compromiso de la comunidad universitaria con una formaci\u00f3n de calidad para los futuros profesionales de la salud.\u003C\/p\u003E\u003C\/div\u003E\n      \n  \n\n    \n            \u003Cdiv  class=\u0022palabras-clave\u0022\u003E\n                        \u003Ca href=\u0022\/tags\/pediatria\u0022 hreflang=\u0022es\u0022\u003EPediatr\u00eda\u003C\/a\u003E\n                \u003Ca href=\u0022\/tags\/remodelacion\u0022 hreflang=\u0022es\u0022\u003ERemodelaci\u00f3n\u003C\/a\u003E\n                \u003Ca href=\u0022\/tags\/facisalud\u0022 hreflang=\u0022es\u0022\u003EFacisalud\u003C\/a\u003E\n      \n      \u003C\/div\u003E\n  \n\n\n  \u003C\/div\u003E\n\n  \u003C\/div\u003E\n\n  \u003Cdiv class=\u0022area-extras group-right\u0022\u003E\n        \n                          \u003Cdiv  class=\u0022enlace-blockBottom\u0022 \u003E\n      \u003Cdiv\u003EVer m\u00e1s \u003Ca href=\u0022http:\/\/gaceta.uabc.mx\/notas\u0022\u003ENotas\u003C\/a\u003E\u003C\/div\u003E\n\u003C\/div\u003E\n      \n  \n\n\n  \u003C\/div\u003E\n\n\u003C\/div\u003E\n\n","settings":null}]