[{"command":"settings","settings":{"pluralDelimiter":"\u0003","suppressDeprecationErrors":true,"ajaxPageState":{"libraries":"core\/drupal.ajax,core\/picturefill,ds\/ds_3col_equal_width","theme":"gaceta","theme_token":null},"ajaxTrustedUrl":[],"field_group":{"html_element":{"mode":"media_expanded","context":"view","settings":{"classes":"datos","show_empty_fields":false,"id":"","element":"div","show_label":false,"label_element":"h3","label_element_classes":"","attributes":"","effect":"none","speed":"fast"}}},"user":{"uid":0,"permissionsHash":"55dc977d165ab1e05e51b6cc6487f6d73e65ab536d99ee82c6990d9001d5c21c"}},"merge":true},{"command":"add_css","data":"\u003Clink rel=\u0022stylesheet\u0022 media=\u0022all\u0022 href=\u0022\/sites\/default\/files\/css\/css_mxJrjoKKAZuuB4_4f-B1u9VnFZxvSor3Az4JEdrFEso.css\u0022 \/\u003E\n\u003Clink rel=\u0022stylesheet\u0022 media=\u0022all\u0022 href=\u0022\/sites\/default\/files\/css\/css_-BXSGQpS8YTwwuXGbPoshUvZ7W-_HbYR3H7d0DA_mEY.css\u0022 \/\u003E\n\u003Clink rel=\u0022stylesheet\u0022 media=\u0022all\u0022 href=\u0022\/sites\/default\/files\/css\/css_89YreTu0npezhXSakRJR9TVHyBS9bTcyt0s3IckAe-M.css\u0022 \/\u003E\n"},{"command":"add_js","selector":"body","data":[{"src":"\/sites\/default\/files\/js\/js_9UaAhXvc9u0KYXXUw-OKyLP2baQxdV4zY3Y_KGurcvY.js"},{"src":"\/sites\/default\/files\/js\/js_oDJxUBLBzfRb_FDgNfkNOm9-tiatS2kNfxQIeVRZA7Y.js"},{"src":"\/sites\/default\/files\/js\/js_YM82KRuzNIr2X-Kb8pQW8cOcSbWgQ_QGKclTYJ_aMlI.js"},{"src":"\/sites\/default\/files\/js\/js_pqqsPPmPmxKgamY6qk_WSawtL05XH_yAY8GkPHVyahI.js"}]},{"command":"insert","method":"replaceWith","selector":".view-mode-full","data":"\u003Cdiv data-history-node-id=\u002223638\u0022 class=\u0022contenido view-mode-media_expanded ds-3col-equal clearfix\u0022\u003E\n\n  \n\n  \u003Cdiv class=\u0022area-medios group-left\u0022\u003E\n        \n                          \u003Cdiv  class=\u0022imagen\u0022 \u003E\n          \u003Cpicture\u003E\n                  \u003Csource srcset=\u0022\/sites\/default\/files\/styles\/max_650x650\/public\/notas\/2025-09-17\/Ette%201.webp?itok=8avyWzfN 650w, \/sites\/default\/files\/styles\/max_1300x1300\/public\/notas\/2025-09-17\/Ette%201.webp?itok=I5xkgb_m 1300w, \/sites\/default\/files\/styles\/max_1900x1900\/public\/notas\/2025-09-17\/Ette%201.webp?itok=066B_ZEv 1900w\u0022 type=\u0022image\/webp\u0022 sizes=\u0022100vw\u0022\/\u003E\n              \u003Csource srcset=\u0022\/sites\/default\/files\/styles\/max_650x650\/public\/notas\/2025-09-17\/Ette%201.jpg?itok=8avyWzfN 650w, \/sites\/default\/files\/styles\/max_1300x1300\/public\/notas\/2025-09-17\/Ette%201.jpg?itok=I5xkgb_m 1300w, \/sites\/default\/files\/styles\/max_1900x1900\/public\/notas\/2025-09-17\/Ette%201.jpg?itok=066B_ZEv 1900w\u0022 type=\u0022image\/jpeg\u0022 sizes=\u0022100vw\u0022\/\u003E\n                  \u003Cimg srcset=\u0022\/sites\/default\/files\/styles\/max_650x650\/public\/notas\/2025-09-17\/Ette%201.jpg?itok=8avyWzfN 650w, \/sites\/default\/files\/styles\/max_1300x1300\/public\/notas\/2025-09-17\/Ette%201.jpg?itok=I5xkgb_m 1300w, \/sites\/default\/files\/styles\/max_1900x1900\/public\/notas\/2025-09-17\/Ette%201.jpg?itok=066B_ZEv 1900w\u0022 sizes=\u0022100vw\u0022 src=\u0022\/sites\/default\/files\/styles\/max_1300x1300\/public\/notas\/2025-09-17\/Ette%201.jpg?itok=I5xkgb_m\u0022 alt=\u0022El doctor Ottmar Ette, Profesor Em\u00e9rito de la Universidad de Potsdam, Alemania, imparti\u00f3 la charla \u201cEl poder curativo de la literatura\u201d.\u0022 typeof=\u0022foaf:Image\u0022 class=\u0022img-fluid\u0022 \/\u003E\n\n  \u003C\/picture\u003E\n\n\u003C\/div\u003E\n      \n  \n\n      \u003Cdiv  class=\u0022boton-expander\u0022\u003E\n        \n                  \u003Cdiv class=\u0022item-list\u0022\u003E\u003Cul\u003E\u003Cli\u003E\u003Ca href=\u0022\/ds-switch-view-mode\/node\/23638\/media_collapsed?selector=view-mode-media_expanded\u0022 class=\u0022use-ajax\u0022\u003E\u2191\u003C\/a\u003E\u003C\/li\u003E\u003C\/ul\u003E\u003C\/div\u003E\n      \n  \n    \u003C\/div\u003E\n\n\n  \u003C\/div\u003E\n\n  \u003Cdiv class=\u0022area-info group-middle\u0022\u003E\n    \n\u003Cdiv  class=\u0022inner\u0022\u003E\n          \n                          \u003Ch2  class=\u0022titulo\u0022 \u003E\n        Profesor Em\u00e9rito de Alemania ofreci\u00f3 taller en UABC\n\u003C\/h2\u003E\n      \n  \n\n    \n                          \u003Cdiv  class=\u0022resumen\u0022 \u003E\n      Invit\u00f3 a pensar en la literatura como fuente de conocimiento para vivir y sobrevivir\u003C\/div\u003E\n      \n  \n\n\n\u003Cdiv  class=\u0022datos\u0022\u003E\n            \u003Cdiv  class=\u0022autor\u0022\u003E\n            \u003Cdiv  class=\u0022field-label-inline\u0022\u003EPor\u003C\/div\u003E\n  \n                  \u003Ca href=\u0022\/autores\/kenia-herrera-y-claudia-carballo\u0022 hreflang=\u0022es\u0022\u003EKenia Herrera y Claudia Carballo\u003C\/a\u003E\n      \n  \n    \u003C\/div\u003E\n\n      \u003Cdiv  class=\u0022campus\u0022\u003E\n            \u003Cdiv  class=\u0022field-label-inline\u0022\u003ECampus\u003C\/div\u003E\n  \n                  \u003Ca href=\u0022\/campus\/mexicali\u0022 hreflang=\u0022es\u0022\u003EMexicali\u003C\/a\u003E\n      \n  \n    \u003C\/div\u003E\n\n    \n                          \u003Cdiv  class=\u0022fecha\u0022 \u003E\n      17 de Septiembre de 2025\u003C\/div\u003E\n      \n  \n\n\n  \u003C\/div\u003E\n    \n                          \u003Cdiv  class=\u0022texto\u0022 \u003E\n      \u003Cp\u003ELa Facultad de Ciencias Humanas, la Facultad de Artes y el Instituto de Investigaciones Culturales-Museo (IIC-Museo) de la Universidad Aut\u00f3noma de Baja California (UABC), recibieron la visita del doctor Ottmar Ette, profesor em\u00e9rito de la Universidad de Potsdam, Alemania, quien imparti\u00f3 la charla-taller \u201cEl poder curativo de la literatura\u201d dirigido a la comunidad universitaria, especialmente a estudiantes y docentes.\u003C\/p\u003E\n\n\u003Cp\u003EDurante el taller, el doctor Ette invit\u00f3 a las personas participantes a reflexionar sobre la literatura como una fuente de conocimiento invaluable sobre el vivir y el sobrevivir, y a imaginar maneras en las que la narraci\u00f3n y la imaginaci\u00f3n pueden ayudar a conocernos mejor a nosotros mismos, a entender nuestro presente y a construir mejores futuros.\u003C\/p\u003E\n\n\u003Cp\u003EAdem\u00e1s, comparti\u00f3 herramientas para el trabajo en el proyecto de vinculaci\u00f3n Ave F\u00e9nix, colectivo interdisciplinario donde profesoras, profesores y estudiantes trabajan en la intersecci\u00f3n de las artes, la educaci\u00f3n, la psicolog\u00eda y los estudios socioculturales, dise\u00f1ando e implementando pr\u00e1cticas art\u00edstico-pedag\u00f3gicas con personas privadas de la libertad del Centro de Reinserci\u00f3n Social de Mexicali (CERESO).\u003C\/p\u003E\n\n\u003Cp\u003EEstas pr\u00e1cticas se imparten a la comunidad femenil y LGBTQ+. Tienen como objetivo crear experiencias que promuevan el desarrollo psicoemocional, la capacidad creativa y las relaciones interpersonales, con el fin de ayudar en los procesos de reinserci\u00f3n y en la dignificaci\u00f3n de la vida en espacios de encierro.\u003C\/p\u003E\n\n\u003Cp\u003EEl profesor Ette ha sido catedr\u00e1tico de Literaturas Rom\u00e1nicas en la Universidad de Potsdam desde 1995, y sus \u00e1reas de especialidad incluyen las literaturas de lenguas romances, la literatura comparada y los estudios culturales. Sus l\u00edneas de investigaci\u00f3n se centran actualmente en Alexander von Humboldt, las ciencias literarias como ciencias de la vida, y los estudios transareales de las literaturas sin residencia fija.\u003C\/p\u003E\n\n\u003Cp\u003EEs miembro honorario de la Modern Languages Association of America (MLA) y es miembro titular en el \u00e1rea de Humanidades de la Academia de las Ciencias de Berl\u00edn-Brandenburgo. Asimismo, es miembro de la Academia Europea y fue nombrado Chevalier dans l\u2019Ordre des Palmes Acad\u00e9miques en Francia.\u003C\/p\u003E\n\n\u003Cp\u003E\u00a0\u003C\/p\u003E\u003C\/div\u003E\n      \n  \n\n    \n            \u003Cdiv  class=\u0022palabras-clave\u0022\u003E\n                        \u003Ca href=\u0022\/tags\/vinculacion\u0022 hreflang=\u0022es\u0022\u003EVinculaci\u00f3n\u003C\/a\u003E\n      \n      \u003C\/div\u003E\n  \n\n\n  \u003C\/div\u003E\n\n  \u003C\/div\u003E\n\n  \u003Cdiv class=\u0022area-extras group-right\u0022\u003E\n        \n                          \u003Cdiv  class=\u0022enlace-blockBottom\u0022 \u003E\n      \u003Cdiv\u003EVer m\u00e1s \u003Ca href=\u0022http:\/\/gaceta.uabc.mx\/notas\u0022\u003ENotas\u003C\/a\u003E\u003C\/div\u003E\n\u003C\/div\u003E\n      \n  \n\n\n  \u003C\/div\u003E\n\n\u003C\/div\u003E\n\n","settings":null}]