[{"command":"settings","settings":{"pluralDelimiter":"\u0003","suppressDeprecationErrors":true,"ajaxPageState":{"libraries":"core\/drupal.ajax,core\/picturefill,ds\/ds_3col_equal_width","theme":"gaceta","theme_token":null},"ajaxTrustedUrl":[],"field_group":{"html_element":{"mode":"media_expanded","context":"view","settings":{"classes":"datos","show_empty_fields":false,"id":"","element":"div","show_label":false,"label_element":"h3","label_element_classes":"","attributes":"","effect":"none","speed":"fast"}}},"user":{"uid":0,"permissionsHash":"55dc977d165ab1e05e51b6cc6487f6d73e65ab536d99ee82c6990d9001d5c21c"}},"merge":true},{"command":"add_css","data":"\u003Clink rel=\u0022stylesheet\u0022 media=\u0022all\u0022 href=\u0022\/sites\/default\/files\/css\/css_mxJrjoKKAZuuB4_4f-B1u9VnFZxvSor3Az4JEdrFEso.css\u0022 \/\u003E\n\u003Clink rel=\u0022stylesheet\u0022 media=\u0022all\u0022 href=\u0022\/sites\/default\/files\/css\/css_-BXSGQpS8YTwwuXGbPoshUvZ7W-_HbYR3H7d0DA_mEY.css\u0022 \/\u003E\n\u003Clink rel=\u0022stylesheet\u0022 media=\u0022all\u0022 href=\u0022\/sites\/default\/files\/css\/css_89YreTu0npezhXSakRJR9TVHyBS9bTcyt0s3IckAe-M.css\u0022 \/\u003E\n"},{"command":"add_js","selector":"body","data":[{"src":"\/sites\/default\/files\/js\/js_9UaAhXvc9u0KYXXUw-OKyLP2baQxdV4zY3Y_KGurcvY.js"},{"src":"\/sites\/default\/files\/js\/js_oDJxUBLBzfRb_FDgNfkNOm9-tiatS2kNfxQIeVRZA7Y.js"},{"src":"\/sites\/default\/files\/js\/js_YM82KRuzNIr2X-Kb8pQW8cOcSbWgQ_QGKclTYJ_aMlI.js"},{"src":"\/sites\/default\/files\/js\/js_pqqsPPmPmxKgamY6qk_WSawtL05XH_yAY8GkPHVyahI.js"}]},{"command":"insert","method":"replaceWith","selector":".view-mode-full","data":"\u003Cdiv data-history-node-id=\u002223651\u0022 class=\u0022contenido view-mode-media_expanded ds-3col-equal clearfix\u0022\u003E\n\n  \n\n  \u003Cdiv class=\u0022area-medios group-left\u0022\u003E\n        \n                          \u003Cdiv  class=\u0022imagen\u0022 \u003E\n          \u003Cpicture\u003E\n                  \u003Csource srcset=\u0022\/sites\/default\/files\/styles\/max_650x650\/public\/notas\/2025-09-19\/WhatsApp%20Image%202025-08-30%20at%208.21.45%20AM%20%281%29.webp?itok=ZuIbkayl 650w, \/sites\/default\/files\/styles\/max_1900x1900\/public\/notas\/2025-09-19\/WhatsApp%20Image%202025-08-30%20at%208.21.45%20AM%20%281%29.webp?itok=8ypxuhWD 1280w\u0022 type=\u0022image\/webp\u0022 sizes=\u0022100vw\u0022\/\u003E\n              \u003Csource srcset=\u0022\/sites\/default\/files\/styles\/max_650x650\/public\/notas\/2025-09-19\/WhatsApp%20Image%202025-08-30%20at%208.21.45%20AM%20%281%29.jpeg?itok=ZuIbkayl 650w, \/sites\/default\/files\/styles\/max_1900x1900\/public\/notas\/2025-09-19\/WhatsApp%20Image%202025-08-30%20at%208.21.45%20AM%20%281%29.jpeg?itok=8ypxuhWD 1280w\u0022 type=\u0022image\/jpeg\u0022 sizes=\u0022100vw\u0022\/\u003E\n                  \u003Cimg srcset=\u0022\/sites\/default\/files\/styles\/max_650x650\/public\/notas\/2025-09-19\/WhatsApp%20Image%202025-08-30%20at%208.21.45%20AM%20%281%29.jpeg?itok=ZuIbkayl 650w, \/sites\/default\/files\/styles\/max_1900x1900\/public\/notas\/2025-09-19\/WhatsApp%20Image%202025-08-30%20at%208.21.45%20AM%20%281%29.jpeg?itok=8ypxuhWD 1280w\u0022 sizes=\u0022100vw\u0022 src=\u0022\/sites\/default\/files\/styles\/max_1300x1300\/public\/notas\/2025-09-19\/WhatsApp%20Image%202025-08-30%20at%208.21.45%20AM%20%281%29.jpeg?itok=WT8yxvNp\u0022 alt=\u0022El maestro Luis Arturo Montoya Rivera, coordinador del Laboratorio de Intervenciones Psicol\u00f3gicas, y el maestro y colaborador del laboratorio, Rodrigo Ibarra \u00c1valos, participaron en el Congreso Confluencias y Controversias en la Pr\u00e1ctica Sist\u00e9mica, investigaci\u00f3n y pr\u00e1ctica 2025, organizado por la Red Latinoamericana de Terapia Familiar y la Red Europea de Terapia Familiar.\u0022 typeof=\u0022foaf:Image\u0022 class=\u0022img-fluid\u0022 \/\u003E\n\n  \u003C\/picture\u003E\n\n\u003C\/div\u003E\n      \n  \n\n      \u003Cdiv  class=\u0022boton-expander\u0022\u003E\n        \n                  \u003Cdiv class=\u0022item-list\u0022\u003E\u003Cul\u003E\u003Cli\u003E\u003Ca href=\u0022\/ds-switch-view-mode\/node\/23651\/media_collapsed?selector=view-mode-media_expanded\u0022 class=\u0022use-ajax\u0022\u003E\u2191\u003C\/a\u003E\u003C\/li\u003E\u003C\/ul\u003E\u003C\/div\u003E\n      \n  \n    \u003C\/div\u003E\n\n\n  \u003C\/div\u003E\n\n  \u003Cdiv class=\u0022area-info group-middle\u0022\u003E\n    \n\u003Cdiv  class=\u0022inner\u0022\u003E\n          \n                          \u003Ch2  class=\u0022titulo\u0022 \u003E\n        Profesores de la FCASI exponen modelo terap\u00e9utico en congreso internacional en Francia\n\u003C\/h2\u003E\n      \n  \n\n    \n                          \u003Cdiv  class=\u0022resumen\u0022 \u003E\n      Compartieron con investigadores de pa\u00edses como Espa\u00f1a, Francia, Inglaterra, M\u00e9xico, Per\u00fa, Chile y Argentina\u003C\/div\u003E\n      \n  \n\n\n\u003Cdiv  class=\u0022datos\u0022\u003E\n            \u003Cdiv  class=\u0022autor\u0022\u003E\n            \u003Cdiv  class=\u0022field-label-inline\u0022\u003EPor\u003C\/div\u003E\n  \n                  \u003Ca href=\u0022\/autores\/milthon-minor\u0022 hreflang=\u0022es\u0022\u003EMilthon Minor\u003C\/a\u003E\n      \n  \n    \u003C\/div\u003E\n\n      \u003Cdiv  class=\u0022campus\u0022\u003E\n            \u003Cdiv  class=\u0022field-label-inline\u0022\u003ECampus\u003C\/div\u003E\n  \n                  \u003Ca href=\u0022\/campus\/mexicali\u0022 hreflang=\u0022es\u0022\u003EMexicali\u003C\/a\u003E\n      \n  \n    \u003C\/div\u003E\n\n    \n                          \u003Cdiv  class=\u0022fecha\u0022 \u003E\n      19 de Septiembre de 2025\u003C\/div\u003E\n      \n  \n\n\n  \u003C\/div\u003E\n    \n                          \u003Cdiv  class=\u0022texto\u0022 \u003E\n      \u003Cp\u003EProfesores de la Facultad de Ciencias Administrativas, Sociales e Ingenier\u00eda (FCASI) de la UABC asistieron a congreso internacional, en la ciudad de Lyon, Francia, donde presentaron un modelo de terapia familiar breve que desarrollaron en la comunidad del valle de Mexicali.\u003C\/p\u003E\n\n\u003Cp\u003EEl maestro Luis Arturo Montoya Rivera, coordinador del Laboratorio de Intervenciones Psicol\u00f3gicas, y el maestro y colaborador del laboratorio, Rodrigo Ibarra \u00c1valos, participaron en el Congreso Confluencias y Controversias en la Pr\u00e1ctica Sist\u00e9mica, investigaci\u00f3n y pr\u00e1ctica 2025, organizado por la Red Latinoamericana de Terapia Familiar y la Red Europea de Terapia Familiar.\u003C\/p\u003E\n\n\u003Cp\u003E\u201cNosotros trabajamos en el Laboratorio un modelo de terapia sist\u00e9mica que hemos adaptado y que ense\u00f1amos a nuestros estudiantes aqu\u00ed para dar atenci\u00f3n a la comunidad, entonces, lo que hicimos fue una presentaci\u00f3n respecto a este m\u00e9todo, ya que es una propuesta integradora de dos modelos y que aparte facilita la comprensi\u00f3n y la pr\u00e1ctica para los estudiantes\u201d,\u00a0expres\u00f3 Arturo Montoya.\u003C\/p\u003E\n\n\u003Cp\u003E\u201cLa intenci\u00f3n de la ponencia fue presentar lo que hacemos en el laboratorio para recibir retroalimentaci\u00f3n y, ver si se podr\u00eda mejorar o si se podr\u00eda aportar a este modelo desde la visi\u00f3n de otros expertos de terapia\u201d, agreg\u00f3.\u003C\/p\u003E\n\n\u003Cp\u003ERodrigo Ibarra refiri\u00f3 que participar en el evento acad\u00e9mico les dio la oportunidad de conectarse con otros investigadores de diferentes pa\u00edses como: Espa\u00f1a, Francia, Inglaterra, M\u00e9xico, Per\u00fa, Chile, Argentina, y coincidir en muchos temas con sus pares y hasta con aquellos especialistas a los que leen cotidianamente sobre terapia familiar.\u003C\/p\u003E\n\n\u003Cp\u003EA\u00f1adi\u00f3 que, \u201cvimos muchos temas que no hab\u00edamos tomado en cuenta, como el autocuidado del terapeuta\u201d, que es muy importante, adem\u00e1s, de obtener nuevas herramientas de atenci\u00f3n psicol\u00f3gica que pueden ser aplicables a este entorno regional.\u00a0\u00a0\u003C\/p\u003E\n\n\u003Cp\u003ELa asistencia al encuentro acad\u00e9mico les abri\u00f3 las puertas para realizar colaboraciones futuras ya sea de forma presencial o en l\u00ednea con expertos en terapia, y, la posibilidad de compartir conocimiento con los estudiantes de la FCASI.\u003C\/p\u003E\n\n\u003Cp\u003EPara la FCASI, la participaci\u00f3n en congresos globales es parte de las acciones a realizar para lograr el objetivo de la internacionalizaci\u00f3n acad\u00e9mica.\u003C\/p\u003E\u003C\/div\u003E\n      \n  \n\n    \n            \u003Cdiv  class=\u0022palabras-clave\u0022\u003E\n                        \u003Ca href=\u0022\/tags\/congreso-internacional\u0022 hreflang=\u0022es\u0022\u003ECongreso Internacional\u003C\/a\u003E\n                \u003Ca href=\u0022\/tags\/fcasi\u0022 hreflang=\u0022es\u0022\u003EFCASI \u003C\/a\u003E\n                \u003Ca href=\u0022\/tags\/terapia\u0022 hreflang=\u0022es\u0022\u003ETerapia \u003C\/a\u003E\n                \u003Ca href=\u0022\/tags\/valle-de-mexicali\u0022 hreflang=\u0022es\u0022\u003EValle de Mexicali\u003C\/a\u003E\n                \u003Ca href=\u0022\/tags\/licenciatura-en-psicologia\u0022 hreflang=\u0022es\u0022\u003ELicenciatura en Psicolog\u00eda\u003C\/a\u003E\n      \n      \u003C\/div\u003E\n  \n\n\n  \u003C\/div\u003E\n\n  \u003C\/div\u003E\n\n  \u003Cdiv class=\u0022area-extras group-right\u0022\u003E\n        \n                          \u003Cdiv  class=\u0022enlace-blockBottom\u0022 \u003E\n      \u003Cdiv\u003EVer m\u00e1s \u003Ca href=\u0022http:\/\/gaceta.uabc.mx\/notas\u0022\u003ENotas\u003C\/a\u003E\u003C\/div\u003E\n\u003C\/div\u003E\n      \n  \n\n\n  \u003C\/div\u003E\n\n\u003C\/div\u003E\n\n","settings":null}]