[{"command":"settings","settings":{"pluralDelimiter":"\u0003","suppressDeprecationErrors":true,"ajaxPageState":{"libraries":"core\/drupal.ajax,core\/picturefill,ds\/ds_3col_equal_width","theme":"gaceta","theme_token":null},"ajaxTrustedUrl":[],"field_group":{"html_element":{"mode":"media_expanded","context":"view","settings":{"classes":"datos","show_empty_fields":false,"id":"","element":"div","show_label":false,"label_element":"h3","label_element_classes":"","attributes":"","effect":"none","speed":"fast"}}},"user":{"uid":0,"permissionsHash":"55dc977d165ab1e05e51b6cc6487f6d73e65ab536d99ee82c6990d9001d5c21c"}},"merge":true},{"command":"add_css","data":"\u003Clink rel=\u0022stylesheet\u0022 media=\u0022all\u0022 href=\u0022\/sites\/default\/files\/css\/css_mxJrjoKKAZuuB4_4f-B1u9VnFZxvSor3Az4JEdrFEso.css\u0022 \/\u003E\n\u003Clink rel=\u0022stylesheet\u0022 media=\u0022all\u0022 href=\u0022\/sites\/default\/files\/css\/css_-BXSGQpS8YTwwuXGbPoshUvZ7W-_HbYR3H7d0DA_mEY.css\u0022 \/\u003E\n\u003Clink rel=\u0022stylesheet\u0022 media=\u0022all\u0022 href=\u0022\/sites\/default\/files\/css\/css_89YreTu0npezhXSakRJR9TVHyBS9bTcyt0s3IckAe-M.css\u0022 \/\u003E\n"},{"command":"add_js","selector":"body","data":[{"src":"\/sites\/default\/files\/js\/js_9UaAhXvc9u0KYXXUw-OKyLP2baQxdV4zY3Y_KGurcvY.js"},{"src":"\/sites\/default\/files\/js\/js_oDJxUBLBzfRb_FDgNfkNOm9-tiatS2kNfxQIeVRZA7Y.js"},{"src":"\/sites\/default\/files\/js\/js_YM82KRuzNIr2X-Kb8pQW8cOcSbWgQ_QGKclTYJ_aMlI.js"},{"src":"\/sites\/default\/files\/js\/js_pqqsPPmPmxKgamY6qk_WSawtL05XH_yAY8GkPHVyahI.js"}]},{"command":"insert","method":"replaceWith","selector":".view-mode-full","data":"\u003Cdiv data-history-node-id=\u002223674\u0022 class=\u0022contenido view-mode-media_expanded ds-3col-equal clearfix\u0022\u003E\n\n  \n\n  \u003Cdiv class=\u0022area-medios group-left\u0022\u003E\n        \n                          \u003Cdiv  class=\u0022imagen\u0022 \u003E\n          \u003Cpicture\u003E\n                  \u003Csource srcset=\u0022\/sites\/default\/files\/styles\/max_650x650\/public\/notas\/2025-09-23\/Capitulo%20estudiantil%20FCITEC.webp?itok=uxSSfKLJ 650w, \/sites\/default\/files\/styles\/max_1300x1300\/public\/notas\/2025-09-23\/Capitulo%20estudiantil%20FCITEC.webp?itok=R7JuOIfm 1300w, \/sites\/default\/files\/styles\/max_1900x1900\/public\/notas\/2025-09-23\/Capitulo%20estudiantil%20FCITEC.webp?itok=BrYw4W_w 1420w\u0022 type=\u0022image\/webp\u0022 sizes=\u0022100vw\u0022\/\u003E\n              \u003Csource srcset=\u0022\/sites\/default\/files\/styles\/max_650x650\/public\/notas\/2025-09-23\/Capitulo%20estudiantil%20FCITEC.jpg?itok=uxSSfKLJ 650w, \/sites\/default\/files\/styles\/max_1300x1300\/public\/notas\/2025-09-23\/Capitulo%20estudiantil%20FCITEC.jpg?itok=R7JuOIfm 1300w, \/sites\/default\/files\/styles\/max_1900x1900\/public\/notas\/2025-09-23\/Capitulo%20estudiantil%20FCITEC.jpg?itok=BrYw4W_w 1420w\u0022 type=\u0022image\/jpeg\u0022 sizes=\u0022100vw\u0022\/\u003E\n                  \u003Cimg srcset=\u0022\/sites\/default\/files\/styles\/max_650x650\/public\/notas\/2025-09-23\/Capitulo%20estudiantil%20FCITEC.jpg?itok=uxSSfKLJ 650w, \/sites\/default\/files\/styles\/max_1300x1300\/public\/notas\/2025-09-23\/Capitulo%20estudiantil%20FCITEC.jpg?itok=R7JuOIfm 1300w, \/sites\/default\/files\/styles\/max_1900x1900\/public\/notas\/2025-09-23\/Capitulo%20estudiantil%20FCITEC.jpg?itok=BrYw4W_w 1420w\u0022 sizes=\u0022100vw\u0022 src=\u0022\/sites\/default\/files\/styles\/max_1300x1300\/public\/notas\/2025-09-23\/Capitulo%20estudiantil%20FCITEC.jpg?itok=R7JuOIfm\u0022 alt=\u0022La Facultad de Ciencias de la Ingenier\u00eda y Tecnolog\u00eda recibe al presidente del CONAII \u0022 typeof=\u0022foaf:Image\u0022 class=\u0022img-fluid\u0022 \/\u003E\n\n  \u003C\/picture\u003E\n\n\u003C\/div\u003E\n      \n  \n\n      \u003Cdiv  class=\u0022boton-expander\u0022\u003E\n        \n                  \u003Cdiv class=\u0022item-list\u0022\u003E\u003Cul\u003E\u003Cli\u003E\u003Ca href=\u0022\/ds-switch-view-mode\/node\/23674\/media_collapsed?selector=view-mode-media_expanded\u0022 class=\u0022use-ajax\u0022\u003E\u2191\u003C\/a\u003E\u003C\/li\u003E\u003C\/ul\u003E\u003C\/div\u003E\n      \n  \n    \u003C\/div\u003E\n\n\n  \u003C\/div\u003E\n\n  \u003Cdiv class=\u0022area-info group-middle\u0022\u003E\n    \n\u003Cdiv  class=\u0022inner\u0022\u003E\n          \n                          \u003Ch2  class=\u0022titulo\u0022 \u003E\n        La Facultad de Ciencias de la Ingenier\u00eda y Tecnolog\u00eda recibe al presidente del CONAII \n\u003C\/h2\u003E\n      \n  \n\n    \n                          \u003Cdiv  class=\u0022resumen\u0022 \u003E\n      Presentan charla para fortalecer la formaci\u00f3n de estudiantes de Ingenier\u00eda Industrial\u003C\/div\u003E\n      \n  \n\n\n\u003Cdiv  class=\u0022datos\u0022\u003E\n            \u003Cdiv  class=\u0022autor\u0022\u003E\n            \u003Cdiv  class=\u0022field-label-inline\u0022\u003EPor\u003C\/div\u003E\n  \n                  \u003Ca href=\u0022\/autores\/yuridia-vega\u0022 hreflang=\u0022es\u0022\u003EYuridia Vega\u003C\/a\u003E\n      \n  \n    \u003C\/div\u003E\n\n      \u003Cdiv  class=\u0022campus\u0022\u003E\n            \u003Cdiv  class=\u0022field-label-inline\u0022\u003ECampus\u003C\/div\u003E\n  \n                  \u003Ca href=\u0022\/campus\/tijuana\u0022 hreflang=\u0022es\u0022\u003ETijuana\u003C\/a\u003E\n      \n  \n    \u003C\/div\u003E\n\n    \n                          \u003Cdiv  class=\u0022fecha\u0022 \u003E\n      24 de Septiembre de 2025\u003C\/div\u003E\n      \n  \n\n\n  \u003C\/div\u003E\n    \n                          \u003Cdiv  class=\u0022texto\u0022 \u003E\n      \u003Cp\u003ELa Facultad de Ciencias de la Ingenier\u00eda y Tecnolog\u00eda (FCITEC) de la Universidad Aut\u00f3noma de Baja California recibi\u00f3 la visita del maestro Alejandro S\u00e1nchez Aguilar, presidente del Colegio Nacional de Ingenieros Industriales (CONAII), quien imparti\u00f3 una pl\u00e1tica a los y las integrantes del Cap\u00edtulo Estudiantil CONAII-UABC.\u00a0\u003C\/p\u003E\n\n\u003Cp\u003EDurante su intervenci\u00f3n, el maestro S\u00e1nchez Aguilar motiv\u00f3 a las y los estudiantes a enriquecer su formaci\u00f3n profesional a trav\u00e9s de cursos, capacitaciones y actividades que ofrece tanto el colegio como la propia universidad. Asimismo, les exhort\u00f3 a aprovechar la oportunidad que representa la vinculaci\u00f3n con otros cap\u00edtulos estudiantiles a nivel nacional, as\u00ed como con organismos internacionales como la Uni\u00f3n Mexicana de Asociaciones de Ingenieros (UMAI) y la Uni\u00f3n Panamericana de Asociaciones de Ingenieros (UPADI).\u00a0\u003C\/p\u003E\n\n\u003Cp\u003EComo parte de su visita, el Cap\u00edtulo Estudiantil, realiz\u00f3 un recorrido por las instalaciones de la facultad, mostrando la capacidad instalada con la que se forman las y los ingenieros industriales de Baja California; acompa\u00f1ado de la coordinadora del programa educativo de Ingenier\u00eda Industrial, la doctora Marina Dolores de la Vega Rodr\u00edguez; as\u00ed como por los profesores y mentores, la doctora Yuridia Vega y el doctor Manuel Javier Rosel Sol\u00eds.\u00a0\u003C\/p\u003E\n\n\u003Cp\u003EEl doctor Abdel Mej\u00eda Medina, director de la FCITEC, agradeci\u00f3 la visita del presidente del CONAII y destac\u00f3 la relevancia de la colaboraci\u00f3n entre el colegio y la facultad para fortalecer la formaci\u00f3n acad\u00e9mica y profesional de los estudiantes de Ingenier\u00eda Industrial. Por su parte, el maestro S\u00e1nchez Aguilar reiter\u00f3 su compromiso de mantener una mayor cercan\u00eda con la zona 1 del pa\u00eds y comparti\u00f3 su visi\u00f3n de establecer una oficina regional del CONAII que permita vincular de manera m\u00e1s directa al sector acad\u00e9mico con la industria, impulsando proyectos de mejora continua y desarrollo profesional.\u00a0\u003C\/p\u003E\n\n\u003Cp\u003ECon acciones como estas, la FCITEC reafirma su compromiso con la excelencia acad\u00e9mica y la vinculaci\u00f3n con organismos profesionales e industriales, impulsando a sus estudiantes a ser l\u00edderes en la transformaci\u00f3n y mejora de su entorno.\u003C\/p\u003E\u003C\/div\u003E\n      \n  \n\n    \n            \u003Cdiv  class=\u0022palabras-clave\u0022\u003E\n                        \u003Ca href=\u0022\/tags\/fcitec\u0022 hreflang=\u0022es\u0022\u003EFCITEC\u003C\/a\u003E\n                \u003Ca href=\u0022\/tags\/conaii\u0022 hreflang=\u0022es\u0022\u003EConaii\u003C\/a\u003E\n                \u003Ca href=\u0022\/tags\/vinculacion\u0022 hreflang=\u0022es\u0022\u003EVinculaci\u00f3n\u003C\/a\u003E\n      \n      \u003C\/div\u003E\n  \n\n\n  \u003C\/div\u003E\n\n  \u003C\/div\u003E\n\n  \u003Cdiv class=\u0022area-extras group-right\u0022\u003E\n        \n                          \u003Cdiv  class=\u0022enlace-blockBottom\u0022 \u003E\n      \u003Cdiv\u003EVer m\u00e1s \u003Ca href=\u0022http:\/\/gaceta.uabc.mx\/notas\u0022\u003ENotas\u003C\/a\u003E\u003C\/div\u003E\n\u003C\/div\u003E\n      \n  \n\n\n  \u003C\/div\u003E\n\n\u003C\/div\u003E\n\n","settings":null}]