[{"command":"settings","settings":{"pluralDelimiter":"\u0003","suppressDeprecationErrors":true,"ajaxPageState":{"libraries":"core\/drupal.ajax,core\/picturefill,ds\/ds_3col_equal_width","theme":"gaceta","theme_token":null},"ajaxTrustedUrl":[],"field_group":{"html_element":{"mode":"media_expanded","context":"view","settings":{"classes":"datos","show_empty_fields":false,"id":"","element":"div","show_label":false,"label_element":"h3","label_element_classes":"","attributes":"","effect":"none","speed":"fast"}}},"user":{"uid":0,"permissionsHash":"55dc977d165ab1e05e51b6cc6487f6d73e65ab536d99ee82c6990d9001d5c21c"}},"merge":true},{"command":"add_css","data":"\u003Clink rel=\u0022stylesheet\u0022 media=\u0022all\u0022 href=\u0022\/sites\/default\/files\/css\/css_mxJrjoKKAZuuB4_4f-B1u9VnFZxvSor3Az4JEdrFEso.css\u0022 \/\u003E\n\u003Clink rel=\u0022stylesheet\u0022 media=\u0022all\u0022 href=\u0022\/sites\/default\/files\/css\/css_-BXSGQpS8YTwwuXGbPoshUvZ7W-_HbYR3H7d0DA_mEY.css\u0022 \/\u003E\n\u003Clink rel=\u0022stylesheet\u0022 media=\u0022all\u0022 href=\u0022\/sites\/default\/files\/css\/css_89YreTu0npezhXSakRJR9TVHyBS9bTcyt0s3IckAe-M.css\u0022 \/\u003E\n"},{"command":"add_js","selector":"body","data":[{"src":"\/sites\/default\/files\/js\/js_9UaAhXvc9u0KYXXUw-OKyLP2baQxdV4zY3Y_KGurcvY.js"},{"src":"\/sites\/default\/files\/js\/js_oDJxUBLBzfRb_FDgNfkNOm9-tiatS2kNfxQIeVRZA7Y.js"},{"src":"\/sites\/default\/files\/js\/js_YM82KRuzNIr2X-Kb8pQW8cOcSbWgQ_QGKclTYJ_aMlI.js"},{"src":"\/sites\/default\/files\/js\/js_pqqsPPmPmxKgamY6qk_WSawtL05XH_yAY8GkPHVyahI.js"}]},{"command":"insert","method":"replaceWith","selector":".view-mode-full","data":"\u003Cdiv data-history-node-id=\u002223678\u0022 class=\u0022contenido view-mode-media_expanded ds-3col-equal clearfix\u0022\u003E\n\n  \n\n  \u003Cdiv class=\u0022area-medios group-left\u0022\u003E\n        \n                          \u003Cdiv  class=\u0022imagen\u0022 \u003E\n          \u003Cpicture\u003E\n                  \u003Csource srcset=\u0022\/sites\/default\/files\/styles\/max_650x650\/public\/notas\/2025-09-24\/estancia%20de%20inv%20FACISALUD.webp?itok=kHq3B3T1 650w, \/sites\/default\/files\/styles\/max_1300x1300\/public\/notas\/2025-09-24\/estancia%20de%20inv%20FACISALUD.webp?itok=gy8Vhl6d 1300w, \/sites\/default\/files\/styles\/max_1900x1900\/public\/notas\/2025-09-24\/estancia%20de%20inv%20FACISALUD.webp?itok=dcYNpYD7 1420w\u0022 type=\u0022image\/webp\u0022 sizes=\u0022100vw\u0022\/\u003E\n              \u003Csource srcset=\u0022\/sites\/default\/files\/styles\/max_650x650\/public\/notas\/2025-09-24\/estancia%20de%20inv%20FACISALUD.jpg?itok=kHq3B3T1 650w, \/sites\/default\/files\/styles\/max_1300x1300\/public\/notas\/2025-09-24\/estancia%20de%20inv%20FACISALUD.jpg?itok=gy8Vhl6d 1300w, \/sites\/default\/files\/styles\/max_1900x1900\/public\/notas\/2025-09-24\/estancia%20de%20inv%20FACISALUD.jpg?itok=dcYNpYD7 1420w\u0022 type=\u0022image\/jpeg\u0022 sizes=\u0022100vw\u0022\/\u003E\n                  \u003Cimg srcset=\u0022\/sites\/default\/files\/styles\/max_650x650\/public\/notas\/2025-09-24\/estancia%20de%20inv%20FACISALUD.jpg?itok=kHq3B3T1 650w, \/sites\/default\/files\/styles\/max_1300x1300\/public\/notas\/2025-09-24\/estancia%20de%20inv%20FACISALUD.jpg?itok=gy8Vhl6d 1300w, \/sites\/default\/files\/styles\/max_1900x1900\/public\/notas\/2025-09-24\/estancia%20de%20inv%20FACISALUD.jpg?itok=dcYNpYD7 1420w\u0022 sizes=\u0022100vw\u0022 src=\u0022\/sites\/default\/files\/styles\/max_1300x1300\/public\/notas\/2025-09-24\/estancia%20de%20inv%20FACISALUD.jpg?itok=gy8Vhl6d\u0022 alt=\u0022Colaboraci\u00f3n acad\u00e9mica entre UASLP y UABC impulsa proyecto en neuroeducaci\u00f3n y fisiolog\u00eda\u0022 typeof=\u0022foaf:Image\u0022 class=\u0022img-fluid\u0022 \/\u003E\n\n  \u003C\/picture\u003E\n\n\u003C\/div\u003E\n      \n  \n\n      \u003Cdiv  class=\u0022boton-expander\u0022\u003E\n        \n                  \u003Cdiv class=\u0022item-list\u0022\u003E\u003Cul\u003E\u003Cli\u003E\u003Ca href=\u0022\/ds-switch-view-mode\/node\/23678\/media_collapsed?selector=view-mode-media_expanded\u0022 class=\u0022use-ajax\u0022\u003E\u2191\u003C\/a\u003E\u003C\/li\u003E\u003C\/ul\u003E\u003C\/div\u003E\n      \n  \n    \u003C\/div\u003E\n\n\n  \u003C\/div\u003E\n\n  \u003Cdiv class=\u0022area-info group-middle\u0022\u003E\n    \n\u003Cdiv  class=\u0022inner\u0022\u003E\n          \n                          \u003Ch2  class=\u0022titulo\u0022 \u003E\n        Colaboraci\u00f3n acad\u00e9mica entre UASLP y UABC impulsa proyecto en neuroeducaci\u00f3n y fisiolog\u00eda\n\u003C\/h2\u003E\n      \n  \n\n    \n                          \u003Cdiv  class=\u0022resumen\u0022 \u003E\n      Colaboraci\u00f3n interinstitucional busca lograr una propuesta interdisciplinaria en neuroeducaci\u00f3n y fisiolog\u00eda\u003C\/div\u003E\n      \n  \n\n\n\u003Cdiv  class=\u0022datos\u0022\u003E\n            \u003Cdiv  class=\u0022autor\u0022\u003E\n            \u003Cdiv  class=\u0022field-label-inline\u0022\u003EPor\u003C\/div\u003E\n  \n                  \u003Ca href=\u0022\/autores\/cesar-quiterio\u0022 hreflang=\u0022es\u0022\u003EC\u00e9sar Quiterio \u003C\/a\u003E\n      \n  \n    \u003C\/div\u003E\n\n      \u003Cdiv  class=\u0022campus\u0022\u003E\n            \u003Cdiv  class=\u0022field-label-inline\u0022\u003ECampus\u003C\/div\u003E\n  \n                  \u003Ca href=\u0022\/campus\/tijuana\u0022 hreflang=\u0022es\u0022\u003ETijuana\u003C\/a\u003E\n      \n  \n    \u003C\/div\u003E\n\n    \n                          \u003Cdiv  class=\u0022fecha\u0022 \u003E\n      24 de Septiembre de 2025\u003C\/div\u003E\n      \n  \n\n\n  \u003C\/div\u003E\n    \n                          \u003Cdiv  class=\u0022texto\u0022 \u003E\n      \u003Cp\u003ELa Facultad de Ciencias de la Salud, de la UABC campus Tijuana, unidad Valle de las Palmas, recibi\u00f3 la visita de la doctora Mar\u00eda Eugenia S\u00e1nchez Briones, m\u00e9dica adscrita a la licenciatura de Medicina de la Facultad de Estudios Profesionales de la Universidad Aut\u00f3noma de San Luis Potos\u00ed (UASLP), para realizar una estancia de investigaci\u00f3n. \u201cEsta colaboraci\u00f3n representa una experiencia muy grata y enriquecedora, tanto en lo profesional como en lo personal\u201d, se\u00f1al\u00f3 la doctora S\u00e1nchez Briones.\u00a0\u003C\/p\u003E\n\n\u003Cp\u003ESu visita se enmarca en un proyecto de colaboraci\u00f3n con el Cuerpo Acad\u00e9mico de Psicolog\u00eda de las Conductas de Riesgo, con el cual ha trabajado desde hace tres a\u00f1os. El objetivo principal es el dise\u00f1o de una propuesta interdisciplinaria en neuroeducaci\u00f3n y fisiolog\u00eda, que busca vincular la fisiolog\u00eda aplicada con las funciones ejecutivas para fortalecer el aprendizaje aut\u00e9ntico de los y las estudiantes.\u00a0\u003C\/p\u003E\n\n\u003Cp\u003EEl proyecto, inicialmente dirigido a estudiantes de Medicina de la UASLP, se pretende implementar tambi\u00e9n en las licenciaturas del \u00e1rea de la salud de la UABC, beneficiando a la comunidad cimarrona. La estrategia promueve pedagog\u00edas innovadoras que trascienden la memorizaci\u00f3n y se enfocan en la aplicaci\u00f3n pr\u00e1ctica del conocimiento en la vida cotidiana y en la formaci\u00f3n cl\u00ednica. La acad\u00e9mica destac\u00f3 que esta colaboraci\u00f3n interinstitucional, de la mano de la coordinaci\u00f3n de investigaci\u00f3n y posgrado de la facultad a cargo de la doctora Mar\u00eda Luisa Garc\u00eda G\u00f3mez, no solo fortalece la formaci\u00f3n del alumnado, sino que tambi\u00e9n permite la transversalidad del conocimiento entre distintas disciplinas, fomentando un trabajo colaborativo que impacta positivamente en el desarrollo profesional de los futuros profesionales de la salud.\u00a0\u003C\/p\u003E\n\n\u003Cp\u003ESe espera que en los pr\u00f3ximos semestres se concrete el dise\u00f1o del proyecto e intervenci\u00f3n, con miras a registrar la estrategia como propiedad intelectual y extender su aplicaci\u00f3n a distintas \u00e1reas de la salud en ambas universidades.\u003C\/p\u003E\n\n\u003Cp\u003EEsta colaboraci\u00f3n se alinea al PDI 2023-2027 de la UABC, fortaleciendo la investigaci\u00f3n e innovaci\u00f3n, en este caso en investigaci\u00f3n interdisciplinaria en salud.\u003C\/p\u003E\n\n\u003Cp\u003E\u00a0\u003C\/p\u003E\u003C\/div\u003E\n      \n  \n\n    \n            \u003Cdiv  class=\u0022palabras-clave\u0022\u003E\n                        \u003Ca href=\u0022\/tags\/estancia-de-investigacion\u0022 hreflang=\u0022es\u0022\u003Eestancia de investigaci\u00f3n\u003C\/a\u003E\n                \u003Ca href=\u0022\/tags\/facisalud-0\u0022 hreflang=\u0022es\u0022\u003EFACISALUD \u003C\/a\u003E\n                \u003Ca href=\u0022\/tags\/uaslp\u0022 hreflang=\u0022es\u0022\u003EUASLP\u003C\/a\u003E\n      \n      \u003C\/div\u003E\n  \n\n\n  \u003C\/div\u003E\n\n  \u003C\/div\u003E\n\n  \u003Cdiv class=\u0022area-extras group-right\u0022\u003E\n        \n                          \u003Cdiv  class=\u0022enlace-blockBottom\u0022 \u003E\n      \u003Cdiv\u003EVer m\u00e1s \u003Ca href=\u0022http:\/\/gaceta.uabc.mx\/notas\u0022\u003ENotas\u003C\/a\u003E\u003C\/div\u003E\n\u003C\/div\u003E\n      \n  \n\n\n  \u003C\/div\u003E\n\n\u003C\/div\u003E\n\n","settings":null}]