[{"command":"settings","settings":{"pluralDelimiter":"\u0003","suppressDeprecationErrors":true,"ajaxPageState":{"libraries":"core\/drupal.ajax,core\/picturefill,ds\/ds_3col_equal_width","theme":"gaceta","theme_token":null},"ajaxTrustedUrl":[],"field_group":{"html_element":{"mode":"media_expanded","context":"view","settings":{"classes":"datos","show_empty_fields":false,"id":"","element":"div","show_label":false,"label_element":"h3","label_element_classes":"","attributes":"","effect":"none","speed":"fast"}}},"user":{"uid":0,"permissionsHash":"55dc977d165ab1e05e51b6cc6487f6d73e65ab536d99ee82c6990d9001d5c21c"}},"merge":true},{"command":"add_css","data":"\u003Clink rel=\u0022stylesheet\u0022 media=\u0022all\u0022 href=\u0022\/sites\/default\/files\/css\/css_mxJrjoKKAZuuB4_4f-B1u9VnFZxvSor3Az4JEdrFEso.css\u0022 \/\u003E\n\u003Clink rel=\u0022stylesheet\u0022 media=\u0022all\u0022 href=\u0022\/sites\/default\/files\/css\/css_-BXSGQpS8YTwwuXGbPoshUvZ7W-_HbYR3H7d0DA_mEY.css\u0022 \/\u003E\n\u003Clink rel=\u0022stylesheet\u0022 media=\u0022all\u0022 href=\u0022\/sites\/default\/files\/css\/css_89YreTu0npezhXSakRJR9TVHyBS9bTcyt0s3IckAe-M.css\u0022 \/\u003E\n"},{"command":"add_js","selector":"body","data":[{"src":"\/sites\/default\/files\/js\/js_9UaAhXvc9u0KYXXUw-OKyLP2baQxdV4zY3Y_KGurcvY.js"},{"src":"\/sites\/default\/files\/js\/js_oDJxUBLBzfRb_FDgNfkNOm9-tiatS2kNfxQIeVRZA7Y.js"},{"src":"\/sites\/default\/files\/js\/js_YM82KRuzNIr2X-Kb8pQW8cOcSbWgQ_QGKclTYJ_aMlI.js"},{"src":"\/sites\/default\/files\/js\/js_pqqsPPmPmxKgamY6qk_WSawtL05XH_yAY8GkPHVyahI.js"}]},{"command":"insert","method":"replaceWith","selector":".view-mode-full","data":"\u003Cdiv data-history-node-id=\u002223684\u0022 class=\u0022contenido view-mode-media_expanded ds-3col-equal clearfix\u0022\u003E\n\n  \n\n  \u003Cdiv class=\u0022area-medios group-left\u0022\u003E\n        \n                          \u003Cdiv  class=\u0022imagen\u0022 \u003E\n          \u003Cpicture\u003E\n                  \u003Csource srcset=\u0022\/sites\/default\/files\/styles\/max_650x650\/public\/notas\/2025-09-25\/DSC_0769.webp?itok=g5mB1MRI 650w, \/sites\/default\/files\/styles\/max_1300x1300\/public\/notas\/2025-09-25\/DSC_0769.webp?itok=ByMk0pAb 1300w, \/sites\/default\/files\/styles\/max_1900x1900\/public\/notas\/2025-09-25\/DSC_0769.webp?itok=U-M5J7vt 1900w\u0022 type=\u0022image\/webp\u0022 sizes=\u0022100vw\u0022\/\u003E\n              \u003Csource srcset=\u0022\/sites\/default\/files\/styles\/max_650x650\/public\/notas\/2025-09-25\/DSC_0769.jpg?itok=g5mB1MRI 650w, \/sites\/default\/files\/styles\/max_1300x1300\/public\/notas\/2025-09-25\/DSC_0769.jpg?itok=ByMk0pAb 1300w, \/sites\/default\/files\/styles\/max_1900x1900\/public\/notas\/2025-09-25\/DSC_0769.jpg?itok=U-M5J7vt 1900w\u0022 type=\u0022image\/jpeg\u0022 sizes=\u0022100vw\u0022\/\u003E\n                  \u003Cimg srcset=\u0022\/sites\/default\/files\/styles\/max_650x650\/public\/notas\/2025-09-25\/DSC_0769.jpg?itok=g5mB1MRI 650w, \/sites\/default\/files\/styles\/max_1300x1300\/public\/notas\/2025-09-25\/DSC_0769.jpg?itok=ByMk0pAb 1300w, \/sites\/default\/files\/styles\/max_1900x1900\/public\/notas\/2025-09-25\/DSC_0769.jpg?itok=U-M5J7vt 1900w\u0022 sizes=\u0022100vw\u0022 src=\u0022\/sites\/default\/files\/styles\/max_1300x1300\/public\/notas\/2025-09-25\/DSC_0769.jpg?itok=ByMk0pAb\u0022 alt=\u0022100 Generaciones FCM \u0022 typeof=\u0022foaf:Image\u0022 class=\u0022img-fluid\u0022 \/\u003E\n\n  \u003C\/picture\u003E\n\n\u003C\/div\u003E\n      \n  \n\n      \u003Cdiv  class=\u0022boton-expander\u0022\u003E\n        \n                  \u003Cdiv class=\u0022item-list\u0022\u003E\u003Cul\u003E\u003Cli\u003E\u003Ca href=\u0022\/ds-switch-view-mode\/node\/23684\/media_collapsed?selector=view-mode-media_expanded\u0022 class=\u0022use-ajax\u0022\u003E\u2191\u003C\/a\u003E\u003C\/li\u003E\u003C\/ul\u003E\u003C\/div\u003E\n      \n  \n    \u003C\/div\u003E\n\n\n  \u003C\/div\u003E\n\n  \u003Cdiv class=\u0022area-info group-middle\u0022\u003E\n    \n\u003Cdiv  class=\u0022inner\u0022\u003E\n          \n                          \u003Ch2  class=\u0022titulo\u0022 \u003E\n        Celebra la Facultad de Ciencias Marinas 100 generaciones de egresadas y egresados de Oceanolog\u00eda\n\u003C\/h2\u003E\n      \n  \n\n    \n                          \u003Cdiv  class=\u0022resumen\u0022 \u003E\n      En colaboraci\u00f3n con ASOCEAN, la Facultad de Ciencias Marinas organiz\u00f3 el evento para inspirar a las nuevas juventudes y fortalecer la comunidad profesional\u003C\/div\u003E\n      \n  \n\n\n\u003Cdiv  class=\u0022datos\u0022\u003E\n            \u003Cdiv  class=\u0022autor\u0022\u003E\n            \u003Cdiv  class=\u0022field-label-inline\u0022\u003EPor\u003C\/div\u003E\n  \n                  \u003Ca href=\u0022\/autores\/paulina-moreno-rangel\u0022 hreflang=\u0022es\u0022\u003EPaulina Moreno Rangel\u003C\/a\u003E\n      \n  \n    \u003C\/div\u003E\n\n      \u003Cdiv  class=\u0022campus\u0022\u003E\n            \u003Cdiv  class=\u0022field-label-inline\u0022\u003ECampus\u003C\/div\u003E\n  \n                  \u003Ca href=\u0022\/campus\/ensenada\u0022 hreflang=\u0022es\u0022\u003EEnsenada\u003C\/a\u003E\n      \n  \n    \u003C\/div\u003E\n\n    \n                          \u003Cdiv  class=\u0022fecha\u0022 \u003E\n      25 de Septiembre de 2025\u003C\/div\u003E\n      \n  \n\n\n  \u003C\/div\u003E\n    \n                          \u003Cdiv  class=\u0022texto\u0022 \u003E\n      \u003Cp\u003ECon un sentido de orgullo, legado y compromiso con los oc\u00e9anos, la Facultad de Ciencias Marinas (FCM) y el Instituto de Investigaciones Oceanol\u00f3gicas de la Universidad Aut\u00f3noma de Baja California (UABC), en colaboraci\u00f3n con la Asociaci\u00f3n de Ocean\u00f3logos de M\u00e9xico (ASOCEAN), celebraron oficialmente 100 generaciones de egreso de la licenciatura en Oceanolog\u00eda, programa educativo pionero con casi 65 a\u00f1os de historia.\u003C\/p\u003E\n\n\u003Cp\u003EEl acto conmemorativo, titulado \u0022Entre la aventura y el reto de ser Ocean\u00f3loga y Ocean\u00f3logo: 100 Generaciones\u0022, cont\u00f3 con la presencia de autoridades universitarias, exdirectivos de la FCM, representantes de la ASOCEAN, estudiantes, as\u00ed como egresadas y egresados de diversas generaciones, desde la quinta hasta la generaci\u00f3n 100.\u003C\/p\u003E\n\n\u003Cp\u003ELa vicerrectora del campus Ensenada, doctora Lus Mercedes L\u00f3pez Acu\u00f1a, resalt\u00f3 el papel fundamental de los ocean\u00f3logas y ocean\u00f3logos en la sociedad y felicit\u00f3 a la comunidad por este logro. \u0022Estas cien generaciones atestiguan el compromiso, la dedicaci\u00f3n y la excelencia que caracterizan a esta facultad. Ustedes, las y los estudiantes, tienen un peso muy grande sobre sus hombros: la protecci\u00f3n de nuestros mares y costas, que hoy m\u00e1s que nunca necesitan de su talento y preparaci\u00f3n\u0022, expres\u00f3 durante la declaratoria inaugural.\u003C\/p\u003E\n\n\u003Cp\u003EPor otro lado, la directora de la FCM, doctora Natalie Mill\u00e1n Agui\u00f1aga, destac\u00f3 la importancia de este acontecimiento en el marco del 65 aniversario de la facultad, que se celebrar\u00e1 el pr\u00f3ximo 15 de diciembre. \u0022Hoy no solo celebramos un n\u00famero; rendimos un homenaje al conocimiento, la dedicaci\u00f3n y la pasi\u00f3n por los oc\u00e9anos de todas las personas que han pasado por esta escuela. Es un reconocimiento a cada estudiante, docente, investigador e investigadora que ha dejado huella en la formaci\u00f3n de l\u00edderes en las ciencias del mar\u0022, afirm\u00f3.\u003C\/p\u003E\n\n\u003Cp\u003EAsimismo, la maestra Silvia Carre\u00f1o Gonz\u00e1lez, presidenta de la ASOCEAN, enfatiz\u00f3 la necesidad de fortalecer el trabajo en equipo entre los ocean\u00f3logos y ocean\u00f3logas, un grupo peque\u00f1o de aproximadamente tres mil egresados en todo el pa\u00eds, para enfrentar los grandes retos que representan la conservaci\u00f3n y el estudio de los ecosistemas marinos. \u0022Nuestro objeto de estudio es el m\u00e1s grande del mundo. Necesitamos unirnos y colaborar con otras personas profesionales para proteger nuestros oc\u00e9anos\u0022, se\u00f1al\u00f3.\u003C\/p\u003E\n\n\u003Cp\u003EEl evento, que surgi\u00f3 como una iniciativa durante la Semana de Ciencias Marinas, busc\u00f3 ser un punto de encuentro para que las nuevas generaciones de estudiantes convivieran y se inspiraran con las experiencias de egresadas y egresados que han desarrollado trayectorias profesionales en diversas \u00e1reas de la Oceanolog\u00eda.\u003C\/p\u003E\n\n\u003Cp\u003ECon casi 2,500 personas egresadas, la licenciatura en Oceanolog\u00eda de la UABC consolida su liderazgo en la formaci\u00f3n de especialistas en ciencias del mar en M\u00e9xico, contribuyendo al prestigio nacional e internacional de la universidad.\u003C\/p\u003E\n\n\u003Cp\u003EDurante el evento se cont\u00f3 con la presencia del doctor Leopoldo Guillermo Mendoza Espinoza, subdirector del Instituto de Investigaciones Oceanol\u00f3gicas; y el ocean\u00f3logo Luis Gustavo \u00c1lvarez S\u00e1nchez, socio fundador de la ASOCEAN y miembro de la quinta generaci\u00f3n de ocean\u00f3logos de la UABC.\u003C\/p\u003E\n\n\u003Cp\u003E\u00a0\u003C\/p\u003E\n\u003Cimg alt=\u0022Evento 100\u0022 data-entity-type=\u0022file\u0022 data-entity-uuid=\u002246affdcf-6478-4b59-bb2a-8f5593b13f98\u0022 src=\u0022\/sites\/default\/files\/inline-images\/DSC_0759.jpg\u0022 class=\u0022align-center\u0022 width=\u00222048\u0022 height=\u00221365\u0022 loading=\u0022lazy\u0022 \/\u003E\u003Cp\u003E\u00a0\u003C\/p\u003E\u003C\/div\u003E\n      \n  \n\n    \n            \u003Cdiv  class=\u0022palabras-clave\u0022\u003E\n                        \u003Ca href=\u0022\/tags\/100-generaciones\u0022 hreflang=\u0022es\u0022\u003E100 generaciones \u003C\/a\u003E\n                \u003Ca href=\u0022\/tags\/oceanologia\u0022 hreflang=\u0022es\u0022\u003EOceanolog\u00eda\u003C\/a\u003E\n                \u003Ca href=\u0022\/tags\/facultad-de-ciencias-marinas\u0022 hreflang=\u0022es\u0022\u003EFacultad de Ciencias Marinas\u003C\/a\u003E\n                \u003Ca href=\u0022\/tags\/instituto-de-investigaciones-oceanologicas\u0022 hreflang=\u0022es\u0022\u003EInstituto de Investigaciones Oceanol\u00f3gicas\u003C\/a\u003E\n                \u003Ca href=\u0022\/tags\/asociacion-de-oceanologos-de-mexico\u0022 hreflang=\u0022es\u0022\u003EAsociaci\u00f3n de Ocean\u00f3logos de M\u00e9xico \u003C\/a\u003E\n      \n      \u003C\/div\u003E\n  \n\n\n  \u003C\/div\u003E\n\n  \u003C\/div\u003E\n\n  \u003Cdiv class=\u0022area-extras group-right\u0022\u003E\n        \n                          \u003Cdiv  class=\u0022enlace-blockBottom\u0022 \u003E\n      \u003Cdiv\u003EVer m\u00e1s \u003Ca href=\u0022http:\/\/gaceta.uabc.mx\/notas\u0022\u003ENotas\u003C\/a\u003E\u003C\/div\u003E\n\u003C\/div\u003E\n      \n  \n\n\n  \u003C\/div\u003E\n\n\u003C\/div\u003E\n\n","settings":null}]