[{"command":"settings","settings":{"pluralDelimiter":"\u0003","suppressDeprecationErrors":true,"ajaxPageState":{"libraries":"core\/drupal.ajax,core\/picturefill,ds\/ds_3col_equal_width","theme":"gaceta","theme_token":null},"ajaxTrustedUrl":[],"field_group":{"html_element":{"mode":"media_expanded","context":"view","settings":{"classes":"datos","show_empty_fields":false,"id":"","element":"div","show_label":false,"label_element":"h3","label_element_classes":"","attributes":"","effect":"none","speed":"fast"}}},"user":{"uid":0,"permissionsHash":"55dc977d165ab1e05e51b6cc6487f6d73e65ab536d99ee82c6990d9001d5c21c"}},"merge":true},{"command":"add_css","data":"\u003Clink rel=\u0022stylesheet\u0022 media=\u0022all\u0022 href=\u0022\/sites\/default\/files\/css\/css_mxJrjoKKAZuuB4_4f-B1u9VnFZxvSor3Az4JEdrFEso.css\u0022 \/\u003E\n\u003Clink rel=\u0022stylesheet\u0022 media=\u0022all\u0022 href=\u0022\/sites\/default\/files\/css\/css_-BXSGQpS8YTwwuXGbPoshUvZ7W-_HbYR3H7d0DA_mEY.css\u0022 \/\u003E\n\u003Clink rel=\u0022stylesheet\u0022 media=\u0022all\u0022 href=\u0022\/sites\/default\/files\/css\/css_89YreTu0npezhXSakRJR9TVHyBS9bTcyt0s3IckAe-M.css\u0022 \/\u003E\n"},{"command":"add_js","selector":"body","data":[{"src":"\/sites\/default\/files\/js\/js_9UaAhXvc9u0KYXXUw-OKyLP2baQxdV4zY3Y_KGurcvY.js"},{"src":"\/sites\/default\/files\/js\/js_oDJxUBLBzfRb_FDgNfkNOm9-tiatS2kNfxQIeVRZA7Y.js"},{"src":"\/sites\/default\/files\/js\/js_YM82KRuzNIr2X-Kb8pQW8cOcSbWgQ_QGKclTYJ_aMlI.js"},{"src":"\/sites\/default\/files\/js\/js_pqqsPPmPmxKgamY6qk_WSawtL05XH_yAY8GkPHVyahI.js"}]},{"command":"insert","method":"replaceWith","selector":".view-mode-full","data":"\u003Cdiv data-history-node-id=\u002223697\u0022 class=\u0022contenido view-mode-media_expanded ds-3col-equal clearfix\u0022\u003E\n\n  \n\n  \u003Cdiv class=\u0022area-medios group-left\u0022\u003E\n        \n                          \u003Cdiv  class=\u0022imagen\u0022 \u003E\n          \u003Cpicture\u003E\n                  \u003Csource srcset=\u0022\/sites\/default\/files\/styles\/max_650x650\/public\/notas\/2025-09-29\/Wisc.webp?itok=M3BFN9Ru 650w, \/sites\/default\/files\/styles\/max_1900x1900\/public\/notas\/2025-09-29\/Wisc.webp?itok=mM_uKDfO 1280w\u0022 type=\u0022image\/webp\u0022 sizes=\u0022100vw\u0022\/\u003E\n              \u003Csource srcset=\u0022\/sites\/default\/files\/styles\/max_650x650\/public\/notas\/2025-09-29\/Wisc.jpg?itok=M3BFN9Ru 650w, \/sites\/default\/files\/styles\/max_1900x1900\/public\/notas\/2025-09-29\/Wisc.jpg?itok=mM_uKDfO 1280w\u0022 type=\u0022image\/jpeg\u0022 sizes=\u0022100vw\u0022\/\u003E\n                  \u003Cimg srcset=\u0022\/sites\/default\/files\/styles\/max_650x650\/public\/notas\/2025-09-29\/Wisc.jpg?itok=M3BFN9Ru 650w, \/sites\/default\/files\/styles\/max_1900x1900\/public\/notas\/2025-09-29\/Wisc.jpg?itok=mM_uKDfO 1280w\u0022 sizes=\u0022100vw\u0022 src=\u0022\/sites\/default\/files\/styles\/max_1300x1300\/public\/notas\/2025-09-29\/Wisc.jpg?itok=48tGFIl4\u0022 alt=\u0022Comunidad acad\u00e9mica y estudiantil recibe pruebas psicologicas\u0022 typeof=\u0022foaf:Image\u0022 class=\u0022img-fluid\u0022 \/\u003E\n\n  \u003C\/picture\u003E\n\n\u003C\/div\u003E\n      \n  \n\n      \u003Cdiv  class=\u0022boton-expander\u0022\u003E\n        \n                  \u003Cdiv class=\u0022item-list\u0022\u003E\u003Cul\u003E\u003Cli\u003E\u003Ca href=\u0022\/ds-switch-view-mode\/node\/23697\/media_collapsed?selector=view-mode-media_expanded\u0022 class=\u0022use-ajax\u0022\u003E\u2191\u003C\/a\u003E\u003C\/li\u003E\u003C\/ul\u003E\u003C\/div\u003E\n      \n  \n    \u003C\/div\u003E\n\n\n  \u003C\/div\u003E\n\n  \u003Cdiv class=\u0022area-info group-middle\u0022\u003E\n    \n\u003Cdiv  class=\u0022inner\u0022\u003E\n          \n                          \u003Ch2  class=\u0022titulo\u0022 \u003E\n        Con apoyo de Sorteos UABC, recibi\u00f3 Ciencias Humanas nuevo equipo\n\u003C\/h2\u003E\n      \n  \n\n    \n                          \u003Cdiv  class=\u0022resumen\u0022 \u003E\n      Se trata de pruebas WISC-v para Psicolog\u00eda y equipo de producci\u00f3n fotogr\u00e1fica para Ciencias de la Comunicaci\u00f3n \u003Cbr \/\u003E\r\n\u003C\/div\u003E\n      \n  \n\n\n\u003Cdiv  class=\u0022datos\u0022\u003E\n            \u003Cdiv  class=\u0022autor\u0022\u003E\n            \u003Cdiv  class=\u0022field-label-inline\u0022\u003EPor\u003C\/div\u003E\n  \n                  \u003Ca href=\u0022\/autores\/vicente-gonzalez-y-bryan-yanez\u0022 hreflang=\u0022es\u0022\u003EVicente Gonz\u00e1lez y Bryan Yanez\u003C\/a\u003E\n      \n  \n    \u003C\/div\u003E\n\n      \u003Cdiv  class=\u0022campus\u0022\u003E\n            \u003Cdiv  class=\u0022field-label-inline\u0022\u003ECampus\u003C\/div\u003E\n  \n                  \u003Ca href=\u0022\/campus\/mexicali\u0022 hreflang=\u0022es\u0022\u003EMexicali\u003C\/a\u003E\n      \n  \n    \u003C\/div\u003E\n\n    \n                          \u003Cdiv  class=\u0022fecha\u0022 \u003E\n      30 de Septiembre de 2025\u003C\/div\u003E\n      \n  \n\n\n  \u003C\/div\u003E\n    \n                          \u003Cdiv  class=\u0022texto\u0022 \u003E\n      \u003Cp\u003EDerivado de los apoyos obtenidos mediante la venta de boletos de Sorteos UABC, la Facultad de Ciencias de Humanas adquiri\u00f3 nuevo equipo de trabajo para fortalecer la ense\u00f1anza y pr\u00e1ctica en dos de sus licenciaturas: Psicolog\u00eda y Ciencias de la Comunicaci\u00f3n.\u003C\/p\u003E\n\n\u003Cp\u003ELa licenciatura en Psicolog\u00eda adquiri\u00f3 cinco nuevos juegos de la prueba psicol\u00f3gica WISC-V, el pasado 26 de septiembre en la Biblioteca Alma Lorena Camarena Flores, de parte de la directora de la unidad acad\u00e9mica, la doctora Heidy Anhel\u00ed Z\u00fa\u00f1iga Amaya, y el subdirector, maestro Marcos Ram\u00edrez Espinosa.\u003C\/p\u003E\n\n\u003Cp\u003E\u201cSe trata de cinco maletines con pruebas que ser\u00e1n utilizadas para que las y los estudiantes realicen diagn\u00f3stico psicol\u00f3gico en ni\u00f1os, ni\u00f1as y adolescentes, adem\u00e1s de complementar su formaci\u00f3n universitaria\u201d, explic\u00f3 Z\u00fa\u00f1iga Amaya.\u003C\/p\u003E\n\n\u003Cp\u003E\u003Cimg alt=\u0022estudiantes sostienen el WISC\u0022 data-entity-type=\u0022file\u0022 data-entity-uuid=\u002240a4046d-21f8-431b-9c2e-e513caf22ec8\u0022 src=\u0022\/sites\/default\/files\/inline-images\/maletines.jpg\u0022 width=\u00221280\u0022 height=\u0022853\u0022 loading=\u0022lazy\u0022 \/\u003E\u003C\/p\u003E\n\n\u003Cp\u003EPor su parte, el pasado 23 de septiembre se hizo la entrega oficial de equipo especializado para los talleres de Fotograf\u00eda, Televisi\u00f3n y Periodismo, tales como drones, flashes, pantallas, c\u00e1maras fotogr\u00e1ficas, entre otros productos m\u00e1s.\u00a0\u003C\/p\u003E\n\n\u003Cp\u003E\u201cSon producto del esfuerzo de toda la comunidad estudiantil a trav\u00e9s de la venta de boletos, estamos muy contentos de la respuesta que ha tenido la comunidad para apoyar estos procesos que son en beneficio de su formaci\u00f3n y continuamos invit\u00e1ndolos a que sigan apoy\u00e1ndonos para cada d\u00eda tener m\u00e1s equipamiento\u201d, resalt\u00f3 Ram\u00edrez Espinosa.\u003C\/p\u003E\n\n\u003Cp\u003EPor \u00faltimo, resalt\u00f3 que los cuales facilitar\u00e1n los proyectos\u00a0 a dichos talleres para que as\u00ed tengan m\u00e1s herramientas y que no tengan dificultades en\u00a0 futuros planes.\u003C\/p\u003E\n\n\u003Cp\u003E\u003Cimg alt=\u0022Reciben drones y equipo fotografico\u0022 data-entity-type=\u0022file\u0022 data-entity-uuid=\u00223dc18767-6596-4294-8e4e-13d942841a35\u0022 src=\u0022\/sites\/default\/files\/inline-images\/drones.jpg\u0022 width=\u00221280\u0022 height=\u0022853\u0022 loading=\u0022lazy\u0022 \/\u003E\u003C\/p\u003E\n\n\u003Cp\u003E\u00a0\u003C\/p\u003E\n\n\u003Cp\u003E\u00a0\u003C\/p\u003E\n\n\u003Cp\u003E\u00a0\u003C\/p\u003E\u003C\/div\u003E\n      \n  \n\n    \n            \u003Cdiv  class=\u0022palabras-clave\u0022\u003E\n                        \u003Ca href=\u0022\/tags\/licenciatura-en-ciencias-de-la-comunicacion\u0022 hreflang=\u0022es\u0022\u003ELicenciatura en Ciencias de la Comunicaci\u00f3n\u003C\/a\u003E\n      \n      \u003C\/div\u003E\n  \n\n\n  \u003C\/div\u003E\n\n  \u003C\/div\u003E\n\n  \u003Cdiv class=\u0022area-extras group-right\u0022\u003E\n        \n                          \u003Cdiv  class=\u0022enlace-blockBottom\u0022 \u003E\n      \u003Cdiv\u003EVer m\u00e1s \u003Ca href=\u0022http:\/\/gaceta.uabc.mx\/notas\u0022\u003ENotas\u003C\/a\u003E\u003C\/div\u003E\n\u003C\/div\u003E\n      \n  \n\n\n  \u003C\/div\u003E\n\n\u003C\/div\u003E\n\n","settings":null}]