[{"command":"settings","settings":{"pluralDelimiter":"\u0003","suppressDeprecationErrors":true,"ajaxPageState":{"libraries":"core\/drupal.ajax,core\/picturefill,ds\/ds_3col_equal_width","theme":"gaceta","theme_token":null},"ajaxTrustedUrl":[],"field_group":{"html_element":{"mode":"media_expanded","context":"view","settings":{"classes":"datos","show_empty_fields":false,"id":"","element":"div","show_label":false,"label_element":"h3","label_element_classes":"","attributes":"","effect":"none","speed":"fast"}}},"user":{"uid":0,"permissionsHash":"55dc977d165ab1e05e51b6cc6487f6d73e65ab536d99ee82c6990d9001d5c21c"}},"merge":true},{"command":"add_css","data":"\u003Clink rel=\u0022stylesheet\u0022 media=\u0022all\u0022 href=\u0022\/sites\/default\/files\/css\/css_mxJrjoKKAZuuB4_4f-B1u9VnFZxvSor3Az4JEdrFEso.css\u0022 \/\u003E\n\u003Clink rel=\u0022stylesheet\u0022 media=\u0022all\u0022 href=\u0022\/sites\/default\/files\/css\/css_-BXSGQpS8YTwwuXGbPoshUvZ7W-_HbYR3H7d0DA_mEY.css\u0022 \/\u003E\n\u003Clink rel=\u0022stylesheet\u0022 media=\u0022all\u0022 href=\u0022\/sites\/default\/files\/css\/css_89YreTu0npezhXSakRJR9TVHyBS9bTcyt0s3IckAe-M.css\u0022 \/\u003E\n"},{"command":"add_js","selector":"body","data":[{"src":"\/sites\/default\/files\/js\/js_9UaAhXvc9u0KYXXUw-OKyLP2baQxdV4zY3Y_KGurcvY.js"},{"src":"\/sites\/default\/files\/js\/js_oDJxUBLBzfRb_FDgNfkNOm9-tiatS2kNfxQIeVRZA7Y.js"},{"src":"\/sites\/default\/files\/js\/js_YM82KRuzNIr2X-Kb8pQW8cOcSbWgQ_QGKclTYJ_aMlI.js"},{"src":"\/sites\/default\/files\/js\/js_pqqsPPmPmxKgamY6qk_WSawtL05XH_yAY8GkPHVyahI.js"}]},{"command":"insert","method":"replaceWith","selector":".view-mode-full","data":"\u003Cdiv data-history-node-id=\u002223702\u0022 class=\u0022contenido view-mode-media_expanded ds-3col-equal clearfix\u0022\u003E\n\n  \n\n  \u003Cdiv class=\u0022area-medios group-left\u0022\u003E\n        \n                          \u003Cdiv  class=\u0022imagen\u0022 \u003E\n          \u003Cpicture\u003E\n                  \u003Csource srcset=\u0022\/sites\/default\/files\/styles\/max_650x650\/public\/notas\/2025-09-30\/DSC_0886.webp?itok=gQMjJKoi 650w, \/sites\/default\/files\/styles\/max_1300x1300\/public\/notas\/2025-09-30\/DSC_0886.webp?itok=3nexJONW 1300w, \/sites\/default\/files\/styles\/max_1900x1900\/public\/notas\/2025-09-30\/DSC_0886.webp?itok=YF05jhLB 1397w\u0022 type=\u0022image\/webp\u0022 sizes=\u0022100vw\u0022\/\u003E\n              \u003Csource srcset=\u0022\/sites\/default\/files\/styles\/max_650x650\/public\/notas\/2025-09-30\/DSC_0886.JPG?itok=gQMjJKoi 650w, \/sites\/default\/files\/styles\/max_1300x1300\/public\/notas\/2025-09-30\/DSC_0886.JPG?itok=3nexJONW 1300w, \/sites\/default\/files\/styles\/max_1900x1900\/public\/notas\/2025-09-30\/DSC_0886.JPG?itok=YF05jhLB 1397w\u0022 type=\u0022image\/jpeg\u0022 sizes=\u0022100vw\u0022\/\u003E\n                  \u003Cimg srcset=\u0022\/sites\/default\/files\/styles\/max_650x650\/public\/notas\/2025-09-30\/DSC_0886.JPG?itok=gQMjJKoi 650w, \/sites\/default\/files\/styles\/max_1300x1300\/public\/notas\/2025-09-30\/DSC_0886.JPG?itok=3nexJONW 1300w, \/sites\/default\/files\/styles\/max_1900x1900\/public\/notas\/2025-09-30\/DSC_0886.JPG?itok=YF05jhLB 1397w\u0022 sizes=\u0022100vw\u0022 src=\u0022\/sites\/default\/files\/styles\/max_1300x1300\/public\/notas\/2025-09-30\/DSC_0886.JPG?itok=3nexJONW\u0022 alt=\u0022Realizan taller SAT desde cero\u0022 typeof=\u0022foaf:Image\u0022 class=\u0022img-fluid\u0022 \/\u003E\n\n  \u003C\/picture\u003E\n\n\u003C\/div\u003E\n      \n  \n\n      \u003Cdiv  class=\u0022boton-expander\u0022\u003E\n        \n                  \u003Cdiv class=\u0022item-list\u0022\u003E\u003Cul\u003E\u003Cli\u003E\u003Ca href=\u0022\/ds-switch-view-mode\/node\/23702\/media_collapsed?selector=view-mode-media_expanded\u0022 class=\u0022use-ajax\u0022\u003E\u2191\u003C\/a\u003E\u003C\/li\u003E\u003C\/ul\u003E\u003C\/div\u003E\n      \n  \n    \u003C\/div\u003E\n\n\n  \u003C\/div\u003E\n\n  \u003Cdiv class=\u0022area-info group-middle\u0022\u003E\n    \n\u003Cdiv  class=\u0022inner\u0022\u003E\n          \n                          \u003Ch2  class=\u0022titulo\u0022 \u003E\n        Realizan taller SAT desde cero\n\u003C\/h2\u003E\n      \n  \n\n    \n                          \u003Cdiv  class=\u0022resumen\u0022 \u003E\n      Aprenden los principales tr\u00e1mites, obligaciones y beneficios fiscales que como contribuyente se deben conocer\u003C\/div\u003E\n      \n  \n\n\n\u003Cdiv  class=\u0022datos\u0022\u003E\n            \u003Cdiv  class=\u0022autor\u0022\u003E\n            \u003Cdiv  class=\u0022field-label-inline\u0022\u003EPor\u003C\/div\u003E\n  \n                  \u003Ca href=\u0022\/autores\/rosario-jimenez-amezcua\u0022 hreflang=\u0022es\u0022\u003ERosario Jim\u00e9nez Amezcua\u003C\/a\u003E\n      \n  \n    \u003C\/div\u003E\n\n      \u003Cdiv  class=\u0022campus\u0022\u003E\n            \u003Cdiv  class=\u0022field-label-inline\u0022\u003ECampus\u003C\/div\u003E\n  \n                  \u003Ca href=\u0022\/campus\/mexicali\u0022 hreflang=\u0022es\u0022\u003EMexicali\u003C\/a\u003E\n      \n  \n    \u003C\/div\u003E\n\n    \n                          \u003Cdiv  class=\u0022fecha\u0022 \u003E\n      30 de Septiembre de 2025\u003C\/div\u003E\n      \n  \n\n\n  \u003C\/div\u003E\n    \n                          \u003Cdiv  class=\u0022texto\u0022 \u003E\n      \u003Cp\u003ELa Universidad Aut\u00f3noma de Baja California, a trav\u00e9s del Centro de Educaci\u00f3n Continua UABC, realiz\u00f3 el taller SAT desde cero en modalidad presencial, programa que tiene como objetivo compartir de manera pr\u00e1ctica y accesible los principales tr\u00e1mites, obligaciones y beneficios fiscales que como contribuyente se deben conocer.\u003C\/p\u003E\n\n\u003Cp\u003EDurante las tres sesiones se abordaron temas como la inscripci\u00f3n al RFC y generaci\u00f3n de contrase\u00f1a, uso de la e.firma, actualizaci\u00f3n de domicilio fiscal y actividades econ\u00f3micas, suspensi\u00f3n y reanudaci\u00f3n de actividades, uso de aplicativos y buz\u00f3n tributario, opini\u00f3n de cumplimiento y constancia de situaci\u00f3n fiscal, est\u00edmulo fiscal del IVA en zona fronteriza, obligaciones fiscales, pagos provisionales y declaraci\u00f3n anual. Adem\u00e1s de conocer los reg\u00edmenes fiscales m\u00e1s comunes (Sueldos y Salarios, Actividad Empresarial y Profesional, RESICO), deducciones personales y recuperaci\u00f3n de saldo a favor.\u003C\/p\u003E\n\n\u003Cp\u003EDe igual manera, este taller permiti\u00f3 a las y los asistentes identificar el r\u00e9gimen fiscal para su actividad, conocer c\u00f3mo recuperar el saldo a favor, actualizar datos fiscales, beneficios en las deducciones; as\u00ed como, comprender el impacto positivo y los retos de estar registrado en el r\u00e9gimen adecuado.\u003C\/p\u003E\n\n\u003Cp\u003EEl taller fue impartido por el contador Josu\u00e9 Isa\u00edas Ch\u00e1vez Rodr\u00edguez, egresado de la Facultad de Ciencias Administrativas de la UABC, con m\u00e1s de 13 a\u00f1os de experiencia profesional en el ramo contable.\u003C\/p\u003E\u003C\/div\u003E\n      \n  \n\n    \n            \u003Cdiv  class=\u0022palabras-clave\u0022\u003E\n                        \u003Ca href=\u0022\/tags\/taller-sat\u0022 hreflang=\u0022es\u0022\u003ETaller SAT\u003C\/a\u003E\n                \u003Ca href=\u0022\/tags\/obligaciones-fiscales\u0022 hreflang=\u0022es\u0022\u003EObligaciones fiscales\u003C\/a\u003E\n                \u003Ca href=\u0022\/tags\/regimenes-fiscales\u0022 hreflang=\u0022es\u0022\u003EReg\u00edmenes fiscales\u003C\/a\u003E\n      \n      \u003C\/div\u003E\n  \n\n\n  \u003C\/div\u003E\n\n  \u003C\/div\u003E\n\n  \u003Cdiv class=\u0022area-extras group-right\u0022\u003E\n        \n                          \u003Cdiv  class=\u0022enlace-blockBottom\u0022 \u003E\n      \u003Cdiv\u003EVer m\u00e1s \u003Ca href=\u0022http:\/\/gaceta.uabc.mx\/notas\u0022\u003ENotas\u003C\/a\u003E\u003C\/div\u003E\n\u003C\/div\u003E\n      \n  \n\n\n  \u003C\/div\u003E\n\n\u003C\/div\u003E\n\n","settings":null}]