[{"command":"settings","settings":{"pluralDelimiter":"\u0003","suppressDeprecationErrors":true,"ajaxPageState":{"libraries":"core\/drupal.ajax,core\/picturefill,ds\/ds_3col_equal_width","theme":"gaceta","theme_token":null},"ajaxTrustedUrl":[],"field_group":{"html_element":{"mode":"media_expanded","context":"view","settings":{"classes":"datos","show_empty_fields":false,"id":"","element":"div","show_label":false,"label_element":"h3","label_element_classes":"","attributes":"","effect":"none","speed":"fast"}}},"user":{"uid":0,"permissionsHash":"55dc977d165ab1e05e51b6cc6487f6d73e65ab536d99ee82c6990d9001d5c21c"}},"merge":true},{"command":"add_css","data":"\u003Clink rel=\u0022stylesheet\u0022 media=\u0022all\u0022 href=\u0022\/sites\/default\/files\/css\/css_mxJrjoKKAZuuB4_4f-B1u9VnFZxvSor3Az4JEdrFEso.css\u0022 \/\u003E\n\u003Clink rel=\u0022stylesheet\u0022 media=\u0022all\u0022 href=\u0022\/sites\/default\/files\/css\/css_-BXSGQpS8YTwwuXGbPoshUvZ7W-_HbYR3H7d0DA_mEY.css\u0022 \/\u003E\n\u003Clink rel=\u0022stylesheet\u0022 media=\u0022all\u0022 href=\u0022\/sites\/default\/files\/css\/css_89YreTu0npezhXSakRJR9TVHyBS9bTcyt0s3IckAe-M.css\u0022 \/\u003E\n"},{"command":"add_js","selector":"body","data":[{"src":"\/sites\/default\/files\/js\/js_9UaAhXvc9u0KYXXUw-OKyLP2baQxdV4zY3Y_KGurcvY.js"},{"src":"\/sites\/default\/files\/js\/js_oDJxUBLBzfRb_FDgNfkNOm9-tiatS2kNfxQIeVRZA7Y.js"},{"src":"\/sites\/default\/files\/js\/js_YM82KRuzNIr2X-Kb8pQW8cOcSbWgQ_QGKclTYJ_aMlI.js"},{"src":"\/sites\/default\/files\/js\/js_pqqsPPmPmxKgamY6qk_WSawtL05XH_yAY8GkPHVyahI.js"}]},{"command":"insert","method":"replaceWith","selector":".view-mode-full","data":"\u003Cdiv data-history-node-id=\u002223705\u0022 class=\u0022contenido view-mode-media_expanded ds-3col-equal clearfix\u0022\u003E\n\n  \n\n  \u003Cdiv class=\u0022area-medios group-left\u0022\u003E\n        \n                          \u003Cdiv  class=\u0022imagen\u0022 \u003E\n          \u003Cpicture\u003E\n                  \u003Csource srcset=\u0022\/sites\/default\/files\/styles\/max_650x650\/public\/notas\/2025-10-01\/Di%C3%A1logo_Regional_SNII_SNP_UABC01.webp?itok=f5d0tZwT 650w, \/sites\/default\/files\/styles\/max_1300x1300\/public\/notas\/2025-10-01\/Di%C3%A1logo_Regional_SNII_SNP_UABC01.webp?itok=lAHbbs0w 1300w, \/sites\/default\/files\/styles\/max_1900x1900\/public\/notas\/2025-10-01\/Di%C3%A1logo_Regional_SNII_SNP_UABC01.webp?itok=Vo6Guf7m 1579w\u0022 type=\u0022image\/webp\u0022 sizes=\u0022100vw\u0022\/\u003E\n              \u003Csource srcset=\u0022\/sites\/default\/files\/styles\/max_650x650\/public\/notas\/2025-10-01\/Di%C3%A1logo_Regional_SNII_SNP_UABC01.jpeg?itok=f5d0tZwT 650w, \/sites\/default\/files\/styles\/max_1300x1300\/public\/notas\/2025-10-01\/Di%C3%A1logo_Regional_SNII_SNP_UABC01.jpeg?itok=lAHbbs0w 1300w, \/sites\/default\/files\/styles\/max_1900x1900\/public\/notas\/2025-10-01\/Di%C3%A1logo_Regional_SNII_SNP_UABC01.jpeg?itok=Vo6Guf7m 1579w\u0022 type=\u0022image\/jpeg\u0022 sizes=\u0022100vw\u0022\/\u003E\n                  \u003Cimg srcset=\u0022\/sites\/default\/files\/styles\/max_650x650\/public\/notas\/2025-10-01\/Di%C3%A1logo_Regional_SNII_SNP_UABC01.jpeg?itok=f5d0tZwT 650w, \/sites\/default\/files\/styles\/max_1300x1300\/public\/notas\/2025-10-01\/Di%C3%A1logo_Regional_SNII_SNP_UABC01.jpeg?itok=lAHbbs0w 1300w, \/sites\/default\/files\/styles\/max_1900x1900\/public\/notas\/2025-10-01\/Di%C3%A1logo_Regional_SNII_SNP_UABC01.jpeg?itok=Vo6Guf7m 1579w\u0022 sizes=\u0022100vw\u0022 src=\u0022\/sites\/default\/files\/styles\/max_1300x1300\/public\/notas\/2025-10-01\/Di%C3%A1logo_Regional_SNII_SNP_UABC01.jpeg?itok=lAHbbs0w\u0022 alt=\u0022.\u0022 typeof=\u0022foaf:Image\u0022 class=\u0022img-fluid\u0022 \/\u003E\n\n  \u003C\/picture\u003E\n\n\u003C\/div\u003E\n      \n  \n\n      \u003Cdiv  class=\u0022boton-expander\u0022\u003E\n        \n                  \u003Cdiv class=\u0022item-list\u0022\u003E\u003Cul\u003E\u003Cli\u003E\u003Ca href=\u0022\/ds-switch-view-mode\/node\/23705\/media_collapsed?selector=view-mode-media_expanded\u0022 class=\u0022use-ajax\u0022\u003E\u2191\u003C\/a\u003E\u003C\/li\u003E\u003C\/ul\u003E\u003C\/div\u003E\n      \n  \n    \u003C\/div\u003E\n\n\n  \u003C\/div\u003E\n\n  \u003Cdiv class=\u0022area-info group-middle\u0022\u003E\n    \n\u003Cdiv  class=\u0022inner\u0022\u003E\n          \n                          \u003Ch2  class=\u0022titulo\u0022 \u003E\n        Fortalecer la investigaci\u00f3n y el posgrado, eje del Di\u00e1logo Regional en la UABC\n\u003C\/h2\u003E\n      \n  \n\n    \n                          \u003Cdiv  class=\u0022resumen\u0022 \u003E\n      El encuentro destac\u00f3 la necesidad de cooperaci\u00f3n, equidad e impacto social en la ciencia y la educaci\u00f3n superior\u003C\/div\u003E\n      \n  \n\n\n\u003Cdiv  class=\u0022datos\u0022\u003E\n            \u003Cdiv  class=\u0022autor\u0022\u003E\n            \u003Cdiv  class=\u0022field-label-inline\u0022\u003EPor\u003C\/div\u003E\n  \n                  \u003Ca href=\u0022\/autores\/olivia-yaritza-lopez-segoviano\u0022 hreflang=\u0022es\u0022\u003EOlivia Yaritza L\u00f3pez Segoviano\u003C\/a\u003E\n      \n  \n    \u003C\/div\u003E\n\n      \u003Cdiv  class=\u0022campus\u0022\u003E\n            \u003Cdiv  class=\u0022field-label-inline\u0022\u003ECampus\u003C\/div\u003E\n  \n                  \u003Ca href=\u0022\/campus\/tijuana\u0022 hreflang=\u0022es\u0022\u003ETijuana\u003C\/a\u003E\n      \n  \n    \u003C\/div\u003E\n\n    \n                          \u003Cdiv  class=\u0022fecha\u0022 \u003E\n      1 de Octubre de 2025\u003C\/div\u003E\n      \n  \n\n\n  \u003C\/div\u003E\n    \n                          \u003Cdiv  class=\u0022texto\u0022 \u003E\n      \u003Cp\u003ELa Universidad Aut\u00f3noma de Baja California (UABC) fue sede del Di\u00e1logo Regional del Sistema Nacional de Investigadoras e Investigadores (SNII) y del Sistema Nacional de Posgrado (SNP), evento organizado por la Secretar\u00eda de Ciencia, Humanidades, Tecnolog\u00eda e Innovaci\u00f3n (SECIHTI).\u003C\/p\u003E\n\n\u003Cp\u003ELa ceremonia inaugural se llev\u00f3 a cabo en el auditorio de la Facultad de Econom\u00eda y Relaciones Internacionales (FEyRI), campus Tijuana, con la participaci\u00f3n de autoridades universitarias y representantes de la SECIHTI.\u003C\/p\u003E\n\n\u003Cp\u003EEn su mensaje inaugural, el rector de la UABC, doctor Luis Enrique Palafox Maestre, expres\u00f3 que para la instituci\u00f3n \u201ces una gran distinci\u00f3n ser sede de este importante encuentro, convocado por la Secretar\u00eda de Ciencia, Humanidades, Tecnolog\u00eda e Innovaci\u00f3n, y que cuenta con el respaldo de la Asociaci\u00f3n Nacional de Universidades e Instituciones de Educaci\u00f3n Superior (ANUIES)\u201d.\u003C\/p\u003E\n\n\u003Cp\u003EExtern\u00f3 que este espacio \u201ccobra especial relevancia en un contexto donde resulta imprescindible contar con un cuerpo de investigadoras e investigadores fortalecido, as\u00ed como con un sistema de posgrado que mantenga una oferta educativa con pertinencia\u201d.\u003C\/p\u003E\n\n\u003Cp\u003EAsimismo, destac\u00f3 que la UABC se encuentra s\u00f3lidamente posicionada en el \u00e1mbito cient\u00edfico y acad\u00e9mico. \u201cActualmente contamos ya con m\u00e1s de mil investigadoras e investigadores que forman parte del SNII, lo cual nos sit\u00faa como la primera instituci\u00f3n en la regi\u00f3n en cuanto a n\u00famero, y en el pa\u00eds como la tercera universidad p\u00fablica estatal\u201d, se\u00f1al\u00f3.\u003C\/p\u003E\n\n\u003Cp\u003ESobre la oferta educativa, resalt\u00f3 que la m\u00e1xima casa de estudios de Baja California \u201cofrece una amplia y diversificada oferta acad\u00e9mica con 104 programas, de los cuales 69 se encuentran registrados en el Sistema Nacional de Posgrado, dise\u00f1ados para responder de manera pertinente a las problem\u00e1ticas sociales, ambientales y productivas de nuestra regi\u00f3n\u201d.\u003C\/p\u003E\n\n\u003Cp\u003EEn su intervenci\u00f3n, la coordinadora general de Investigaci\u00f3n y Posgrado de la UABC, doctora Dora Luz Flores Guti\u00e9rrez, coment\u00f3 que para la instituci\u00f3n \u201ces un verdadero honor ser sede de este di\u00e1logo regional, un espacio que busca abrir la conversaci\u00f3n sobre los retos actuales y las oportunidades que tenemos en la investigaci\u00f3n y en el posgrado de nuestro pa\u00eds\u201d.\u003C\/p\u003E\n\n\u003Cp\u003EAsimismo, subray\u00f3 la importancia de que este encuentro motive a \u201creflexionar sobre c\u00f3mo articular los esfuerzos individuales e institucionales para fortalecer la ciencia, la tecnolog\u00eda, las humanidades y la innovaci\u00f3n con una visi\u00f3n que atiende las necesidades sociales, ambientales y econ\u00f3micas de nuestras comunidades, en particular de la regi\u00f3n noroeste de M\u00e9xico\u201d.\u003C\/p\u003E\n\n\u003Cp\u003ELa doctora Flores Guti\u00e9rrez recalc\u00f3 que la UABC tiene \u201cla convicci\u00f3n de que el SNII y el SNP constituyen pilares fundamentales para el desarrollo nacional\u201d, por lo que inst\u00f3 a una participaci\u00f3n activa y corresponsable. A\u00f1adi\u00f3 que \u201ceste di\u00e1logo es, por tanto, una oportunidad invaluable para escuchar diversas voces, compartir experiencias y proponer caminos de mejora\u201d, al tiempo que agradeci\u00f3 la presencia de las y los asistentes e invit\u00f3 a sumarse al trabajo colectivo en beneficio de la sociedad.\u003C\/p\u003E\n\n\u003Cp\u003EEn tanto, la directora del SNII de la SECIHTI, maestra Karen Araceli Ontiveros V\u00e1zquez, agradeci\u00f3 a la UABC por ser sede del encuentro y subray\u00f3 la relevancia de abrir estos espacios de di\u00e1logo.\u003C\/p\u003E\n\n\u003Cp\u003EAsimismo, enfatiz\u00f3 que \u201cel Sistema Nacional de Investigadoras e Investigadores es un programa social que tiene por objeto tambi\u00e9n fortalecer y consolidar estas capacidades p\u00fablicas nacionales en materia de humanidades, ciencias e innovaci\u00f3n, mediante el reconocimiento de personas humanistas, cient\u00edficas, tecn\u00f3logas e innovadoras, que por su contribuci\u00f3n al desarrollo nacional, es necesario que lo veamos como un elemento tambi\u00e9n de instrumento de transformaci\u00f3n de la realidad nacional y de las vidas de las personas que forman parte\u201d.\u003C\/p\u003E\n\n\u003Cp\u003EAgreg\u00f3 que la SECIHTI ha impulsado \u201cdiversos esfuerzos para transitar de un modelo que premiaba la competencia y la productividad individual, a uno que valore la cooperaci\u00f3n cient\u00edfica, la pertinencia social y la transformaci\u00f3n de nuestra sociedad\u201d.\u003C\/p\u003E\n\n\u003Cp\u003EComo parte del programa, la maestra Ontiveros V\u00e1zquez imparti\u00f3 una pl\u00e1tica informativa sobre el SNII, quien expuso que el Sistema Nacional de Investigadoras e Investigadores tiene como prop\u00f3sito fortalecer y consolidar las capacidades p\u00fablicas nacionales en materia de investigaci\u00f3n, ciencia y tecnolog\u00eda, sustentado en la rendici\u00f3n de cuentas y la evaluaci\u00f3n por pares.\u003C\/p\u003E\n\n\u003Cp\u003EIndic\u00f3 que el posgrado debe concebirse como un espacio de formaci\u00f3n y transformaci\u00f3n, orientado a garantizar el derecho universal de acceso al conocimiento cient\u00edfico, human\u00edstico y tecnol\u00f3gico.\u003C\/p\u003E\n\n\u003Cp\u003EDel mismo modo, puntualiz\u00f3 que el crecimiento del SNII debe centrarse en la calidad, pertinencia y continuidad de las trayectorias de investigaci\u00f3n, con \u00e9nfasis en la equidad, la inclusi\u00f3n y el impacto social. En este sentido, determin\u00f3 la importancia de reducir la brecha de g\u00e9nero, impulsar el liderazgo nacional e internacional y transitar hacia un modelo que valore la cooperaci\u00f3n cient\u00edfica y la transformaci\u00f3n de la sociedad.\u003C\/p\u003E\n\n\u003Cp\u003ETambi\u00e9n se cont\u00f3 con la participaci\u00f3n del subdirector de Integraci\u00f3n de la Informaci\u00f3n de la SECIHTI, maestro Jos\u00e9 Luis Villalpando Ortega, quien ofreci\u00f3 informaci\u00f3n sobre el SNP, programa del Consejo Nacional de Humanidades, Ciencias y Tecnolog\u00edas (Conahcyt) que promueve la formaci\u00f3n y la investigaci\u00f3n en M\u00e9xico. Su objetivo es impulsar la investigaci\u00f3n y la formaci\u00f3n en ciencias y humanidades, beneficiando a estudiantes de posgrado en universidades, centros de investigaci\u00f3n e instituciones de educaci\u00f3n superior en el pa\u00eds. El SNP busca fortalecer la formaci\u00f3n de profesionales de alta especialidad e impulsar el desarrollo de investigaci\u00f3n e innovaci\u00f3n cient\u00edfica, human\u00edstica y tecnol\u00f3gica en el pa\u00eds.\u003C\/p\u003E\n\n\u003Cp\u003EDe esta manera, el Di\u00e1logo Regional del SNII y del SNP en la UABC se consolid\u00f3 como un espacio de encuentro y reflexi\u00f3n colectiva, en el que docentes, investigadoras e investigadores, autoridades y representantes gubernamentales coincidieron en la importancia de fortalecer la investigaci\u00f3n, el posgrado y la cooperaci\u00f3n cient\u00edfica con una visi\u00f3n incluyente y socialmente pertinente. La m\u00e1xima casa de estudios de Baja California refrenda as\u00ed su compromiso de contribuir al desarrollo del conocimiento y a la formaci\u00f3n de profesionales capaces de responder a los retos actuales y futuros del pa\u00eds.\u003C\/p\u003E\n\n\u003Cp\u003E\u003Cimg alt=\u0022.\u0022 data-entity-type=\u0022file\u0022 data-entity-uuid=\u002223841ec3-64ad-442d-bd6a-993f3ac50a3e\u0022 src=\u0022\/sites\/default\/files\/inline-images\/Di%C3%A1logo_Regional_SNII_SNP_UABC04.jpeg\u0022 width=\u00221620\u0022 height=\u00221080\u0022 loading=\u0022lazy\u0022 \/\u003E\u003C\/p\u003E\u003C\/div\u003E\n      \n  \n\n    \n            \u003Cdiv  class=\u0022palabras-clave\u0022\u003E\n                        \u003Ca href=\u0022\/tags\/investigacion-y-posgrado\u0022 hreflang=\u0022es\u0022\u003EInvestigaci\u00f3n y Posgrado\u003C\/a\u003E\n                \u003Ca href=\u0022\/tags\/dialogo-regional-del-snii-y-snp\u0022 hreflang=\u0022es\u0022\u003EDi\u00e1logo Regional del SNII y SNP\u003C\/a\u003E\n      \n      \u003C\/div\u003E\n  \n\n\n  \u003C\/div\u003E\n\n  \u003C\/div\u003E\n\n  \u003Cdiv class=\u0022area-extras group-right\u0022\u003E\n        \n                          \u003Cdiv  class=\u0022enlace-blockBottom\u0022 \u003E\n      \u003Cdiv\u003EVer m\u00e1s \u003Ca href=\u0022http:\/\/gaceta.uabc.mx\/notas\u0022\u003ENotas\u003C\/a\u003E\u003C\/div\u003E\n\u003C\/div\u003E\n      \n  \n\n\n  \u003C\/div\u003E\n\n\u003C\/div\u003E\n\n","settings":null}]