[{"command":"settings","settings":{"pluralDelimiter":"\u0003","suppressDeprecationErrors":true,"ajaxPageState":{"libraries":"core\/drupal.ajax,core\/picturefill,ds\/ds_3col_equal_width","theme":"gaceta","theme_token":null},"ajaxTrustedUrl":[],"field_group":{"html_element":{"mode":"media_expanded","context":"view","settings":{"classes":"datos","show_empty_fields":false,"id":"","element":"div","show_label":false,"label_element":"h3","label_element_classes":"","attributes":"","effect":"none","speed":"fast"}}},"user":{"uid":0,"permissionsHash":"55dc977d165ab1e05e51b6cc6487f6d73e65ab536d99ee82c6990d9001d5c21c"}},"merge":true},{"command":"add_css","data":"\u003Clink rel=\u0022stylesheet\u0022 media=\u0022all\u0022 href=\u0022\/sites\/default\/files\/css\/css_mxJrjoKKAZuuB4_4f-B1u9VnFZxvSor3Az4JEdrFEso.css\u0022 \/\u003E\n\u003Clink rel=\u0022stylesheet\u0022 media=\u0022all\u0022 href=\u0022\/sites\/default\/files\/css\/css_-BXSGQpS8YTwwuXGbPoshUvZ7W-_HbYR3H7d0DA_mEY.css\u0022 \/\u003E\n\u003Clink rel=\u0022stylesheet\u0022 media=\u0022all\u0022 href=\u0022\/sites\/default\/files\/css\/css_89YreTu0npezhXSakRJR9TVHyBS9bTcyt0s3IckAe-M.css\u0022 \/\u003E\n"},{"command":"add_js","selector":"body","data":[{"src":"\/sites\/default\/files\/js\/js_9UaAhXvc9u0KYXXUw-OKyLP2baQxdV4zY3Y_KGurcvY.js"},{"src":"\/sites\/default\/files\/js\/js_oDJxUBLBzfRb_FDgNfkNOm9-tiatS2kNfxQIeVRZA7Y.js"},{"src":"\/sites\/default\/files\/js\/js_YM82KRuzNIr2X-Kb8pQW8cOcSbWgQ_QGKclTYJ_aMlI.js"},{"src":"\/sites\/default\/files\/js\/js_pqqsPPmPmxKgamY6qk_WSawtL05XH_yAY8GkPHVyahI.js"}]},{"command":"insert","method":"replaceWith","selector":".view-mode-full","data":"\u003Cdiv data-history-node-id=\u002223707\u0022 class=\u0022contenido view-mode-media_expanded ds-3col-equal clearfix\u0022\u003E\n\n  \n\n  \u003Cdiv class=\u0022area-medios group-left\u0022\u003E\n        \n                          \u003Cdiv  class=\u0022imagen\u0022 \u003E\n          \u003Cpicture\u003E\n                  \u003Csource srcset=\u0022\/sites\/default\/files\/styles\/max_650x650\/public\/notas\/2025-10-02\/cec.webp?itok=1E0H6F1S 650w, \/sites\/default\/files\/styles\/max_1300x1300\/public\/notas\/2025-10-02\/cec.webp?itok=pQrAFn-3 1300w, \/sites\/default\/files\/styles\/max_1900x1900\/public\/notas\/2025-10-02\/cec.webp?itok=8GdDdwy9 1615w\u0022 type=\u0022image\/webp\u0022 sizes=\u0022100vw\u0022\/\u003E\n              \u003Csource srcset=\u0022\/sites\/default\/files\/styles\/max_650x650\/public\/notas\/2025-10-02\/cec.jpg?itok=1E0H6F1S 650w, \/sites\/default\/files\/styles\/max_1300x1300\/public\/notas\/2025-10-02\/cec.jpg?itok=pQrAFn-3 1300w, \/sites\/default\/files\/styles\/max_1900x1900\/public\/notas\/2025-10-02\/cec.jpg?itok=8GdDdwy9 1615w\u0022 type=\u0022image\/jpeg\u0022 sizes=\u0022100vw\u0022\/\u003E\n                  \u003Cimg srcset=\u0022\/sites\/default\/files\/styles\/max_650x650\/public\/notas\/2025-10-02\/cec.jpg?itok=1E0H6F1S 650w, \/sites\/default\/files\/styles\/max_1300x1300\/public\/notas\/2025-10-02\/cec.jpg?itok=pQrAFn-3 1300w, \/sites\/default\/files\/styles\/max_1900x1900\/public\/notas\/2025-10-02\/cec.jpg?itok=8GdDdwy9 1615w\u0022 sizes=\u0022100vw\u0022 src=\u0022\/sites\/default\/files\/styles\/max_1300x1300\/public\/notas\/2025-10-02\/cec.jpg?itok=pQrAFn-3\u0022 alt=\u0022.\u0022 typeof=\u0022foaf:Image\u0022 class=\u0022img-fluid\u0022 \/\u003E\n\n  \u003C\/picture\u003E\n\n\u003C\/div\u003E\n      \n  \n\n      \u003Cdiv  class=\u0022boton-expander\u0022\u003E\n        \n                  \u003Cdiv class=\u0022item-list\u0022\u003E\u003Cul\u003E\u003Cli\u003E\u003Ca href=\u0022\/ds-switch-view-mode\/node\/23707\/media_collapsed?selector=view-mode-media_expanded\u0022 class=\u0022use-ajax\u0022\u003E\u2191\u003C\/a\u003E\u003C\/li\u003E\u003C\/ul\u003E\u003C\/div\u003E\n      \n  \n    \u003C\/div\u003E\n\n\n  \u003C\/div\u003E\n\n  \u003Cdiv class=\u0022area-info group-middle\u0022\u003E\n    \n\u003Cdiv  class=\u0022inner\u0022\u003E\n          \n                          \u003Ch2  class=\u0022titulo\u0022 \u003E\n        Centro de Educaci\u00f3n Continua UABC lidera capacitaci\u00f3n en el sector empresarial\n\u003C\/h2\u003E\n      \n  \n\n    \n                          \u003Cdiv  class=\u0022resumen\u0022 \u003E\n      Capacitan a 21 participantes de la empresa Furukawa\u003C\/div\u003E\n      \n  \n\n\n\u003Cdiv  class=\u0022datos\u0022\u003E\n            \u003Cdiv  class=\u0022autor\u0022\u003E\n            \u003Cdiv  class=\u0022field-label-inline\u0022\u003EPor\u003C\/div\u003E\n  \n                  \u003Ca href=\u0022\/autores\/rosario-jimenez-amezcua\u0022 hreflang=\u0022es\u0022\u003ERosario Jim\u00e9nez Amezcua\u003C\/a\u003E\n      \n  \n    \u003C\/div\u003E\n\n      \u003Cdiv  class=\u0022campus\u0022\u003E\n            \u003Cdiv  class=\u0022field-label-inline\u0022\u003ECampus\u003C\/div\u003E\n  \n                  \u003Ca href=\u0022\/campus\/mexicali\u0022 hreflang=\u0022es\u0022\u003EMexicali\u003C\/a\u003E\n      \n  \n    \u003C\/div\u003E\n\n    \n                          \u003Cdiv  class=\u0022fecha\u0022 \u003E\n      2 de Octubre de 2025\u003C\/div\u003E\n      \n  \n\n\n  \u003C\/div\u003E\n    \n                          \u003Cdiv  class=\u0022texto\u0022 \u003E\n      \u003Cp\u003ECon el fin de contribuir en la formaci\u00f3n de instructores e instructoras de los distintos sectores empresariales en la regi\u00f3n, la Universidad Aut\u00f3noma de Baja California, a trav\u00e9s del Centro de Educaci\u00f3n Continua UABC, llev\u00f3 a cabo el Programa de capacitaci\u00f3n: Formaci\u00f3n de Instructores (as), en el que se capacitaron a 21 participantes de la empresa Furukawa.\u003C\/p\u003E\n\n\u003Cp\u003EEste programa tuvo como objetivo contribuir en la formaci\u00f3n de capacitadores para adquirir herramientas para el dise\u00f1o de cursos, estrategias de presentaci\u00f3n, seguimiento y evaluaci\u00f3n, entre otros temas, que les permita brindar una capacitaci\u00f3n m\u00e1s efectiva a sus colaboradores.\u003C\/p\u003E\n\n\u003Cp\u003EEn el desarrollo del programa, se abordaron m\u00f3dulos orientados a la adquisici\u00f3n de dise\u00f1o de competencias y sesiones de capacitaci\u00f3n, identificaci\u00f3n de recursos necesarios y el dise\u00f1o de instrumentos de evaluaci\u00f3n para la capacitaci\u00f3n, con una duraci\u00f3n de 64 horas.\u003C\/p\u003E\n\n\u003Cp\u003ELas sesiones estuvieron a cargo de la doctora Rosa Heras Modad y el doctor Salvador Ponce Ceballos, quienes instruyeron a las y los participantes en la realizaci\u00f3n de dise\u00f1os de plan de clases, elaboraci\u00f3n de presentaciones, esquemas de capacitaci\u00f3n a distancia, retroalimentaci\u00f3n, evaluaci\u00f3n de competencias, entre otros.\u003C\/p\u003E\n\n\u003Cp\u003EAl finalizar el programa, las y los participantes obtuvieron su certificado e insignia digital altamente validados por pares evaluadores.\u003C\/p\u003E\u003C\/div\u003E\n      \n  \n\n    \n            \u003Cdiv  class=\u0022palabras-clave\u0022\u003E\n                        \u003Ca href=\u0022\/tags\/programa-de-formacion-de-instructoresas\u0022 hreflang=\u0022es\u0022\u003EPrograma de Formaci\u00f3n de instructores(as)\u003C\/a\u003E\n                \u003Ca href=\u0022\/tags\/capacitacion\u0022 hreflang=\u0022es\u0022\u003ECapacitaci\u00f3n\u003C\/a\u003E\n                \u003Ca href=\u0022\/tags\/diseno-de-cursos\u0022 hreflang=\u0022es\u0022\u003EDise\u00f1o de cursos\u003C\/a\u003E\n      \n      \u003C\/div\u003E\n  \n\n\n  \u003C\/div\u003E\n\n  \u003C\/div\u003E\n\n  \u003Cdiv class=\u0022area-extras group-right\u0022\u003E\n        \n                          \u003Cdiv  class=\u0022enlace-blockBottom\u0022 \u003E\n      \u003Cdiv\u003EVer m\u00e1s \u003Ca href=\u0022http:\/\/gaceta.uabc.mx\/notas\u0022\u003ENotas\u003C\/a\u003E\u003C\/div\u003E\n\u003C\/div\u003E\n      \n  \n\n\n  \u003C\/div\u003E\n\n\u003C\/div\u003E\n\n","settings":null}]