[{"command":"settings","settings":{"pluralDelimiter":"\u0003","suppressDeprecationErrors":true,"ajaxPageState":{"libraries":"core\/drupal.ajax,core\/picturefill,ds\/ds_3col_equal_width","theme":"gaceta","theme_token":null},"ajaxTrustedUrl":[],"field_group":{"html_element":{"mode":"media_expanded","context":"view","settings":{"classes":"datos","show_empty_fields":false,"id":"","element":"div","show_label":false,"label_element":"h3","label_element_classes":"","attributes":"","effect":"none","speed":"fast"}}},"user":{"uid":0,"permissionsHash":"55dc977d165ab1e05e51b6cc6487f6d73e65ab536d99ee82c6990d9001d5c21c"}},"merge":true},{"command":"add_css","data":"\u003Clink rel=\u0022stylesheet\u0022 media=\u0022all\u0022 href=\u0022\/sites\/default\/files\/css\/css_mxJrjoKKAZuuB4_4f-B1u9VnFZxvSor3Az4JEdrFEso.css\u0022 \/\u003E\n\u003Clink rel=\u0022stylesheet\u0022 media=\u0022all\u0022 href=\u0022\/sites\/default\/files\/css\/css_-BXSGQpS8YTwwuXGbPoshUvZ7W-_HbYR3H7d0DA_mEY.css\u0022 \/\u003E\n\u003Clink rel=\u0022stylesheet\u0022 media=\u0022all\u0022 href=\u0022\/sites\/default\/files\/css\/css_89YreTu0npezhXSakRJR9TVHyBS9bTcyt0s3IckAe-M.css\u0022 \/\u003E\n"},{"command":"add_js","selector":"body","data":[{"src":"\/sites\/default\/files\/js\/js_9UaAhXvc9u0KYXXUw-OKyLP2baQxdV4zY3Y_KGurcvY.js"},{"src":"\/sites\/default\/files\/js\/js_oDJxUBLBzfRb_FDgNfkNOm9-tiatS2kNfxQIeVRZA7Y.js"},{"src":"\/sites\/default\/files\/js\/js_YM82KRuzNIr2X-Kb8pQW8cOcSbWgQ_QGKclTYJ_aMlI.js"},{"src":"\/sites\/default\/files\/js\/js_pqqsPPmPmxKgamY6qk_WSawtL05XH_yAY8GkPHVyahI.js"}]},{"command":"insert","method":"replaceWith","selector":".view-mode-full","data":"\u003Cdiv data-history-node-id=\u002223716\u0022 class=\u0022contenido view-mode-media_expanded ds-3col-equal clearfix\u0022\u003E\n\n  \n\n  \u003Cdiv class=\u0022area-medios group-left\u0022\u003E\n        \n                          \u003Cdiv  class=\u0022imagen\u0022 \u003E\n          \u003Cpicture\u003E\n                  \u003Csource srcset=\u0022\/sites\/default\/files\/styles\/max_650x650\/public\/notas\/2025-10-03\/2K6A9637.webp?itok=2t6LtxVI 650w, \/sites\/default\/files\/styles\/max_1300x1300\/public\/notas\/2025-10-03\/2K6A9637.webp?itok=tYBpQV0n 1300w, \/sites\/default\/files\/styles\/max_1900x1900\/public\/notas\/2025-10-03\/2K6A9637.webp?itok=_MEHEtN5 1900w\u0022 type=\u0022image\/webp\u0022 sizes=\u0022100vw\u0022\/\u003E\n              \u003Csource srcset=\u0022\/sites\/default\/files\/styles\/max_650x650\/public\/notas\/2025-10-03\/2K6A9637.jpg?itok=2t6LtxVI 650w, \/sites\/default\/files\/styles\/max_1300x1300\/public\/notas\/2025-10-03\/2K6A9637.jpg?itok=tYBpQV0n 1300w, \/sites\/default\/files\/styles\/max_1900x1900\/public\/notas\/2025-10-03\/2K6A9637.jpg?itok=_MEHEtN5 1900w\u0022 type=\u0022image\/jpeg\u0022 sizes=\u0022100vw\u0022\/\u003E\n                  \u003Cimg srcset=\u0022\/sites\/default\/files\/styles\/max_650x650\/public\/notas\/2025-10-03\/2K6A9637.jpg?itok=2t6LtxVI 650w, \/sites\/default\/files\/styles\/max_1300x1300\/public\/notas\/2025-10-03\/2K6A9637.jpg?itok=tYBpQV0n 1300w, \/sites\/default\/files\/styles\/max_1900x1900\/public\/notas\/2025-10-03\/2K6A9637.jpg?itok=_MEHEtN5 1900w\u0022 sizes=\u0022100vw\u0022 src=\u0022\/sites\/default\/files\/styles\/max_1300x1300\/public\/notas\/2025-10-03\/2K6A9637.jpg?itok=tYBpQV0n\u0022 alt=\u0022UABC y CECyTE BC formalizan convenio de colaboraci\u00f3n \u0022 typeof=\u0022foaf:Image\u0022 class=\u0022img-fluid\u0022 \/\u003E\n\n  \u003C\/picture\u003E\n\n\u003C\/div\u003E\n      \n  \n\n      \u003Cdiv  class=\u0022boton-expander\u0022\u003E\n        \n                  \u003Cdiv class=\u0022item-list\u0022\u003E\u003Cul\u003E\u003Cli\u003E\u003Ca href=\u0022\/ds-switch-view-mode\/node\/23716\/media_collapsed?selector=view-mode-media_expanded\u0022 class=\u0022use-ajax\u0022\u003E\u2191\u003C\/a\u003E\u003C\/li\u003E\u003C\/ul\u003E\u003C\/div\u003E\n      \n  \n    \u003C\/div\u003E\n\n\n  \u003C\/div\u003E\n\n  \u003Cdiv class=\u0022area-info group-middle\u0022\u003E\n    \n\u003Cdiv  class=\u0022inner\u0022\u003E\n          \n                          \u003Ch2  class=\u0022titulo\u0022 \u003E\n         UABC y CECyTE BC formalizaron convenio de colaboraci\u00f3n acad\u00e9mica, cient\u00edfica, tecnol\u00f3gica y cultural\n\u003C\/h2\u003E\n      \n  \n\n    \n                          \u003Cdiv  class=\u0022resumen\u0022 \u003E\n      El convenio busca fortalecer la colaboraci\u00f3n entre ambas instituciones, ofreciendo a estudiantes y docentes oportunidades de desarrollo profesional, proyectos de vinculaci\u00f3n, pr\u00e1cticas profesionales y actividades de actualizaci\u00f3n\u003C\/div\u003E\n      \n  \n\n\n\u003Cdiv  class=\u0022datos\u0022\u003E\n            \u003Cdiv  class=\u0022autor\u0022\u003E\n            \u003Cdiv  class=\u0022field-label-inline\u0022\u003EPor\u003C\/div\u003E\n  \n                  \u003Ca href=\u0022\/autores\/andrea-ruiz-laureano-0\u0022 hreflang=\u0022es\u0022\u003EAndrea Ruiz Laureano \u003C\/a\u003E\n      \n  \n    \u003C\/div\u003E\n\n      \u003Cdiv  class=\u0022campus\u0022\u003E\n            \u003Cdiv  class=\u0022field-label-inline\u0022\u003ECampus\u003C\/div\u003E\n  \n                  \u003Ca href=\u0022\/campus\/mexicali\u0022 hreflang=\u0022es\u0022\u003EMexicali\u003C\/a\u003E\n      \n  \n    \u003C\/div\u003E\n\n    \n                          \u003Cdiv  class=\u0022fecha\u0022 \u003E\n      6 de Octubre de 2025\u003C\/div\u003E\n      \n  \n\n\n  \u003C\/div\u003E\n    \n                          \u003Cdiv  class=\u0022texto\u0022 \u003E\n      \u003Cp\u003ELa Universidad Aut\u00f3noma de Baja California (UABC) a trav\u00e9s de la Facultad de Ingenier\u00eda Mexicali (FIM) y el Colegio de Estudios Cient\u00edficos y Tecnol\u00f3gicos del Estado de Baja California (CECyTE BC) llevaron a cabo la firma del Convenio de Colaboraci\u00f3n Acad\u00e9mica, Cient\u00edfica, Tecnol\u00f3gica y Cultural, cuyo prop\u00f3sito es establecer mecanismos de cooperaci\u00f3n que favorezcan el desarrollo educativo y profesional de sus comunidades.\u003C\/p\u003E\n\n\u003Cp\u003EEl acto protocolario se realiz\u00f3 en la Vicerrector\u00eda Campus Mexicali, con la presencia del doctor Jes\u00fas Adolfo Soto Curiel, vicerrector de la UABC; el doctor Luis Miguel Buenrostro Mart\u00edn, director general del CECyTE BC; la doctora Araceli Celina Justo L\u00f3pez, directora de la Facultad de Ingenier\u00eda Mexicali; y la doctora Martha Ofelia Lobo Rodr\u00edguez, coordinadora general de Vinculaci\u00f3n y Cooperaci\u00f3n Acad\u00e9mica de la UABC, entre otras autoridades universitarias y del colegio.\u003C\/p\u003E\n\n\u003Cp\u003EEl doctor Jes\u00fas Adolfo Soto Curiel, vicerrector del Campus Mexicali, felicit\u00f3 a la Facultad de Ingenier\u00eda Mexicali y al CECyTE BC por la formalizaci\u00f3n de este convenio, reconociendo en ambas instituciones el compromiso de trabajar de manera conjunta en beneficio de la comunidad estudiantil.\u003C\/p\u003E\n\n\u003Cp\u003EEn la firma tambi\u00e9n estuvieron presentes por parte del CECyTE BC la maestra Luisita Gabriela Renter\u00eda Garc\u00eda, directora de Servicios Educativos; el maestro Jos\u00e9 Antonio Lesizza Barroso, jefe del Departamento de Vinculaci\u00f3n; y la licenciada Karyme Contreras P\u00e9rez, del mismo departamento. Por parte de la UABC asistieron la maestra Mariana Ya\u00f1ez Ruiz, jefa del Departamento de Apoyo a la Extensi\u00f3n de la Cultura y la Vinculaci\u00f3n; la maestra Eddna Teresa Valenzuela Mart\u00ednez, coordinadora de Extensi\u00f3n y Vinculaci\u00f3n de la Facultad de Ingenier\u00eda; y el doctor Abraham Arias Le\u00f3n, responsable del Programa Educativo de Ingenier\u00eda en Semiconductores y Microelectr\u00f3nica, quienes refrendaron con su presencia la importancia de este convenio\u003C\/p\u003E\n\n\u003Cp\u003EEl convenio contempla la realizaci\u00f3n de proyectos de vinculaci\u00f3n con valor en cr\u00e9ditos, pr\u00e1cticas profesionales, conferencias, cursos de capacitaci\u00f3n, asesor\u00edas, donativos, as\u00ed como actividades de actualizaci\u00f3n industrial y profesional para docentes, en beneficio de las comunidades acad\u00e9micas de ambas instituciones.\u003C\/p\u003E\n\n\u003Cp\u003ECon este acuerdo, la UABC y el CECyTE BC refrendan su voluntad de colaborar estrechamente en acciones que fortalezcan la formaci\u00f3n integral de los estudiantes, coadyuven a la preparaci\u00f3n de sus docentes y consoliden la vinculaci\u00f3n como instrumento de desarrollo acad\u00e9mico, cient\u00edfico y social.\u003C\/p\u003E\n\n\u003Cp\u003E\u00a0\u003C\/p\u003E\u003C\/div\u003E\n      \n  \n\n    \n            \u003Cdiv  class=\u0022palabras-clave\u0022\u003E\n                        \u003Ca href=\u0022\/tags\/cecyte\u0022 hreflang=\u0022es\u0022\u003ECecyte\u003C\/a\u003E\n      \n      \u003C\/div\u003E\n  \n\n\n  \u003C\/div\u003E\n\n  \u003C\/div\u003E\n\n  \u003Cdiv class=\u0022area-extras group-right\u0022\u003E\n        \n                          \u003Cdiv  class=\u0022enlace-blockBottom\u0022 \u003E\n      \u003Cdiv\u003EVer m\u00e1s \u003Ca href=\u0022http:\/\/gaceta.uabc.mx\/notas\u0022\u003ENotas\u003C\/a\u003E\u003C\/div\u003E\n\u003C\/div\u003E\n      \n  \n\n\n  \u003C\/div\u003E\n\n\u003C\/div\u003E\n\n","settings":null}]