[{"command":"settings","settings":{"pluralDelimiter":"\u0003","suppressDeprecationErrors":true,"ajaxPageState":{"libraries":"core\/drupal.ajax,core\/picturefill,ds\/ds_3col_equal_width","theme":"gaceta","theme_token":null},"ajaxTrustedUrl":[],"field_group":{"html_element":{"mode":"media_expanded","context":"view","settings":{"classes":"datos","show_empty_fields":false,"id":"","element":"div","show_label":false,"label_element":"h3","label_element_classes":"","attributes":"","effect":"none","speed":"fast"}}},"user":{"uid":0,"permissionsHash":"55dc977d165ab1e05e51b6cc6487f6d73e65ab536d99ee82c6990d9001d5c21c"}},"merge":true},{"command":"add_css","data":"\u003Clink rel=\u0022stylesheet\u0022 media=\u0022all\u0022 href=\u0022\/sites\/default\/files\/css\/css_mxJrjoKKAZuuB4_4f-B1u9VnFZxvSor3Az4JEdrFEso.css\u0022 \/\u003E\n\u003Clink rel=\u0022stylesheet\u0022 media=\u0022all\u0022 href=\u0022\/sites\/default\/files\/css\/css_-BXSGQpS8YTwwuXGbPoshUvZ7W-_HbYR3H7d0DA_mEY.css\u0022 \/\u003E\n\u003Clink rel=\u0022stylesheet\u0022 media=\u0022all\u0022 href=\u0022\/sites\/default\/files\/css\/css_89YreTu0npezhXSakRJR9TVHyBS9bTcyt0s3IckAe-M.css\u0022 \/\u003E\n"},{"command":"add_js","selector":"body","data":[{"src":"\/sites\/default\/files\/js\/js_9UaAhXvc9u0KYXXUw-OKyLP2baQxdV4zY3Y_KGurcvY.js"},{"src":"\/sites\/default\/files\/js\/js_oDJxUBLBzfRb_FDgNfkNOm9-tiatS2kNfxQIeVRZA7Y.js"},{"src":"\/sites\/default\/files\/js\/js_YM82KRuzNIr2X-Kb8pQW8cOcSbWgQ_QGKclTYJ_aMlI.js"},{"src":"\/sites\/default\/files\/js\/js_pqqsPPmPmxKgamY6qk_WSawtL05XH_yAY8GkPHVyahI.js"}]},{"command":"insert","method":"replaceWith","selector":".view-mode-full","data":"\u003Cdiv data-history-node-id=\u002223747\u0022 class=\u0022contenido view-mode-media_expanded ds-3col-equal clearfix\u0022\u003E\n\n  \n\n  \u003Cdiv class=\u0022area-medios group-left\u0022\u003E\n        \n                          \u003Cdiv  class=\u0022imagen\u0022 \u003E\n          \u003Cpicture\u003E\n                  \u003Csource srcset=\u0022\/sites\/default\/files\/styles\/max_650x650\/public\/notas\/2025-10-08\/virtual%202.webp?itok=q4GRHHfU 650w, \/sites\/default\/files\/styles\/max_1300x1300\/public\/notas\/2025-10-08\/virtual%202.webp?itok=Ch0ZWGnp 1300w, \/sites\/default\/files\/styles\/max_1900x1900\/public\/notas\/2025-10-08\/virtual%202.webp?itok=nBU0IF_Z 1600w\u0022 type=\u0022image\/webp\u0022 sizes=\u0022100vw\u0022\/\u003E\n              \u003Csource srcset=\u0022\/sites\/default\/files\/styles\/max_650x650\/public\/notas\/2025-10-08\/virtual%202.jpeg?itok=q4GRHHfU 650w, \/sites\/default\/files\/styles\/max_1300x1300\/public\/notas\/2025-10-08\/virtual%202.jpeg?itok=Ch0ZWGnp 1300w, \/sites\/default\/files\/styles\/max_1900x1900\/public\/notas\/2025-10-08\/virtual%202.jpeg?itok=nBU0IF_Z 1600w\u0022 type=\u0022image\/jpeg\u0022 sizes=\u0022100vw\u0022\/\u003E\n                  \u003Cimg srcset=\u0022\/sites\/default\/files\/styles\/max_650x650\/public\/notas\/2025-10-08\/virtual%202.jpeg?itok=q4GRHHfU 650w, \/sites\/default\/files\/styles\/max_1300x1300\/public\/notas\/2025-10-08\/virtual%202.jpeg?itok=Ch0ZWGnp 1300w, \/sites\/default\/files\/styles\/max_1900x1900\/public\/notas\/2025-10-08\/virtual%202.jpeg?itok=nBU0IF_Z 1600w\u0022 sizes=\u0022100vw\u0022 src=\u0022\/sites\/default\/files\/styles\/max_1300x1300\/public\/notas\/2025-10-08\/virtual%202.jpeg?itok=Ch0ZWGnp\u0022 alt=\u0022V Simposio Internacional en Recursos Fitogen\u00e9ticos \u201cResiliencia y Seguridad Alimentaria\u201d\u0022 typeof=\u0022foaf:Image\u0022 class=\u0022img-fluid\u0022 \/\u003E\n\n  \u003C\/picture\u003E\n\n\u003C\/div\u003E\n      \n  \n\n      \u003Cdiv  class=\u0022boton-expander\u0022\u003E\n        \n                  \u003Cdiv class=\u0022item-list\u0022\u003E\u003Cul\u003E\u003Cli\u003E\u003Ca href=\u0022\/ds-switch-view-mode\/node\/23747\/media_collapsed?selector=view-mode-media_expanded\u0022 class=\u0022use-ajax\u0022\u003E\u2191\u003C\/a\u003E\u003C\/li\u003E\u003C\/ul\u003E\u003C\/div\u003E\n      \n  \n    \u003C\/div\u003E\n\n\n  \u003C\/div\u003E\n\n  \u003Cdiv class=\u0022area-info group-middle\u0022\u003E\n    \n\u003Cdiv  class=\u0022inner\u0022\u003E\n          \n                          \u003Ch2  class=\u0022titulo\u0022 \u003E\n        Impulsan la cooperaci\u00f3n internacional con simposio en Recursos Fitogen\u00e9ticos\n\u003C\/h2\u003E\n      \n  \n\n    \n                          \u003Cdiv  class=\u0022resumen\u0022 \u003E\n      El objetivo de este simposio fue abrir un espacio de cooperaci\u00f3n internacional para analizar estrategias que contribuyan a la conservaci\u00f3n de la biodiversidad y al fortalecimiento de la seguridad alimentaria en Latinoam\u00e9rica\u003C\/div\u003E\n      \n  \n\n\n\u003Cdiv  class=\u0022datos\u0022\u003E\n            \u003Cdiv  class=\u0022autor\u0022\u003E\n            \u003Cdiv  class=\u0022field-label-inline\u0022\u003EPor\u003C\/div\u003E\n  \n                  \u003Ca href=\u0022\/autores\/ricardo-torres-ramos\u0022 hreflang=\u0022es\u0022\u003ERicardo Torres Ramos \u003C\/a\u003E\n      \n  \n    \u003C\/div\u003E\n\n      \u003Cdiv  class=\u0022campus\u0022\u003E\n            \u003Cdiv  class=\u0022field-label-inline\u0022\u003ECampus\u003C\/div\u003E\n  \n                  \u003Ca href=\u0022\/campus\/mexicali\u0022 hreflang=\u0022es\u0022\u003EMexicali\u003C\/a\u003E\n      \n  \n    \u003C\/div\u003E\n\n    \n                          \u003Cdiv  class=\u0022fecha\u0022 \u003E\n      8 de Octubre de 2025\u003C\/div\u003E\n      \n  \n\n\n  \u003C\/div\u003E\n    \n                          \u003Cdiv  class=\u0022texto\u0022 \u003E\n      \u003Cp\u003ELa Universidad Aut\u00f3noma de Baja California (UABC), a trav\u00e9s del Instituto de Ciencias Agr\u00edcolas (ICA) y el Cuerpo Acad\u00e9mico Agricultura y Medio Ambiente, organiz\u00f3 el V Simposio Internacional en Recursos Fitogen\u00e9ticos \u201cResiliencia y Seguridad Alimentaria\u201d, realizado de manera h\u00edbrida con la participaci\u00f3n de especialistas de M\u00e9xico, Cuba, Colombia y Paraguay.\u003C\/p\u003E\n\n\u003Cp\u003EEl evento se llev\u00f3 a cabo en coordinaci\u00f3n con el Instituto de Investigaciones Hort\u00edcolas Liliana Dimitrova (Cuba), la Facultad de Agronom\u00eda de la Universidad Aut\u00f3noma de Sinaloa, el Instituto Tecnol\u00f3gico Superior de El Dorado, el Instituto Nacional de Investigaciones Forestales, Agr\u00edcolas y Pecuarias (INIFAP) y la Agencia Mexicana de Cooperaci\u00f3n Internacional para el Desarrollo (AMEXCID), en el marco del Proyecto de Cooperaci\u00f3n Bilateral M\u00e9xico-Cuba.\u003C\/p\u003E\n\n\u003Cp\u003EEl programa acad\u00e9mico incluy\u00f3 conferencias magistrales impartidas por reconocidos especialistas de la regi\u00f3n. La maestra Nancy Yazm\u00edn Hern\u00e1ndez Nicol\u00e1s (M\u00e9xico) present\u00f3 el tema \u201cEstatus de los recursos fitogen\u00e9ticos en M\u00e9xico\u201d; la doctora Guillermina Macchi Leite (Paraguay) abord\u00f3 \u201cLa importancia de los parientes silvestres en las especies cultivadas: caso del man\u00ed silvestre en Paraguay\u201d; la maestra Roc\u00edo Abigail Arista Gonz\u00e1lez (M\u00e9xico) disert\u00f3 sobre \u201cEl rol del mejoramiento gen\u00e9tico de cultivos en la agricultura mexicana\u201d; la doctora Luz Fanny Orozco Orozco (Colombia) present\u00f3 \u201cLos recursos fitogen\u00e9ticos en Colombia: diversidad y conservaci\u00f3n en especies de inter\u00e9s alimentario y productivo\u201d; la doctora Mar\u00eda Isabel Hern\u00e1ndez D\u00edaz (Cuba) expuso \u201cMejoramiento gen\u00e9tico de las hortalizas\u201d; y la doctora Aurelia Mendoza G\u00f3mez (M\u00e9xico) comparti\u00f3 la ponencia \u201cLos recursos fitogen\u00e9ticos en las zonas \u00e1ridas de M\u00e9xico: caso de la palma datilera\u201d.\u003C\/p\u003E\n\n\u003Cp\u003EEste encuentro internacional propici\u00f3 un espacio de reflexi\u00f3n sobre los retos actuales de la agricultura frente al cambio clim\u00e1tico y la p\u00e9rdida de biodiversidad, destacando la importancia de los recursos fitogen\u00e9ticos para fortalecer la resiliencia de los sistemas agr\u00edcolas y garantizar la seguridad alimentaria.\u003C\/p\u003E\u003C\/div\u003E\n      \n  \n\n    \n            \u003Cdiv  class=\u0022palabras-clave\u0022\u003E\n                        \u003Ca href=\u0022\/tags\/biodiversidad\u0022 hreflang=\u0022es\u0022\u003EBiodiversidad \u003C\/a\u003E\n                \u003Ca href=\u0022\/tags\/recursos-fitogeneticos\u0022 hreflang=\u0022es\u0022\u003ERecursos fitogen\u00e9ticos\u003C\/a\u003E\n                \u003Ca href=\u0022\/tags\/seguridad-alimentaria-0\u0022 hreflang=\u0022es\u0022\u003ESeguridad alimentaria \u003C\/a\u003E\n      \n      \u003C\/div\u003E\n  \n\n\n  \u003C\/div\u003E\n\n  \u003C\/div\u003E\n\n  \u003Cdiv class=\u0022area-extras group-right\u0022\u003E\n        \n                          \u003Cdiv  class=\u0022enlace-blockBottom\u0022 \u003E\n      \u003Cdiv\u003EVer m\u00e1s \u003Ca href=\u0022http:\/\/gaceta.uabc.mx\/notas\u0022\u003ENotas\u003C\/a\u003E\u003C\/div\u003E\n\u003C\/div\u003E\n      \n  \n\n\n  \u003C\/div\u003E\n\n\u003C\/div\u003E\n\n","settings":null}]