[{"command":"settings","settings":{"pluralDelimiter":"\u0003","suppressDeprecationErrors":true,"ajaxPageState":{"libraries":"core\/drupal.ajax,core\/picturefill,ds\/ds_3col_equal_width","theme":"gaceta","theme_token":null},"ajaxTrustedUrl":[],"field_group":{"html_element":{"mode":"media_expanded","context":"view","settings":{"classes":"datos","show_empty_fields":false,"id":"","element":"div","show_label":false,"label_element":"h3","label_element_classes":"","attributes":"","effect":"none","speed":"fast"}}},"user":{"uid":0,"permissionsHash":"55dc977d165ab1e05e51b6cc6487f6d73e65ab536d99ee82c6990d9001d5c21c"}},"merge":true},{"command":"add_css","data":"\u003Clink rel=\u0022stylesheet\u0022 media=\u0022all\u0022 href=\u0022\/sites\/default\/files\/css\/css_mxJrjoKKAZuuB4_4f-B1u9VnFZxvSor3Az4JEdrFEso.css\u0022 \/\u003E\n\u003Clink rel=\u0022stylesheet\u0022 media=\u0022all\u0022 href=\u0022\/sites\/default\/files\/css\/css_-BXSGQpS8YTwwuXGbPoshUvZ7W-_HbYR3H7d0DA_mEY.css\u0022 \/\u003E\n\u003Clink rel=\u0022stylesheet\u0022 media=\u0022all\u0022 href=\u0022\/sites\/default\/files\/css\/css_89YreTu0npezhXSakRJR9TVHyBS9bTcyt0s3IckAe-M.css\u0022 \/\u003E\n"},{"command":"add_js","selector":"body","data":[{"src":"\/sites\/default\/files\/js\/js_9UaAhXvc9u0KYXXUw-OKyLP2baQxdV4zY3Y_KGurcvY.js"},{"src":"\/sites\/default\/files\/js\/js_oDJxUBLBzfRb_FDgNfkNOm9-tiatS2kNfxQIeVRZA7Y.js"},{"src":"\/sites\/default\/files\/js\/js_YM82KRuzNIr2X-Kb8pQW8cOcSbWgQ_QGKclTYJ_aMlI.js"},{"src":"\/sites\/default\/files\/js\/js_pqqsPPmPmxKgamY6qk_WSawtL05XH_yAY8GkPHVyahI.js"}]},{"command":"insert","method":"replaceWith","selector":".view-mode-full","data":"\u003Cdiv data-history-node-id=\u002223764\u0022 class=\u0022contenido view-mode-media_expanded ds-3col-equal clearfix\u0022\u003E\n\n  \n\n  \u003Cdiv class=\u0022area-medios group-left\u0022\u003E\n        \n                          \u003Cdiv  class=\u0022imagen\u0022 \u003E\n          \u003Cpicture\u003E\n                  \u003Csource srcset=\u0022\/sites\/default\/files\/styles\/max_650x650\/public\/notas\/2025-10-13\/congreso-morelos.webp?itok=D0xthlcp 650w, \/sites\/default\/files\/styles\/max_1300x1300\/public\/notas\/2025-10-13\/congreso-morelos.webp?itok=IiTGy_Ea 1300w, \/sites\/default\/files\/styles\/max_1900x1900\/public\/notas\/2025-10-13\/congreso-morelos.webp?itok=Ih2KpDKd 1615w\u0022 type=\u0022image\/webp\u0022 sizes=\u0022100vw\u0022\/\u003E\n              \u003Csource srcset=\u0022\/sites\/default\/files\/styles\/max_650x650\/public\/notas\/2025-10-13\/congreso-morelos.jpg?itok=D0xthlcp 650w, \/sites\/default\/files\/styles\/max_1300x1300\/public\/notas\/2025-10-13\/congreso-morelos.jpg?itok=IiTGy_Ea 1300w, \/sites\/default\/files\/styles\/max_1900x1900\/public\/notas\/2025-10-13\/congreso-morelos.jpg?itok=Ih2KpDKd 1615w\u0022 type=\u0022image\/jpeg\u0022 sizes=\u0022100vw\u0022\/\u003E\n                  \u003Cimg srcset=\u0022\/sites\/default\/files\/styles\/max_650x650\/public\/notas\/2025-10-13\/congreso-morelos.jpg?itok=D0xthlcp 650w, \/sites\/default\/files\/styles\/max_1300x1300\/public\/notas\/2025-10-13\/congreso-morelos.jpg?itok=IiTGy_Ea 1300w, \/sites\/default\/files\/styles\/max_1900x1900\/public\/notas\/2025-10-13\/congreso-morelos.jpg?itok=Ih2KpDKd 1615w\u0022 sizes=\u0022100vw\u0022 src=\u0022\/sites\/default\/files\/styles\/max_1300x1300\/public\/notas\/2025-10-13\/congreso-morelos.jpg?itok=IiTGy_Ea\u0022 alt=\u0022.\u0022 typeof=\u0022foaf:Image\u0022 class=\u0022img-fluid\u0022 \/\u003E\n\n  \u003C\/picture\u003E\n\n\u003C\/div\u003E\n      \n  \n\n      \u003Cdiv  class=\u0022boton-expander\u0022\u003E\n        \n                  \u003Cdiv class=\u0022item-list\u0022\u003E\u003Cul\u003E\u003Cli\u003E\u003Ca href=\u0022\/ds-switch-view-mode\/node\/23764\/media_collapsed?selector=view-mode-media_expanded\u0022 class=\u0022use-ajax\u0022\u003E\u2191\u003C\/a\u003E\u003C\/li\u003E\u003C\/ul\u003E\u003C\/div\u003E\n      \n  \n    \u003C\/div\u003E\n\n\n  \u003C\/div\u003E\n\n  \u003Cdiv class=\u0022area-info group-middle\u0022\u003E\n    \n\u003Cdiv  class=\u0022inner\u0022\u003E\n          \n                          \u003Ch2  class=\u0022titulo\u0022 \u003E\n        Cimarrones de Psicolog\u00eda participaron en Congreso Internacional en Morelos\n\u003C\/h2\u003E\n      \n  \n\n    \n                          \u003Cdiv  class=\u0022resumen\u0022 \u003E\n      Avances en cognici\u00f3n social y salud mental fueron presentados por alumnos de la FCAyS en Congreso Internacional\u003C\/div\u003E\n      \n  \n\n\n\u003Cdiv  class=\u0022datos\u0022\u003E\n            \u003Cdiv  class=\u0022autor\u0022\u003E\n            \u003Cdiv  class=\u0022field-label-inline\u0022\u003EPor\u003C\/div\u003E\n  \n                  \u003Ca href=\u0022\/autores\/iris-itssel-villela-raygoza\u0022 hreflang=\u0022es\u0022\u003EIris Itssel Villela Raygoza\u003C\/a\u003E\n      \n  \n    \u003C\/div\u003E\n\n      \u003Cdiv  class=\u0022campus\u0022\u003E\n            \u003Cdiv  class=\u0022field-label-inline\u0022\u003ECampus\u003C\/div\u003E\n  \n                  \u003Ca href=\u0022\/campus\/ensenada\u0022 hreflang=\u0022es\u0022\u003EEnsenada\u003C\/a\u003E\n      \n  \n    \u003C\/div\u003E\n\n    \n                          \u003Cdiv  class=\u0022fecha\u0022 \u003E\n      13 de Octubre de 2025\u003C\/div\u003E\n      \n  \n\n\n  \u003C\/div\u003E\n    \n                          \u003Cdiv  class=\u0022texto\u0022 \u003E\n      \u003Cp\u003EEstudiantes de Psicolog\u00eda de la etapa disciplinaria y terminal, de la Facultad de Ciencias Administrativas y Sociales (FCAyS) participaron los d\u00edas 9, 10 y 11 de octubre de 2025, en el Congreso Internacional \u201c50 a\u00f1os construyendo la Psicolog\u00eda en Morelos\u201d organizado por la Facultad de Psicolog\u00eda de la Universidad Aut\u00f3noma del Estado de Morelos (UAEM). Presentaron trabajos relacionados a la cognici\u00f3n social y salud mental. Temas que se desprenden de las investigaciones del doctor Rub\u00e9n Avil\u00e9s Reyes, profesor de tiempo completo de la FCAyS.\u00a0\u003C\/p\u003E\n\n\u003Cp\u003EEl doctor Ruben Avil\u00e9s Reyes dentro de sus programas de servicio social profesional y Proyectos de Vinculaci\u00f3n con Valor en Cr\u00e9ditos (PVVC) impulsa investigaciones que se relacionan con la cognici\u00f3n social y la salud mental. Los estudiantes involucrados de la carrera de psicolog\u00eda que est\u00e1n en dichos programas, presentaron avances de las investigaciones en carteles\u00a0y ponencias durante las actividades del Congreso Internacional 50 a\u00f1os Construyendo la Psicolog\u00eda, en la ciudad de Cuernavaca, Morelos.\u003C\/p\u003E\n\n\u003Cp\u003EEl objetivo principal de estas actividades es la difusi\u00f3n del conocimiento mediante la presentaci\u00f3n de los resultados de investigaciones recientes, innovaciones o desarrollos te\u00f3ricos en una disciplina, realizados por los estudiantes en colaboraci\u00f3n con investigaciones de profesores de la facultad. Asimismo, se busca fomentar la comunicaci\u00f3n y la colaboraci\u00f3n entre personas e instituciones de diferentes contextos culturales.\u003C\/p\u003E\n\n\u003Cp\u003EEste tipo de participaciones en congresos representa una valiosa oportunidad para el desarrollo acad\u00e9mico y profesional de los estudiantes, ya que les permite fortalecer sus habilidades de investigaci\u00f3n, exposici\u00f3n y an\u00e1lisis cr\u00edtico. Adem\u00e1s, el intercambio de ideas con especialistas y colegas de otras instituciones ampl\u00eda su perspectiva, contribuyendo a su formaci\u00f3n integral y prepar\u00e1ndolos para enfrentar los retos propios de su ejercicio profesional en el campo de la psicolog\u00eda.\u003C\/p\u003E\u003C\/div\u003E\n      \n  \n\n    \n            \u003Cdiv  class=\u0022palabras-clave\u0022\u003E\n                        \u003Ca href=\u0022\/tags\/congreso-internacional\u0022 hreflang=\u0022es\u0022\u003ECongreso Internacional\u003C\/a\u003E\n                \u003Ca href=\u0022\/tags\/licenciatura-en-psicologia\u0022 hreflang=\u0022es\u0022\u003ELicenciatura en Psicolog\u00eda\u003C\/a\u003E\n      \n      \u003C\/div\u003E\n  \n\n\n  \u003C\/div\u003E\n\n  \u003C\/div\u003E\n\n  \u003Cdiv class=\u0022area-extras group-right\u0022\u003E\n        \n                          \u003Cdiv  class=\u0022enlace-blockBottom\u0022 \u003E\n      \u003Cdiv\u003EVer m\u00e1s \u003Ca href=\u0022http:\/\/gaceta.uabc.mx\/notas\u0022\u003ENotas\u003C\/a\u003E\u003C\/div\u003E\n\u003C\/div\u003E\n      \n  \n\n\n  \u003C\/div\u003E\n\n\u003C\/div\u003E\n\n","settings":null}]