[{"command":"settings","settings":{"pluralDelimiter":"\u0003","suppressDeprecationErrors":true,"ajaxPageState":{"libraries":"core\/drupal.ajax,core\/picturefill,ds\/ds_3col_equal_width","theme":"gaceta","theme_token":null},"ajaxTrustedUrl":[],"field_group":{"html_element":{"mode":"media_expanded","context":"view","settings":{"classes":"datos","show_empty_fields":false,"id":"","element":"div","show_label":false,"label_element":"h3","label_element_classes":"","attributes":"","effect":"none","speed":"fast"}}},"user":{"uid":0,"permissionsHash":"55dc977d165ab1e05e51b6cc6487f6d73e65ab536d99ee82c6990d9001d5c21c"}},"merge":true},{"command":"add_css","data":"\u003Clink rel=\u0022stylesheet\u0022 media=\u0022all\u0022 href=\u0022\/sites\/default\/files\/css\/css_mxJrjoKKAZuuB4_4f-B1u9VnFZxvSor3Az4JEdrFEso.css\u0022 \/\u003E\n\u003Clink rel=\u0022stylesheet\u0022 media=\u0022all\u0022 href=\u0022\/sites\/default\/files\/css\/css_-BXSGQpS8YTwwuXGbPoshUvZ7W-_HbYR3H7d0DA_mEY.css\u0022 \/\u003E\n\u003Clink rel=\u0022stylesheet\u0022 media=\u0022all\u0022 href=\u0022\/sites\/default\/files\/css\/css_89YreTu0npezhXSakRJR9TVHyBS9bTcyt0s3IckAe-M.css\u0022 \/\u003E\n"},{"command":"add_js","selector":"body","data":[{"src":"\/sites\/default\/files\/js\/js_9UaAhXvc9u0KYXXUw-OKyLP2baQxdV4zY3Y_KGurcvY.js"},{"src":"\/sites\/default\/files\/js\/js_oDJxUBLBzfRb_FDgNfkNOm9-tiatS2kNfxQIeVRZA7Y.js"},{"src":"\/sites\/default\/files\/js\/js_YM82KRuzNIr2X-Kb8pQW8cOcSbWgQ_QGKclTYJ_aMlI.js"},{"src":"\/sites\/default\/files\/js\/js_pqqsPPmPmxKgamY6qk_WSawtL05XH_yAY8GkPHVyahI.js"}]},{"command":"insert","method":"replaceWith","selector":".view-mode-full","data":"\u003Cdiv data-history-node-id=\u002223782\u0022 class=\u0022contenido view-mode-media_expanded ds-3col-equal clearfix\u0022\u003E\n\n  \n\n  \u003Cdiv class=\u0022area-medios group-left\u0022\u003E\n        \n                          \u003Cdiv  class=\u0022imagen\u0022 \u003E\n          \u003Cpicture\u003E\n                  \u003Csource srcset=\u0022\/sites\/default\/files\/styles\/max_650x650\/public\/notas\/2025-10-15\/Certificacio%CC%81n%20FCQI.webp?itok=0S0RRM0Y 650w, \/sites\/default\/files\/styles\/max_1300x1300\/public\/notas\/2025-10-15\/Certificacio%CC%81n%20FCQI.webp?itok=7DhLO-76 1300w, \/sites\/default\/files\/styles\/max_1900x1900\/public\/notas\/2025-10-15\/Certificacio%CC%81n%20FCQI.webp?itok=opQRV_NN 1420w\u0022 type=\u0022image\/webp\u0022 sizes=\u0022100vw\u0022\/\u003E\n              \u003Csource srcset=\u0022\/sites\/default\/files\/styles\/max_650x650\/public\/notas\/2025-10-15\/Certificacio%CC%81n%20FCQI.jpg?itok=0S0RRM0Y 650w, \/sites\/default\/files\/styles\/max_1300x1300\/public\/notas\/2025-10-15\/Certificacio%CC%81n%20FCQI.jpg?itok=7DhLO-76 1300w, \/sites\/default\/files\/styles\/max_1900x1900\/public\/notas\/2025-10-15\/Certificacio%CC%81n%20FCQI.jpg?itok=opQRV_NN 1420w\u0022 type=\u0022image\/jpeg\u0022 sizes=\u0022100vw\u0022\/\u003E\n                  \u003Cimg srcset=\u0022\/sites\/default\/files\/styles\/max_650x650\/public\/notas\/2025-10-15\/Certificacio%CC%81n%20FCQI.jpg?itok=0S0RRM0Y 650w, \/sites\/default\/files\/styles\/max_1300x1300\/public\/notas\/2025-10-15\/Certificacio%CC%81n%20FCQI.jpg?itok=7DhLO-76 1300w, \/sites\/default\/files\/styles\/max_1900x1900\/public\/notas\/2025-10-15\/Certificacio%CC%81n%20FCQI.jpg?itok=opQRV_NN 1420w\u0022 sizes=\u0022100vw\u0022 src=\u0022\/sites\/default\/files\/styles\/max_1300x1300\/public\/notas\/2025-10-15\/Certificacio%CC%81n%20FCQI.jpg?itok=7DhLO-76\u0022 alt=\u0022Facultad de Ciencias Qu\u00edmicas e Ingenier\u00eda entreg\u00f3 certificaciones de la Red CONOCER  a 23 docentes\u0022 typeof=\u0022foaf:Image\u0022 class=\u0022img-fluid\u0022 \/\u003E\n\n  \u003C\/picture\u003E\n\n\u003C\/div\u003E\n      \n  \n\n      \u003Cdiv  class=\u0022boton-expander\u0022\u003E\n        \n                  \u003Cdiv class=\u0022item-list\u0022\u003E\u003Cul\u003E\u003Cli\u003E\u003Ca href=\u0022\/ds-switch-view-mode\/node\/23782\/media_collapsed?selector=view-mode-media_expanded\u0022 class=\u0022use-ajax\u0022\u003E\u2191\u003C\/a\u003E\u003C\/li\u003E\u003C\/ul\u003E\u003C\/div\u003E\n      \n  \n    \u003C\/div\u003E\n\n\n  \u003C\/div\u003E\n\n  \u003Cdiv class=\u0022area-info group-middle\u0022\u003E\n    \n\u003Cdiv  class=\u0022inner\u0022\u003E\n          \n                          \u003Ch2  class=\u0022titulo\u0022 \u003E\n        Docentes de la Facultad de Ciencias Qu\u00edmicas e Ingenier\u00eda recibieron certificaciones de la Red CONOCER \n\u003C\/h2\u003E\n      \n  \n\n    \n                          \u003Cdiv  class=\u0022resumen\u0022 \u003E\n      Refuerzan el compromiso de la UABC con la formaci\u00f3n de profesionales actualizados en diferentes competencias\u003C\/div\u003E\n      \n  \n\n\n\u003Cdiv  class=\u0022datos\u0022\u003E\n            \u003Cdiv  class=\u0022autor\u0022\u003E\n            \u003Cdiv  class=\u0022field-label-inline\u0022\u003EPor\u003C\/div\u003E\n  \n                  \u003Ca href=\u0022\/autores\/karla-daniela-vasquez-carrasco\u0022 hreflang=\u0022es\u0022\u003EKarla Daniela V\u00e1squez Carrasco\u003C\/a\u003E\n      \n  \n    \u003C\/div\u003E\n\n      \u003Cdiv  class=\u0022campus\u0022\u003E\n            \u003Cdiv  class=\u0022field-label-inline\u0022\u003ECampus\u003C\/div\u003E\n  \n                  \u003Ca href=\u0022\/campus\/tijuana\u0022 hreflang=\u0022es\u0022\u003ETijuana\u003C\/a\u003E\n      \n  \n    \u003C\/div\u003E\n\n    \n                          \u003Cdiv  class=\u0022fecha\u0022 \u003E\n      16 de Octubre de 2025\u003C\/div\u003E\n      \n  \n\n\n  \u003C\/div\u003E\n    \n                          \u003Cdiv  class=\u0022texto\u0022 \u003E\n      \u003Cp\u003ELa Facultad de Ciencias Qu\u00edmicas e Ingenier\u00eda (FCQI), de la UABC campus Tijuana, llev\u00f3 a cabo una breve pero significativa ceremonia donde se entregaron certificaciones de competencias laborales, a 23 docentes de la facultad en el est\u00e1ndar de Impartici\u00f3n de cursos de formaci\u00f3n de capital humano de manera presencial grupal; bajo el sello de la Red de prestadores de servicios de Normalizaci\u00f3n y Certificaci\u00f3n de Competencias Laborales (CONOCER) en colaboraci\u00f3n con el Centro Evaluador de la FCQI.\u003C\/p\u003E\n\n\u003Cp\u003EEstas certificaciones forman parte de la meta institucional de impulsar las certificaciones en est\u00e1ndares de competencias laborales en estudiantes aline\u00e1ndose con su perfil profesional con valor curricular a nivel nacional. A su vez se busca la preparaci\u00f3n en docentes, que posteriormente incentiven y preparen a sus estudiantes que busquen una certificaci\u00f3n.\u00a0\u003C\/p\u003E\n\n\u003Cp\u003EDurante el evento estuvieron presentes autoridades universitarias, entre ellas, la doctora Martha Ofelia Lobo Rodriguez, coordinadora general de Vinculaci\u00f3n y Cooperaci\u00f3n Acad\u00e9mica quien felicit\u00f3 a las y los docentes por su compromiso con las certificaciones que los preparan en habilidades blandas, adem\u00e1s de invitarles a alentar a sus estudiantes a certificarse tambi\u00e9n en las diferentes competencias que ofrece la UABC.\u00a0\u003C\/p\u003E\n\n\u003Cp\u003EEl maestro Roberto Reyes Mart\u00ednez, director de la FCQI, resalt\u00f3 el valor de participar en las certificaciones y declar\u00f3 que la facultad contin\u00faa formando a docentes en 5 est\u00e1ndares m\u00e1s.\u003C\/p\u003E\n\n\u003Cp\u003EPor su parte la maestra Perla Herrera Hern\u00e1ndez, responsable de la Red CONOCER de la UABC, invit\u00f3 a las y los presentes a seguirse sumando a las certificaciones.\u00a0\u003C\/p\u003E\n\n\u003Cp\u003EEsta certificaci\u00f3n refuerza el compromiso de la UABC con la formaci\u00f3n de profesionales actualizados en diferentes competencias, con el fin de preparar a los y las estudiantes que conforman la comunidad cimarrona en el \u00e1rea profesional.\u003C\/p\u003E\u003C\/div\u003E\n      \n  \n\n    \n            \u003Cdiv  class=\u0022palabras-clave\u0022\u003E\n                        \u003Ca href=\u0022\/tags\/red-conocer\u0022 hreflang=\u0022es\u0022\u003ERed CONOCER\u003C\/a\u003E\n                \u003Ca href=\u0022\/tags\/certificacion\u0022 hreflang=\u0022es\u0022\u003ECertificaci\u00f3n\u003C\/a\u003E\n                \u003Ca href=\u0022\/tags\/fcqi\u0022 hreflang=\u0022es\u0022\u003EFCQI\u003C\/a\u003E\n      \n      \u003C\/div\u003E\n  \n\n\n  \u003C\/div\u003E\n\n  \u003C\/div\u003E\n\n  \u003Cdiv class=\u0022area-extras group-right\u0022\u003E\n        \n                          \u003Cdiv  class=\u0022enlace-blockBottom\u0022 \u003E\n      \u003Cdiv\u003EVer m\u00e1s \u003Ca href=\u0022http:\/\/gaceta.uabc.mx\/notas\u0022\u003ENotas\u003C\/a\u003E\u003C\/div\u003E\n\u003C\/div\u003E\n      \n  \n\n\n  \u003C\/div\u003E\n\n\u003C\/div\u003E\n\n","settings":null}]