[{"command":"settings","settings":{"pluralDelimiter":"\u0003","suppressDeprecationErrors":true,"ajaxPageState":{"libraries":"core\/drupal.ajax,core\/picturefill,ds\/ds_3col_equal_width","theme":"gaceta","theme_token":null},"ajaxTrustedUrl":[],"field_group":{"html_element":{"mode":"media_expanded","context":"view","settings":{"classes":"datos","show_empty_fields":false,"id":"","element":"div","show_label":false,"label_element":"h3","label_element_classes":"","attributes":"","effect":"none","speed":"fast"}}},"user":{"uid":0,"permissionsHash":"55dc977d165ab1e05e51b6cc6487f6d73e65ab536d99ee82c6990d9001d5c21c"}},"merge":true},{"command":"add_css","data":"\u003Clink rel=\u0022stylesheet\u0022 media=\u0022all\u0022 href=\u0022\/sites\/default\/files\/css\/css_mxJrjoKKAZuuB4_4f-B1u9VnFZxvSor3Az4JEdrFEso.css\u0022 \/\u003E\n\u003Clink rel=\u0022stylesheet\u0022 media=\u0022all\u0022 href=\u0022\/sites\/default\/files\/css\/css_-BXSGQpS8YTwwuXGbPoshUvZ7W-_HbYR3H7d0DA_mEY.css\u0022 \/\u003E\n\u003Clink rel=\u0022stylesheet\u0022 media=\u0022all\u0022 href=\u0022\/sites\/default\/files\/css\/css_89YreTu0npezhXSakRJR9TVHyBS9bTcyt0s3IckAe-M.css\u0022 \/\u003E\n"},{"command":"add_js","selector":"body","data":[{"src":"\/sites\/default\/files\/js\/js_9UaAhXvc9u0KYXXUw-OKyLP2baQxdV4zY3Y_KGurcvY.js"},{"src":"\/sites\/default\/files\/js\/js_oDJxUBLBzfRb_FDgNfkNOm9-tiatS2kNfxQIeVRZA7Y.js"},{"src":"\/sites\/default\/files\/js\/js_YM82KRuzNIr2X-Kb8pQW8cOcSbWgQ_QGKclTYJ_aMlI.js"},{"src":"\/sites\/default\/files\/js\/js_pqqsPPmPmxKgamY6qk_WSawtL05XH_yAY8GkPHVyahI.js"}]},{"command":"insert","method":"replaceWith","selector":".view-mode-full","data":"\u003Cdiv data-history-node-id=\u002223805\u0022 class=\u0022contenido view-mode-media_expanded ds-3col-equal clearfix\u0022\u003E\n\n  \n\n  \u003Cdiv class=\u0022area-medios group-left\u0022\u003E\n        \n                          \u003Cdiv  class=\u0022imagen\u0022 \u003E\n          \u003Cpicture\u003E\n                  \u003Csource srcset=\u0022\/sites\/default\/files\/styles\/max_650x650\/public\/notas\/2025-10-20\/Keepler_FCITEC.webp?itok=_Jp0H3iR 650w, \/sites\/default\/files\/styles\/max_1300x1300\/public\/notas\/2025-10-20\/Keepler_FCITEC.webp?itok=ImK7M4Vn 1300w, \/sites\/default\/files\/styles\/max_1900x1900\/public\/notas\/2025-10-20\/Keepler_FCITEC.webp?itok=2XBsUX9k 1900w\u0022 type=\u0022image\/webp\u0022 sizes=\u0022100vw\u0022\/\u003E\n              \u003Csource srcset=\u0022\/sites\/default\/files\/styles\/max_650x650\/public\/notas\/2025-10-20\/Keepler_FCITEC.png?itok=_Jp0H3iR 650w, \/sites\/default\/files\/styles\/max_1300x1300\/public\/notas\/2025-10-20\/Keepler_FCITEC.png?itok=ImK7M4Vn 1300w, \/sites\/default\/files\/styles\/max_1900x1900\/public\/notas\/2025-10-20\/Keepler_FCITEC.png?itok=2XBsUX9k 1900w\u0022 type=\u0022image\/png\u0022 sizes=\u0022100vw\u0022\/\u003E\n                  \u003Cimg srcset=\u0022\/sites\/default\/files\/styles\/max_650x650\/public\/notas\/2025-10-20\/Keepler_FCITEC.png?itok=_Jp0H3iR 650w, \/sites\/default\/files\/styles\/max_1300x1300\/public\/notas\/2025-10-20\/Keepler_FCITEC.png?itok=ImK7M4Vn 1300w, \/sites\/default\/files\/styles\/max_1900x1900\/public\/notas\/2025-10-20\/Keepler_FCITEC.png?itok=2XBsUX9k 1900w\u0022 sizes=\u0022100vw\u0022 src=\u0022\/sites\/default\/files\/styles\/max_1300x1300\/public\/notas\/2025-10-20\/Keepler_FCITEC.png?itok=ImK7M4Vn\u0022 alt=\u0022Mobiliaria Keepler imparte conferencia sobre mobiliario sostenible en la FCITEC\u0022 typeof=\u0022foaf:Image\u0022 class=\u0022img-fluid\u0022 \/\u003E\n\n  \u003C\/picture\u003E\n\n\u003C\/div\u003E\n      \n  \n\n      \u003Cdiv  class=\u0022boton-expander\u0022\u003E\n        \n                  \u003Cdiv class=\u0022item-list\u0022\u003E\u003Cul\u003E\u003Cli\u003E\u003Ca href=\u0022\/ds-switch-view-mode\/node\/23805\/media_collapsed?selector=view-mode-media_expanded\u0022 class=\u0022use-ajax\u0022\u003E\u2191\u003C\/a\u003E\u003C\/li\u003E\u003C\/ul\u003E\u003C\/div\u003E\n      \n  \n    \u003C\/div\u003E\n\n\n  \u003C\/div\u003E\n\n  \u003Cdiv class=\u0022area-info group-middle\u0022\u003E\n    \n\u003Cdiv  class=\u0022inner\u0022\u003E\n          \n                          \u003Ch2  class=\u0022titulo\u0022 \u003E\n        Mobiliaria Keepler imparti\u00f3 conferencia sobre mobiliario sostenible en la FCITEC\n\u003C\/h2\u003E\n      \n  \n\n    \n                          \u003Cdiv  class=\u0022resumen\u0022 \u003E\n      Dise\u00f1adores pertenecientes a Keepler comparten su experiencia profesional con los estudiantes de Dise\u00f1o Industrial\u003C\/div\u003E\n      \n  \n\n\n\u003Cdiv  class=\u0022datos\u0022\u003E\n            \u003Cdiv  class=\u0022autor\u0022\u003E\n            \u003Cdiv  class=\u0022field-label-inline\u0022\u003EPor\u003C\/div\u003E\n  \n                  \u003Ca href=\u0022\/autores\/vladimir-becerril-mendoza\u0022 hreflang=\u0022es\u0022\u003EVladimir Becerril Mendoza\u003C\/a\u003E\n      \n  \n    \u003C\/div\u003E\n\n      \u003Cdiv  class=\u0022campus\u0022\u003E\n            \u003Cdiv  class=\u0022field-label-inline\u0022\u003ECampus\u003C\/div\u003E\n  \n                  \u003Ca href=\u0022\/campus\/tijuana\u0022 hreflang=\u0022es\u0022\u003ETijuana\u003C\/a\u003E\n      \n  \n    \u003C\/div\u003E\n\n    \n                          \u003Cdiv  class=\u0022fecha\u0022 \u003E\n      20 de Octubre de 2025\u003C\/div\u003E\n      \n  \n\n\n  \u003C\/div\u003E\n    \n                          \u003Cdiv  class=\u0022texto\u0022 \u003E\n      \u003Cp\u003EEl pasado 2 de octubre en el marco del d\u00e9cimo primer Ciclo de conferencias de Dise\u00f1o Industrial \u201cTrayectorias profesionales e innovaci\u00f3n sustentable\u201d, la Facultad de Ciencias de la Ingenier\u00eda y Tecnolog\u00eda (FCITEC) de la UABC, campus Tijuana, recibi\u00f3 la visita de representantes de Keepler, empresa mobiliaria perteneciente al grupo SAGLO, quienes impartieron la conferencia titulada \u201cMobiliario con un enfoque sostenible y sustentable\u201d.\u00a0\u003C\/p\u003E\n\n\u003Cp\u003EDurante la ponencia, representantes de Keepler compartieron su experiencia profesional con las y los estudiantes de la licenciatura en Dise\u00f1o Industrial, en el desarrollo de mobiliario contempor\u00e1neo, destacando los procesos de manufactura, el uso responsable de materiales y los criterios de dise\u00f1o aplicados a nivel industrial para crear productos funcionales, est\u00e9ticos y ambientalmente responsables.\u003C\/p\u003E\n\n\u003Cp\u003EAsimismo, presentaron algunos de sus proyectos m\u00e1s destacados, los cuales sirvieron como ejemplo e inspiraci\u00f3n para las y los estudiantes que actualmente desarrollan propuestas de dise\u00f1o de mobiliario. El estudiantado mostr\u00f3 gran inter\u00e9s en los temas abordados, formulando preguntas sobre procesos de dise\u00f1os, herramientas tecnol\u00f3gicas y estrategias de innovaci\u00f3n que la empresa emplea para optimizar la calidad y sostenibilidad de sus productos.\u00a0\u003C\/p\u003E\n\n\u003Cp\u003EDe igual forma, como parte de la sesi\u00f3n, los ponentes realizaron una demostraci\u00f3n pr\u00e1ctica de materiales y acabados utilizados en la fabricaci\u00f3n de cocinas integrales y closets, permitiendo a los y las asistentes conocer de cerca las innovaciones y posibilidades que ofrece la industria actual.\u00a0\u003C\/p\u003E\n\n\u003Cp\u003ELa visita de Keepler representa una valiosa oportunidad de vinculaci\u00f3n entre la academia y la industria, fortaleciendo la formaci\u00f3n de los futuros dise\u00f1adores industriales y abriendo nuevas posibilidades de colaboraci\u00f3n en pr\u00e1cticas profesionales y proyectos de investigaci\u00f3n con el Cuerpo Acad\u00e9mico de Tecnolog\u00edas de Dise\u00f1o y Manufactura de la FCITEC.\u003C\/p\u003E\n\n\u003Cp\u003E\u00a0\u003C\/p\u003E\u003C\/div\u003E\n      \n  \n\n    \n            \u003Cdiv  class=\u0022palabras-clave\u0022\u003E\n                        \u003Ca href=\u0022\/tags\/mobiliario\u0022 hreflang=\u0022es\u0022\u003EMobiliario\u003C\/a\u003E\n                \u003Ca href=\u0022\/tags\/diseno\u0022 hreflang=\u0022es\u0022\u003EDise\u00f1o\u003C\/a\u003E\n                \u003Ca href=\u0022\/tags\/manufactura\u0022 hreflang=\u0022es\u0022\u003EManufactura\u003C\/a\u003E\n                \u003Ca href=\u0022\/tags\/fcitec\u0022 hreflang=\u0022es\u0022\u003EFCITEC\u003C\/a\u003E\n      \n      \u003C\/div\u003E\n  \n\n\n  \u003C\/div\u003E\n\n  \u003C\/div\u003E\n\n  \u003Cdiv class=\u0022area-extras group-right\u0022\u003E\n        \n                          \u003Cdiv  class=\u0022enlace-blockBottom\u0022 \u003E\n      \u003Cdiv\u003EVer m\u00e1s \u003Ca href=\u0022http:\/\/gaceta.uabc.mx\/notas\u0022\u003ENotas\u003C\/a\u003E\u003C\/div\u003E\n\u003C\/div\u003E\n      \n  \n\n\n  \u003C\/div\u003E\n\n\u003C\/div\u003E\n\n","settings":null}]