[{"command":"settings","settings":{"pluralDelimiter":"\u0003","suppressDeprecationErrors":true,"ajaxPageState":{"libraries":"core\/drupal.ajax,core\/picturefill,ds\/ds_3col_equal_width","theme":"gaceta","theme_token":null},"ajaxTrustedUrl":[],"field_group":{"html_element":{"mode":"media_expanded","context":"view","settings":{"classes":"datos","show_empty_fields":false,"id":"","element":"div","show_label":false,"label_element":"h3","label_element_classes":"","attributes":"","effect":"none","speed":"fast"}}},"user":{"uid":0,"permissionsHash":"55dc977d165ab1e05e51b6cc6487f6d73e65ab536d99ee82c6990d9001d5c21c"}},"merge":true},{"command":"add_css","data":"\u003Clink rel=\u0022stylesheet\u0022 media=\u0022all\u0022 href=\u0022\/sites\/default\/files\/css\/css_mxJrjoKKAZuuB4_4f-B1u9VnFZxvSor3Az4JEdrFEso.css\u0022 \/\u003E\n\u003Clink rel=\u0022stylesheet\u0022 media=\u0022all\u0022 href=\u0022\/sites\/default\/files\/css\/css_-BXSGQpS8YTwwuXGbPoshUvZ7W-_HbYR3H7d0DA_mEY.css\u0022 \/\u003E\n\u003Clink rel=\u0022stylesheet\u0022 media=\u0022all\u0022 href=\u0022\/sites\/default\/files\/css\/css_89YreTu0npezhXSakRJR9TVHyBS9bTcyt0s3IckAe-M.css\u0022 \/\u003E\n"},{"command":"add_js","selector":"body","data":[{"src":"\/sites\/default\/files\/js\/js_9UaAhXvc9u0KYXXUw-OKyLP2baQxdV4zY3Y_KGurcvY.js"},{"src":"\/sites\/default\/files\/js\/js_oDJxUBLBzfRb_FDgNfkNOm9-tiatS2kNfxQIeVRZA7Y.js"},{"src":"\/sites\/default\/files\/js\/js_YM82KRuzNIr2X-Kb8pQW8cOcSbWgQ_QGKclTYJ_aMlI.js"},{"src":"\/sites\/default\/files\/js\/js_pqqsPPmPmxKgamY6qk_WSawtL05XH_yAY8GkPHVyahI.js"}]},{"command":"insert","method":"replaceWith","selector":".view-mode-full","data":"\u003Cdiv data-history-node-id=\u002223807\u0022 class=\u0022contenido view-mode-media_expanded ds-3col-equal clearfix\u0022\u003E\n\n  \n\n  \u003Cdiv class=\u0022area-medios group-left\u0022\u003E\n        \n                          \u003Cdiv  class=\u0022imagen\u0022 \u003E\n          \u003Cpicture\u003E\n                  \u003Csource srcset=\u0022\/sites\/default\/files\/styles\/max_650x650\/public\/notas\/2025-10-20\/IMG_6618%20MOD.webp?itok=CIczsYhj 650w, \/sites\/default\/files\/styles\/max_1300x1300\/public\/notas\/2025-10-20\/IMG_6618%20MOD.webp?itok=-kPT-18H 1300w, \/sites\/default\/files\/styles\/max_1900x1900\/public\/notas\/2025-10-20\/IMG_6618%20MOD.webp?itok=CmNuOCGC 1900w\u0022 type=\u0022image\/webp\u0022 sizes=\u0022100vw\u0022\/\u003E\n              \u003Csource srcset=\u0022\/sites\/default\/files\/styles\/max_650x650\/public\/notas\/2025-10-20\/IMG_6618%20MOD.JPG?itok=CIczsYhj 650w, \/sites\/default\/files\/styles\/max_1300x1300\/public\/notas\/2025-10-20\/IMG_6618%20MOD.JPG?itok=-kPT-18H 1300w, \/sites\/default\/files\/styles\/max_1900x1900\/public\/notas\/2025-10-20\/IMG_6618%20MOD.JPG?itok=CmNuOCGC 1900w\u0022 type=\u0022image\/jpeg\u0022 sizes=\u0022100vw\u0022\/\u003E\n                  \u003Cimg srcset=\u0022\/sites\/default\/files\/styles\/max_650x650\/public\/notas\/2025-10-20\/IMG_6618%20MOD.JPG?itok=CIczsYhj 650w, \/sites\/default\/files\/styles\/max_1300x1300\/public\/notas\/2025-10-20\/IMG_6618%20MOD.JPG?itok=-kPT-18H 1300w, \/sites\/default\/files\/styles\/max_1900x1900\/public\/notas\/2025-10-20\/IMG_6618%20MOD.JPG?itok=CmNuOCGC 1900w\u0022 sizes=\u0022100vw\u0022 src=\u0022\/sites\/default\/files\/styles\/max_1300x1300\/public\/notas\/2025-10-20\/IMG_6618%20MOD.JPG?itok=-kPT-18H\u0022 alt=\u0022inauguraci\u00f3n del Simposio\u0022 typeof=\u0022foaf:Image\u0022 class=\u0022img-fluid\u0022 \/\u003E\n\n  \u003C\/picture\u003E\n\n\u003C\/div\u003E\n      \n  \n\n      \u003Cdiv  class=\u0022boton-expander\u0022\u003E\n        \n                  \u003Cdiv class=\u0022item-list\u0022\u003E\u003Cul\u003E\u003Cli\u003E\u003Ca href=\u0022\/ds-switch-view-mode\/node\/23807\/media_collapsed?selector=view-mode-media_expanded\u0022 class=\u0022use-ajax\u0022\u003E\u2191\u003C\/a\u003E\u003C\/li\u003E\u003C\/ul\u003E\u003C\/div\u003E\n      \n  \n    \u003C\/div\u003E\n\n\n  \u003C\/div\u003E\n\n  \u003Cdiv class=\u0022area-info group-middle\u0022\u003E\n    \n\u003Cdiv  class=\u0022inner\u0022\u003E\n          \n                          \u003Ch2  class=\u0022titulo\u0022 \u003E\n        Se realiz\u00f3 con \u00e9xito el 1er. Simposio Internacional de Administraci\u00f3n de Empresas\n\u003C\/h2\u003E\n      \n  \n\n    \n                          \u003Cdiv  class=\u0022resumen\u0022 \u003E\n      Bajo el lema \u201cSostenibilidad y Responsabilidad Social, Nuevas Fronteras en la Administraci\u00f3n Global\u0026quot; \u003C\/div\u003E\n      \n  \n\n\n\u003Cdiv  class=\u0022datos\u0022\u003E\n            \u003Cdiv  class=\u0022autor\u0022\u003E\n            \u003Cdiv  class=\u0022field-label-inline\u0022\u003EPor\u003C\/div\u003E\n  \n                  \u003Ca href=\u0022\/autores\/iris-itssel-villela-raygoza\u0022 hreflang=\u0022es\u0022\u003EIris Itssel Villela Raygoza\u003C\/a\u003E\n      \n  \n    \u003C\/div\u003E\n\n      \u003Cdiv  class=\u0022campus\u0022\u003E\n            \u003Cdiv  class=\u0022field-label-inline\u0022\u003ECampus\u003C\/div\u003E\n  \n                  \u003Ca href=\u0022\/campus\/ensenada\u0022 hreflang=\u0022es\u0022\u003EEnsenada\u003C\/a\u003E\n      \n  \n    \u003C\/div\u003E\n\n    \n                          \u003Cdiv  class=\u0022fecha\u0022 \u003E\n      21 de Octubre de 2025\u003C\/div\u003E\n      \n  \n\n\n  \u003C\/div\u003E\n    \n                          \u003Cdiv  class=\u0022texto\u0022 \u003E\n      \u003Cp\u003EEl 1er. Simposio Internacional de Administraci\u00f3n de Empresas se celebr\u00f3 bajo el lema \u201cSostenibilidad y Responsabilidad Social, Nuevas Fronteras en la Administraci\u00f3n Global\u201d. Este evento acad\u00e9mico-cient\u00edfico de car\u00e1cter internacional fue organizado con el objetivo de fomentar el intercambio de conocimientos, experiencias y buenas pr\u00e1cticas entre especialistas, investigadores, docentes, estudiantes y representantes del sector productivo.\u003C\/p\u003E\n\n\u003Cp\u003EEl simposio realizado del 1 al 4 de octubre del 2025 en las instalaciones de la Facultad de Ciencias Administrativas y Sociales (FCAyS) se consolid\u00f3 como un espacio de reflexi\u00f3n y di\u00e1logo interdisciplinario en torno a los retos que afrontan las organizaciones en el contexto de la globalizaci\u00f3n, la transici\u00f3n hacia modelos de desarrollo sostenible y la creciente demanda de responsabilidad social corporativa. Adem\u00e1s, busc\u00f3 impulsar la vinculaci\u00f3n acad\u00e9mica y profesional mediante la presentaci\u00f3n de ponencias, paneles, conferencias magistrales y mesas de trabajo centradas en tem\u00e1ticas emergentes de la administraci\u00f3n, la innovaci\u00f3n y la \u00e9tica empresarial.\u003C\/p\u003E\n\n\u003Cp\u003EAlgunas de las tem\u00e1ticas abordadas fueron: Liderazgo natural en un mundo artificial, Digitalizaci\u00f3n y mejora regulatoria para empresas sostenibles, Gobernanza Global y liderazgo transformacional, Presupuesto y Ahorro para la Gesti\u00f3n Financiera Personal, entre otros. Adem\u00e1s se desarrollaron actividades l\u00fadicas, art\u00edsticas y recreativas.\u003C\/p\u003E\n\u003Cimg alt=\u0022Expositor\u0022 data-entity-type=\u0022file\u0022 data-entity-uuid=\u002260be33fe-43b9-47f3-a5c5-e1b35589e78b\u0022 src=\u0022\/sites\/default\/files\/inline-images\/ponente%20gobernanza%20global.jpg\u0022 class=\u0022align-center\u0022 width=\u00221280\u0022 height=\u0022960\u0022 loading=\u0022lazy\u0022 \/\u003E\u003Cp\u003EEntre los ponentes invitados se cont\u00f3 con la participaci\u00f3n del doctor Arturo Villavicencio Hito, ex presidente de Canacintra; doctor Sergio Manuel Murillo Oliva, presidente del Colegio de Corredur\u00eda P\u00fablica de Baja California; licenciado Arturo P\u00e9rez Behr, c\u00f3nsul honorario de la Rep\u00fablica de Indonesia en M\u00e9xico; licenciado H\u00e9ctor Romero Romero, gerente de LOGIC Ensenada; psic\u00f3loga Patricia Zamora Gonz\u00e1les, del Instituto de Psiquiatr\u00eda del Estado de Baja California; licenciada Jessica Villalvazo Ojeda, de medios El Vig\u00eda; ingeniero Mario Alberto Peregrina Brizuela, presidente de Copreen y CaliBaja; doctor Oscar Barroso Huertas, consultor de Marketing Estrat\u00e9gico, de Espa\u00f1a.\u003C\/p\u003E\n\n\u003Cp\u003EEn l\u00ednea con la misi\u00f3n institucional, el evento form\u00f3 parte de las actividades de difusi\u00f3n, extensi\u00f3n y vinculaci\u00f3n universitaria, orientadas a fortalecer la formaci\u00f3n integral, la proyecci\u00f3n internacional y la generaci\u00f3n de conocimiento aplicado que contribuya al desarrollo econ\u00f3mico y social de la regi\u00f3n y del entorno global.\u003C\/p\u003E\n\n\u003Cp\u003EEl Simposio fue inaugurado por la doctora Lizzette Velasco Aulcy en representaci\u00f3n del maestro Jes\u00fas Padilla S\u00e1nchez, director de la FCAyS; la maestra Isela Romero, administradora; doctor Ram\u00f3n Galv\u00e1n, coordinador de Vinculaci\u00f3n y Extensi\u00f3n; y los organizadores del evento, la doctora Gabriela Mexia Pacheco, la doctora Virginia Margarita Gonz\u00e1lez Rosales, el doctor Rom\u00e1n III Liz\u00e1rraga Ben\u00edtez y el Colegio Nacional de Licenciados en Administraci\u00f3n de Empresas de Ensenada (Conlae), presidido por el maestro Jos\u00e9 Arturo Beltr\u00e1n Brambila.\u003C\/p\u003E\n\n\u003Cp\u003EEn total asistieron aproximadamente 150 participantes por d\u00eda, en su mayor\u00eda procedentes del programa educativo de licenciatura en Administraci\u00f3n de Empresas (LAE).\u003C\/p\u003E\u003C\/div\u003E\n      \n  \n\n    \n            \u003Cdiv  class=\u0022palabras-clave\u0022\u003E\n                        \u003Ca href=\u0022\/tags\/simposio-internacional\u0022 hreflang=\u0022es\u0022\u003ESimposio Internacional\u003C\/a\u003E\n                \u003Ca href=\u0022\/tags\/administracion-de-empresas\u0022 hreflang=\u0022es\u0022\u003EAdministraci\u00f3n de Empresas\u003C\/a\u003E\n      \n      \u003C\/div\u003E\n  \n\n\n  \u003C\/div\u003E\n\n  \u003C\/div\u003E\n\n  \u003Cdiv class=\u0022area-extras group-right\u0022\u003E\n        \n                          \u003Cdiv  class=\u0022enlace-blockBottom\u0022 \u003E\n      \u003Cdiv\u003EVer m\u00e1s \u003Ca href=\u0022http:\/\/gaceta.uabc.mx\/notas\u0022\u003ENotas\u003C\/a\u003E\u003C\/div\u003E\n\u003C\/div\u003E\n      \n  \n\n\n  \u003C\/div\u003E\n\n\u003C\/div\u003E\n\n","settings":null}]