[{"command":"settings","settings":{"pluralDelimiter":"\u0003","suppressDeprecationErrors":true,"ajaxPageState":{"libraries":"core\/drupal.ajax,core\/picturefill,ds\/ds_3col_equal_width","theme":"gaceta","theme_token":null},"ajaxTrustedUrl":[],"field_group":{"html_element":{"mode":"media_expanded","context":"view","settings":{"classes":"datos","show_empty_fields":false,"id":"","element":"div","show_label":false,"label_element":"h3","label_element_classes":"","attributes":"","effect":"none","speed":"fast"}}},"user":{"uid":0,"permissionsHash":"55dc977d165ab1e05e51b6cc6487f6d73e65ab536d99ee82c6990d9001d5c21c"}},"merge":true},{"command":"add_css","data":"\u003Clink rel=\u0022stylesheet\u0022 media=\u0022all\u0022 href=\u0022\/sites\/default\/files\/css\/css_mxJrjoKKAZuuB4_4f-B1u9VnFZxvSor3Az4JEdrFEso.css\u0022 \/\u003E\n\u003Clink rel=\u0022stylesheet\u0022 media=\u0022all\u0022 href=\u0022\/sites\/default\/files\/css\/css_-BXSGQpS8YTwwuXGbPoshUvZ7W-_HbYR3H7d0DA_mEY.css\u0022 \/\u003E\n\u003Clink rel=\u0022stylesheet\u0022 media=\u0022all\u0022 href=\u0022\/sites\/default\/files\/css\/css_89YreTu0npezhXSakRJR9TVHyBS9bTcyt0s3IckAe-M.css\u0022 \/\u003E\n"},{"command":"add_js","selector":"body","data":[{"src":"\/sites\/default\/files\/js\/js_9UaAhXvc9u0KYXXUw-OKyLP2baQxdV4zY3Y_KGurcvY.js"},{"src":"\/sites\/default\/files\/js\/js_oDJxUBLBzfRb_FDgNfkNOm9-tiatS2kNfxQIeVRZA7Y.js"},{"src":"\/sites\/default\/files\/js\/js_YM82KRuzNIr2X-Kb8pQW8cOcSbWgQ_QGKclTYJ_aMlI.js"},{"src":"\/sites\/default\/files\/js\/js_pqqsPPmPmxKgamY6qk_WSawtL05XH_yAY8GkPHVyahI.js"}]},{"command":"insert","method":"replaceWith","selector":".view-mode-full","data":"\u003Cdiv data-history-node-id=\u002223818\u0022 class=\u0022contenido view-mode-media_expanded ds-3col-equal clearfix\u0022\u003E\n\n  \n\n  \u003Cdiv class=\u0022area-medios group-left\u0022\u003E\n        \n                          \u003Cdiv  class=\u0022imagen\u0022 \u003E\n          \u003Cpicture\u003E\n                  \u003Csource srcset=\u0022\/sites\/default\/files\/styles\/max_650x650\/public\/notas\/2025-10-22\/mural%20FCIAS.webp?itok=3zYQ41C8 650w, \/sites\/default\/files\/styles\/max_1300x1300\/public\/notas\/2025-10-22\/mural%20FCIAS.webp?itok=I5pqrEbp 1300w, \/sites\/default\/files\/styles\/max_1900x1900\/public\/notas\/2025-10-22\/mural%20FCIAS.webp?itok=ldZtTWq9 1420w\u0022 type=\u0022image\/webp\u0022 sizes=\u0022100vw\u0022\/\u003E\n              \u003Csource srcset=\u0022\/sites\/default\/files\/styles\/max_650x650\/public\/notas\/2025-10-22\/mural%20FCIAS.png?itok=3zYQ41C8 650w, \/sites\/default\/files\/styles\/max_1300x1300\/public\/notas\/2025-10-22\/mural%20FCIAS.png?itok=I5pqrEbp 1300w, \/sites\/default\/files\/styles\/max_1900x1900\/public\/notas\/2025-10-22\/mural%20FCIAS.png?itok=ldZtTWq9 1420w\u0022 type=\u0022image\/png\u0022 sizes=\u0022100vw\u0022\/\u003E\n                  \u003Cimg srcset=\u0022\/sites\/default\/files\/styles\/max_650x650\/public\/notas\/2025-10-22\/mural%20FCIAS.png?itok=3zYQ41C8 650w, \/sites\/default\/files\/styles\/max_1300x1300\/public\/notas\/2025-10-22\/mural%20FCIAS.png?itok=I5pqrEbp 1300w, \/sites\/default\/files\/styles\/max_1900x1900\/public\/notas\/2025-10-22\/mural%20FCIAS.png?itok=ldZtTWq9 1420w\u0022 sizes=\u0022100vw\u0022 src=\u0022\/sites\/default\/files\/styles\/max_1300x1300\/public\/notas\/2025-10-22\/mural%20FCIAS.png?itok=I5pqrEbp\u0022 alt=\u0022Estudiantes transformaron barda escolar con apoyo de muralistas nacionales e internacionales\u0022 typeof=\u0022foaf:Image\u0022 class=\u0022img-fluid\u0022 \/\u003E\n\n  \u003C\/picture\u003E\n\n\u003C\/div\u003E\n      \n  \n\n      \u003Cdiv  class=\u0022boton-expander\u0022\u003E\n        \n                  \u003Cdiv class=\u0022item-list\u0022\u003E\u003Cul\u003E\u003Cli\u003E\u003Ca href=\u0022\/ds-switch-view-mode\/node\/23818\/media_collapsed?selector=view-mode-media_expanded\u0022 class=\u0022use-ajax\u0022\u003E\u2191\u003C\/a\u003E\u003C\/li\u003E\u003C\/ul\u003E\u003C\/div\u003E\n      \n  \n    \u003C\/div\u003E\n\n\n  \u003C\/div\u003E\n\n  \u003Cdiv class=\u0022area-info group-middle\u0022\u003E\n    \n\u003Cdiv  class=\u0022inner\u0022\u003E\n          \n                          \u003Ch2  class=\u0022titulo\u0022 \u003E\n        Estudiantes transformaron barda escolar con apoyo de muralistas nacionales e internacionales\n\u003C\/h2\u003E\n      \n  \n\n    \n                          \u003Cdiv  class=\u0022resumen\u0022 \u003E\n      Estudiantes de Administraci\u00f3n de Empresas transformaron la barda perimetral de la escuela con apoyo de muralistas nacionales e internacionales\u003C\/div\u003E\n      \n  \n\n\n\u003Cdiv  class=\u0022datos\u0022\u003E\n            \u003Cdiv  class=\u0022autor\u0022\u003E\n            \u003Cdiv  class=\u0022field-label-inline\u0022\u003EPor\u003C\/div\u003E\n  \n                  \u003Ca href=\u0022\/autores\/diana-laura-hernandez-rivera-con-informacion-de-angelica-reyes-mendoza-0\u0022 hreflang=\u0022es\u0022\u003EDiana Laura Hern\u00e1ndez Rivera con informaci\u00f3n de Ang\u00e9lica Reyes Mendoza \u003C\/a\u003E\n      \n  \n    \u003C\/div\u003E\n\n      \u003Cdiv  class=\u0022campus\u0022\u003E\n            \u003Cdiv  class=\u0022field-label-inline\u0022\u003ECampus\u003C\/div\u003E\n  \n                  \u003Ca href=\u0022\/campus\/tijuana\u0022 hreflang=\u0022es\u0022\u003ETijuana\u003C\/a\u003E\n      \n  \n    \u003C\/div\u003E\n\n    \n                          \u003Cdiv  class=\u0022fecha\u0022 \u003E\n      23 de Octubre de 2025\u003C\/div\u003E\n      \n  \n\n\n  \u003C\/div\u003E\n    \n                          \u003Cdiv  class=\u0022texto\u0022 \u003E\n      \u003Cp\u003ELa Facultad de Ciencias de la Ingenier\u00eda, Administrativas y Sociales (FCIAS) de la UABC campus Tijuana, unidad Tecate, realiz\u00f3 el proyecto social denominado \u201cJornada de pintura en la barda perimetral de la Secundaria 02 Sor Juana In\u00e9s de la Cruz de Tecate, B. C.\u201d.\u003C\/p\u003E\n\n\u003Cp\u003EEl proyecto, encabezado por la doctora Ang\u00e9lica Reyes Mendoza, docente de la materia de Administraci\u00f3n de Proyectos, tuvo como objetivo fortalecer el sentido de identidad escolar y promover los valores universitarios de solidaridad, compromiso y responsabilidad entre los y las estudiantes de secundaria.\u003C\/p\u003E\n\n\u003Cp\u003EDurante la jornada, llevada a cabo el 26 de septiembre de 2025, participaron 69 estudiantes y 12 docentes de la FCIAS, adem\u00e1s de 11 muralistas regionales, nacionales e internacionales, quienes contribuyeron con la creaci\u00f3n de un mural educativo. El trabajo incluy\u00f3 la rehabilitaci\u00f3n completa de la barda perimetral, gestionando la donaci\u00f3n de pintura en aerosol y cubetas con el apoyo de la comunidad universitaria.\u003C\/p\u003E\n\n\u003Cp\u003ELa doctora Reyes Mendoza destac\u00f3 que este proyecto no solo represent\u00f3 un acto de solidaridad, sino tambi\u00e9n una lecci\u00f3n pr\u00e1ctica para los y las estudiantes del grupo 143 de la licenciatura en Administraci\u00f3n de Empresas, quienes aplicaron los conocimientos adquiridos en clase a una experiencia real de gesti\u00f3n. \u201cLa teor\u00eda cobra vida al servicio de la sociedad a trav\u00e9s de este tipo de proyectos\u201d, afirm\u00f3.\u003C\/p\u003E\n\n\u003Cp\u003EPor su parte, el director de FCIAS, doctor Mauricio Iv\u00e1n Vargas Mendoza, reconoci\u00f3 el compromiso y la dedicaci\u00f3n de los participantes, resaltando que iniciativas como esta reflejan el esp\u00edritu colaborativo de la universidad y su impacto positivo en la comunidad.\u003C\/p\u003E\n\n\u003Cp\u003ELa estudiante Kenia Galaviz Angulo, coordinadora del proyecto, expres\u00f3 que la experiencia le permiti\u00f3 fortalecer habilidades de liderazgo y comunicaci\u00f3n. \u201cAprend\u00ed lo importante que es trabajar en equipo y coordinar correctamente cada actividad para lograr un buen resultado\u201d, coment\u00f3.\u003C\/p\u003E\n\n\u003Cp\u003ELa jornada benefici\u00f3 directamente a m\u00e1s de 700 estudiantes y 35 docentes de la Secundaria Sor Juana In\u00e9s de la Cruz, quienes ahora disfrutan de un espacio renovado y lleno de color que refleja la colaboraci\u00f3n entre la UABC y la comunidad tecatense.\u003C\/p\u003E\n\n\u003Cp\u003E\u003Cimg alt=\u0022.\u0022 data-entity-type=\u0022file\u0022 data-entity-uuid=\u002259713b39-9daf-454b-8bfa-6bc926aba0b4\u0022 src=\u0022\/sites\/default\/files\/inline-images\/mural-estudiantes.jpg\u0022 width=\u00221900\u0022 height=\u0022701\u0022 loading=\u0022lazy\u0022 \/\u003E\u003C\/p\u003E\u003C\/div\u003E\n      \n  \n\n    \n            \u003Cdiv  class=\u0022palabras-clave\u0022\u003E\n                        \u003Ca href=\u0022\/tags\/proyecto-social\u0022 hreflang=\u0022es\u0022\u003EProyecto social\u003C\/a\u003E\n                \u003Ca href=\u0022\/tags\/fcias\u0022 hreflang=\u0022es\u0022\u003EFCIAS\u003C\/a\u003E\n      \n      \u003C\/div\u003E\n  \n\n\n  \u003C\/div\u003E\n\n  \u003C\/div\u003E\n\n  \u003Cdiv class=\u0022area-extras group-right\u0022\u003E\n        \n                          \u003Cdiv  class=\u0022enlace-blockBottom\u0022 \u003E\n      \u003Cdiv\u003EVer m\u00e1s \u003Ca href=\u0022http:\/\/gaceta.uabc.mx\/notas\u0022\u003ENotas\u003C\/a\u003E\u003C\/div\u003E\n\u003C\/div\u003E\n      \n  \n\n\n  \u003C\/div\u003E\n\n\u003C\/div\u003E\n\n","settings":null}]