[{"command":"settings","settings":{"pluralDelimiter":"\u0003","suppressDeprecationErrors":true,"ajaxPageState":{"libraries":"core\/drupal.ajax,core\/picturefill,ds\/ds_3col_equal_width","theme":"gaceta","theme_token":null},"ajaxTrustedUrl":[],"field_group":{"html_element":{"mode":"media_expanded","context":"view","settings":{"classes":"datos","show_empty_fields":false,"id":"","element":"div","show_label":false,"label_element":"h3","label_element_classes":"","attributes":"","effect":"none","speed":"fast"}}},"user":{"uid":0,"permissionsHash":"55dc977d165ab1e05e51b6cc6487f6d73e65ab536d99ee82c6990d9001d5c21c"}},"merge":true},{"command":"add_css","data":"\u003Clink rel=\u0022stylesheet\u0022 media=\u0022all\u0022 href=\u0022\/sites\/default\/files\/css\/css_mxJrjoKKAZuuB4_4f-B1u9VnFZxvSor3Az4JEdrFEso.css\u0022 \/\u003E\n\u003Clink rel=\u0022stylesheet\u0022 media=\u0022all\u0022 href=\u0022\/sites\/default\/files\/css\/css_-BXSGQpS8YTwwuXGbPoshUvZ7W-_HbYR3H7d0DA_mEY.css\u0022 \/\u003E\n\u003Clink rel=\u0022stylesheet\u0022 media=\u0022all\u0022 href=\u0022\/sites\/default\/files\/css\/css_89YreTu0npezhXSakRJR9TVHyBS9bTcyt0s3IckAe-M.css\u0022 \/\u003E\n"},{"command":"add_js","selector":"body","data":[{"src":"\/sites\/default\/files\/js\/js_9UaAhXvc9u0KYXXUw-OKyLP2baQxdV4zY3Y_KGurcvY.js"},{"src":"\/sites\/default\/files\/js\/js_oDJxUBLBzfRb_FDgNfkNOm9-tiatS2kNfxQIeVRZA7Y.js"},{"src":"\/sites\/default\/files\/js\/js_YM82KRuzNIr2X-Kb8pQW8cOcSbWgQ_QGKclTYJ_aMlI.js"},{"src":"\/sites\/default\/files\/js\/js_pqqsPPmPmxKgamY6qk_WSawtL05XH_yAY8GkPHVyahI.js"}]},{"command":"insert","method":"replaceWith","selector":".view-mode-full","data":"\u003Cdiv data-history-node-id=\u002223823\u0022 class=\u0022contenido view-mode-media_expanded ds-3col-equal clearfix\u0022\u003E\n\n  \n\n  \u003Cdiv class=\u0022area-medios group-left\u0022\u003E\n        \n                          \u003Cdiv  class=\u0022imagen\u0022 \u003E\n          \u003Cpicture\u003E\n                  \u003Csource srcset=\u0022\/sites\/default\/files\/styles\/max_650x650\/public\/notas\/2025-10-22\/Portada_Repentina_FCITEC.webp?itok=2Kpont2O 650w, \/sites\/default\/files\/styles\/max_1300x1300\/public\/notas\/2025-10-22\/Portada_Repentina_FCITEC.webp?itok=61gvLet9 1300w, \/sites\/default\/files\/styles\/max_1900x1900\/public\/notas\/2025-10-22\/Portada_Repentina_FCITEC.webp?itok=oyFRGVHn 1900w\u0022 type=\u0022image\/webp\u0022 sizes=\u0022100vw\u0022\/\u003E\n              \u003Csource srcset=\u0022\/sites\/default\/files\/styles\/max_650x650\/public\/notas\/2025-10-22\/Portada_Repentina_FCITEC.jpg?itok=2Kpont2O 650w, \/sites\/default\/files\/styles\/max_1300x1300\/public\/notas\/2025-10-22\/Portada_Repentina_FCITEC.jpg?itok=61gvLet9 1300w, \/sites\/default\/files\/styles\/max_1900x1900\/public\/notas\/2025-10-22\/Portada_Repentina_FCITEC.jpg?itok=oyFRGVHn 1900w\u0022 type=\u0022image\/jpeg\u0022 sizes=\u0022100vw\u0022\/\u003E\n                  \u003Cimg srcset=\u0022\/sites\/default\/files\/styles\/max_650x650\/public\/notas\/2025-10-22\/Portada_Repentina_FCITEC.jpg?itok=2Kpont2O 650w, \/sites\/default\/files\/styles\/max_1300x1300\/public\/notas\/2025-10-22\/Portada_Repentina_FCITEC.jpg?itok=61gvLet9 1300w, \/sites\/default\/files\/styles\/max_1900x1900\/public\/notas\/2025-10-22\/Portada_Repentina_FCITEC.jpg?itok=oyFRGVHn 1900w\u0022 sizes=\u0022100vw\u0022 src=\u0022\/sites\/default\/files\/styles\/max_1300x1300\/public\/notas\/2025-10-22\/Portada_Repentina_FCITEC.jpg?itok=61gvLet9\u0022 alt=\u0022Estudiantes de arquitectura de la FCITEC participan en evento de Repentina\u0022 typeof=\u0022foaf:Image\u0022 class=\u0022img-fluid\u0022 \/\u003E\n\n  \u003C\/picture\u003E\n\n\u003C\/div\u003E\n      \n  \n\n      \u003Cdiv  class=\u0022boton-expander\u0022\u003E\n        \n                  \u003Cdiv class=\u0022item-list\u0022\u003E\u003Cul\u003E\u003Cli\u003E\u003Ca href=\u0022\/ds-switch-view-mode\/node\/23823\/media_collapsed?selector=view-mode-media_expanded\u0022 class=\u0022use-ajax\u0022\u003E\u2191\u003C\/a\u003E\u003C\/li\u003E\u003C\/ul\u003E\u003C\/div\u003E\n      \n  \n    \u003C\/div\u003E\n\n\n  \u003C\/div\u003E\n\n  \u003Cdiv class=\u0022area-info group-middle\u0022\u003E\n    \n\u003Cdiv  class=\u0022inner\u0022\u003E\n          \n                          \u003Ch2  class=\u0022titulo\u0022 \u003E\n        Alumnado de Arquitectura de la FCITEC particip\u00f3 en evento de Repentina\n\u003C\/h2\u003E\n      \n  \n\n    \n                          \u003Cdiv  class=\u0022resumen\u0022 \u003E\n      La s\u00e9ptima edici\u00f3n de la Repentina busc\u00f3 desarrollar las habilidades metodol\u00f3gicas y creativas de sus estudiantes\u003C\/div\u003E\n      \n  \n\n\n\u003Cdiv  class=\u0022datos\u0022\u003E\n            \u003Cdiv  class=\u0022autor\u0022\u003E\n            \u003Cdiv  class=\u0022field-label-inline\u0022\u003EPor\u003C\/div\u003E\n  \n                  \u003Ca href=\u0022\/autores\/estephania-medel\u0022 hreflang=\u0022es\u0022\u003EEstephania Medel\u003C\/a\u003E\n      \n  \n    \u003C\/div\u003E\n\n      \u003Cdiv  class=\u0022campus\u0022\u003E\n            \u003Cdiv  class=\u0022field-label-inline\u0022\u003ECampus\u003C\/div\u003E\n  \n                  \u003Ca href=\u0022\/campus\/tijuana\u0022 hreflang=\u0022es\u0022\u003ETijuana\u003C\/a\u003E\n      \n  \n    \u003C\/div\u003E\n\n    \n                          \u003Cdiv  class=\u0022fecha\u0022 \u003E\n      22 de Octubre de 2025\u003C\/div\u003E\n      \n  \n\n\n  \u003C\/div\u003E\n    \n                          \u003Cdiv  class=\u0022texto\u0022 \u003E\n      \u003Cp\u003ELa Facultad de Ciencias de la Ingenier\u00eda y la Tecnolog\u00eda particip\u00f3 en la s\u00e9ptima edici\u00f3n de \u201cRepentina\u201d, un evento dirigido al Programa Educativo (PE) de Arquitectura, concursaron estudiantes de las materias de Dise\u00f1o Arquitect\u00f3nico, coordinado por el responsable del PE, el doctor Francisco Armend\u00e1riz Lopez, junto al comit\u00e9 integrado por 16 docentes de la carrera.\u00a0\u003C\/p\u003E\n\n\u003Cp\u003EEl evento se enfoc\u00f3 en desarrollar la creatividad y creaci\u00f3n de conceptos en las y los alumnos de tercero y cuarto semestre respectivamente. Los ejercicios propusieron al alumnado transformar un objeto de la vida cotidiana en un edificio y crear una \u0022Biblioteca m\u00ednima conceptual\u0022 para albergar entre 3 y 5 personas, donde las formas y materiales reflejaran un concepto acorde al proyecto.\u003C\/p\u003E\n\n\u003Cp\u003ELos participantes fueron motivados a utilizar t\u00e9cnicas an\u00e1logas de representaci\u00f3n, basados en dibujo a mano alzada o apoyados en instrumentos como regla y escuadra, esto con el objetivo de mantener la habilidades del dibujo en la aplicaci\u00f3n de metodolog\u00edas arquitect\u00f3nicas proyectuales.\u00a0\u003C\/p\u003E\n\n\u003Cp\u003ECon relaci\u00f3n a la \u201cRepentina\u201d para quinto, sexto y s\u00e9ptimo semestre, el ejercicio tuvo un enfoque social. Se le solicit\u00f3 al estudiantado desarrollar un \u0022Centro Comunitario Ef\u00edmero\u0022. Un centro que se pueda trasladar f\u00e1cilmente entre la ciudad para atender a colonias de escasos recursos en \u00e1mbitos de consultor\u00eda, salud y bienestar, capacitaci\u00f3n t\u00e9cnica, actividades culturales y sostenibilidad.\u003C\/p\u003E\n\n\u003Cp\u003EDurante el ejercicio, las y los estudiantes mostraron inter\u00e9s por indagar en aspectos importantes del problema de dise\u00f1o, buscando integrar elementos que les ayudaran a resolver lo planteado. La experiencia busca dejar en el estudiantado la habilidad de enfrentar ejercicios de dise\u00f1o de manera creativa en condiciones que pueden resultar poco favorables, particularmente con\u00a0 poca disponibilidad de tiempo.\u003C\/p\u003E\n\n\u003Cp\u003E\u00a0\u003C\/p\u003E\u003C\/div\u003E\n      \n  \n\n    \n            \u003Cdiv  class=\u0022palabras-clave\u0022\u003E\n                        \u003Ca href=\u0022\/tags\/repentina\u0022 hreflang=\u0022es\u0022\u003ERepentina\u003C\/a\u003E\n                \u003Ca href=\u0022\/tags\/fcitec\u0022 hreflang=\u0022es\u0022\u003EFCITEC\u003C\/a\u003E\n                \u003Ca href=\u0022\/tags\/arquitectura\u0022 hreflang=\u0022es\u0022\u003EArquitectura\u003C\/a\u003E\n      \n      \u003C\/div\u003E\n  \n\n\n  \u003C\/div\u003E\n\n  \u003C\/div\u003E\n\n  \u003Cdiv class=\u0022area-extras group-right\u0022\u003E\n        \n                          \u003Cdiv  class=\u0022enlace-blockBottom\u0022 \u003E\n      \u003Cdiv\u003EVer m\u00e1s \u003Ca href=\u0022http:\/\/gaceta.uabc.mx\/notas\u0022\u003ENotas\u003C\/a\u003E\u003C\/div\u003E\n\u003C\/div\u003E\n      \n  \n\n\n  \u003C\/div\u003E\n\n\u003C\/div\u003E\n\n","settings":null}]