[{"command":"settings","settings":{"pluralDelimiter":"\u0003","suppressDeprecationErrors":true,"ajaxPageState":{"libraries":"core\/drupal.ajax,core\/picturefill,ds\/ds_3col_equal_width","theme":"gaceta","theme_token":null},"ajaxTrustedUrl":[],"field_group":{"html_element":{"mode":"media_expanded","context":"view","settings":{"classes":"datos","show_empty_fields":false,"id":"","element":"div","show_label":false,"label_element":"h3","label_element_classes":"","attributes":"","effect":"none","speed":"fast"}}},"user":{"uid":0,"permissionsHash":"55dc977d165ab1e05e51b6cc6487f6d73e65ab536d99ee82c6990d9001d5c21c"}},"merge":true},{"command":"add_css","data":"\u003Clink rel=\u0022stylesheet\u0022 media=\u0022all\u0022 href=\u0022\/sites\/default\/files\/css\/css_mxJrjoKKAZuuB4_4f-B1u9VnFZxvSor3Az4JEdrFEso.css\u0022 \/\u003E\n\u003Clink rel=\u0022stylesheet\u0022 media=\u0022all\u0022 href=\u0022\/sites\/default\/files\/css\/css_-BXSGQpS8YTwwuXGbPoshUvZ7W-_HbYR3H7d0DA_mEY.css\u0022 \/\u003E\n\u003Clink rel=\u0022stylesheet\u0022 media=\u0022all\u0022 href=\u0022\/sites\/default\/files\/css\/css_89YreTu0npezhXSakRJR9TVHyBS9bTcyt0s3IckAe-M.css\u0022 \/\u003E\n"},{"command":"add_js","selector":"body","data":[{"src":"\/sites\/default\/files\/js\/js_9UaAhXvc9u0KYXXUw-OKyLP2baQxdV4zY3Y_KGurcvY.js"},{"src":"\/sites\/default\/files\/js\/js_oDJxUBLBzfRb_FDgNfkNOm9-tiatS2kNfxQIeVRZA7Y.js"},{"src":"\/sites\/default\/files\/js\/js_YM82KRuzNIr2X-Kb8pQW8cOcSbWgQ_QGKclTYJ_aMlI.js"},{"src":"\/sites\/default\/files\/js\/js_pqqsPPmPmxKgamY6qk_WSawtL05XH_yAY8GkPHVyahI.js"}]},{"command":"insert","method":"replaceWith","selector":".view-mode-full","data":"\u003Cdiv data-history-node-id=\u002223824\u0022 class=\u0022contenido view-mode-media_expanded ds-3col-equal clearfix\u0022\u003E\n\n  \n\n  \u003Cdiv class=\u0022area-medios group-left\u0022\u003E\n        \n                          \u003Cdiv  class=\u0022imagen\u0022 \u003E\n          \u003Cpicture\u003E\n                  \u003Csource srcset=\u0022\/sites\/default\/files\/styles\/max_650x650\/public\/notas\/2025-10-22\/Portada_Encuentro_FCITEC.webp?itok=pOKi6P0r 650w, \/sites\/default\/files\/styles\/max_1300x1300\/public\/notas\/2025-10-22\/Portada_Encuentro_FCITEC.webp?itok=z8YH_W_y 1300w, \/sites\/default\/files\/styles\/max_1900x1900\/public\/notas\/2025-10-22\/Portada_Encuentro_FCITEC.webp?itok=trSRngNt 1900w\u0022 type=\u0022image\/webp\u0022 sizes=\u0022100vw\u0022\/\u003E\n              \u003Csource srcset=\u0022\/sites\/default\/files\/styles\/max_650x650\/public\/notas\/2025-10-22\/Portada_Encuentro_FCITEC.jpg?itok=pOKi6P0r 650w, \/sites\/default\/files\/styles\/max_1300x1300\/public\/notas\/2025-10-22\/Portada_Encuentro_FCITEC.jpg?itok=z8YH_W_y 1300w, \/sites\/default\/files\/styles\/max_1900x1900\/public\/notas\/2025-10-22\/Portada_Encuentro_FCITEC.jpg?itok=trSRngNt 1900w\u0022 type=\u0022image\/jpeg\u0022 sizes=\u0022100vw\u0022\/\u003E\n                  \u003Cimg srcset=\u0022\/sites\/default\/files\/styles\/max_650x650\/public\/notas\/2025-10-22\/Portada_Encuentro_FCITEC.jpg?itok=pOKi6P0r 650w, \/sites\/default\/files\/styles\/max_1300x1300\/public\/notas\/2025-10-22\/Portada_Encuentro_FCITEC.jpg?itok=z8YH_W_y 1300w, \/sites\/default\/files\/styles\/max_1900x1900\/public\/notas\/2025-10-22\/Portada_Encuentro_FCITEC.jpg?itok=trSRngNt 1900w\u0022 sizes=\u0022100vw\u0022 src=\u0022\/sites\/default\/files\/styles\/max_1300x1300\/public\/notas\/2025-10-22\/Portada_Encuentro_FCITEC.jpg?itok=z8YH_W_y\u0022 alt=\u0022UABC se suma al primer Encuentro de Antropolog\u00eda y Dise\u00f1o en Am\u00e9rica Latina\u0022 typeof=\u0022foaf:Image\u0022 class=\u0022img-fluid\u0022 \/\u003E\n\n  \u003C\/picture\u003E\n\n\u003C\/div\u003E\n      \n  \n\n      \u003Cdiv  class=\u0022boton-expander\u0022\u003E\n        \n                  \u003Cdiv class=\u0022item-list\u0022\u003E\u003Cul\u003E\u003Cli\u003E\u003Ca href=\u0022\/ds-switch-view-mode\/node\/23824\/media_collapsed?selector=view-mode-media_expanded\u0022 class=\u0022use-ajax\u0022\u003E\u2191\u003C\/a\u003E\u003C\/li\u003E\u003C\/ul\u003E\u003C\/div\u003E\n      \n  \n    \u003C\/div\u003E\n\n\n  \u003C\/div\u003E\n\n  \u003Cdiv class=\u0022area-info group-middle\u0022\u003E\n    \n\u003Cdiv  class=\u0022inner\u0022\u003E\n          \n                          \u003Ch2  class=\u0022titulo\u0022 \u003E\n        UABC se sum\u00f3 al primer Encuentro de Antropolog\u00eda y Dise\u00f1o en Am\u00e9rica Latina\n\u003C\/h2\u003E\n      \n  \n\n    \n                          \u003Cdiv  class=\u0022resumen\u0022 \u003E\n      Se reafirm\u00f3 el compromiso con el di\u00e1logo interdisciplinar \u003C\/div\u003E\n      \n  \n\n\n\u003Cdiv  class=\u0022datos\u0022\u003E\n            \u003Cdiv  class=\u0022autor\u0022\u003E\n            \u003Cdiv  class=\u0022field-label-inline\u0022\u003EPor\u003C\/div\u003E\n  \n                  \u003Ca href=\u0022\/autores\/estephania-medel\u0022 hreflang=\u0022es\u0022\u003EEstephania Medel\u003C\/a\u003E\n      \n  \n    \u003C\/div\u003E\n\n      \u003Cdiv  class=\u0022campus\u0022\u003E\n            \u003Cdiv  class=\u0022field-label-inline\u0022\u003ECampus\u003C\/div\u003E\n  \n                  \u003Ca href=\u0022\/campus\/tijuana\u0022 hreflang=\u0022es\u0022\u003ETijuana\u003C\/a\u003E\n      \n  \n    \u003C\/div\u003E\n\n    \n                          \u003Cdiv  class=\u0022fecha\u0022 \u003E\n      22 de Octubre de 2025\u003C\/div\u003E\n      \n  \n\n\n  \u003C\/div\u003E\n    \n                          \u003Cdiv  class=\u0022texto\u0022 \u003E\n      \u003Cp\u003ELa UABC, a trav\u00e9s de la Facultad de Ciencias de la Ingenier\u00eda y la Tecnolog\u00eda (FCITEC), se sum\u00f3 al primer Encuentro de Antropolog\u00eda y Dise\u00f1o en Am\u00e9rica Latina, realizado del 14 al 15 de octubre de 2025 en modalidad h\u00edbrida, con sede principal en la Escuela Nacional de Estudios Superiores (ENES), unidad Morelia de la UNAM, este encuentro, de car\u00e1cter internacional, convoc\u00f3 a investigadores, docentes, estudiantes y profesionales de pa\u00edses como M\u00e9xico, Brasil, Argentina, Colombia y Chile, con el prop\u00f3sito de generar espacios de reflexi\u00f3n, intercambio y acci\u00f3n colectiva en la intersecci\u00f3n entre la antropolog\u00eda y el dise\u00f1o.\u00a0\u003C\/p\u003E\n\n\u003Cp\u003EFue organizado por la ENES; la Universidad de Palermo, Argentina; y la Universidad Federal do Maranh\u00e3o (UFMA), de Brasil. Entre sus objetivos destacaron la creaci\u00f3n de un espacio para la reflexi\u00f3n cr\u00edtica sobre los alcances, tensiones y potencialidades de esta relaci\u00f3n en el contexto latinoamericano, la acci\u00f3n colaborativa entre instituciones e investigadores; as\u00ed como el fortalecimiento de redes de trabajo y el impulso de una agenda compartida que promueva un dise\u00f1o situado, cr\u00edtico y comprometido con las realidades socioculturales de la regi\u00f3n.\u003C\/p\u003E\n\n\u003Cp\u003EComo nodo articulador del encuentro, el programa cont\u00f3 con la participaci\u00f3n de conferencistas provenientes de distintas instituciones internacionales como: la doctora Marina Matarrese (Universidad de Palermo, Argentina); el doctor Alejandro Daniel Murga Gonz\u00e1lez (FCITEC); la doctora Raquel Noronha (UFMA, Brasil); la doctora Marisol Orozco-\u00c1lvarez Universidad del Cauca, Colombia), y la doctora Magdalena Cattan-Lavin (Universidad de Chile). Sus trayectorias, que abarcan la investigaci\u00f3n en dise\u00f1o, antropolog\u00eda, cultura visual y pr\u00e1cticas sociales, ofrecieron un marco plural y cr\u00edtico para reflexionar sobre las intersecciones disciplinares y los retos del dise\u00f1o situado en Am\u00e9rica Latina.\u00a0\u003C\/p\u003E\n\n\u003Cp\u003ETambi\u00e9n como parte del programa, se llevaron a cabo talleres que profundizaron en las tensiones y cruces entre pr\u00e1cticas de dise\u00f1o y enfoques antropol\u00f3gicos. Los doctores Murga Gonz\u00e1lez y Matarrese impartieron conjuntamente el taller \u201cRepresentaciones dominantes sobre el dise\u00f1o y la artesan\u00eda\u201d, donde se problematizaron dichas categor\u00edas mediante el uso de inteligencia artificial generativa.\u00a0\u003C\/p\u003E\n\n\u003Cp\u003ELa doctora Noronha dirigi\u00f3 el taller \u201cDise\u00f1oantropolog\u00eda mediante provotipos\u201d, enfocado en explorar esta metodolog\u00eda emergente. Por su parte, la doctora Orozco-\u00c1lvarez imparti\u00f3 \u201cCartograf\u00edas de memoria\u201d, orientado al an\u00e1lisis de la corporalidad y el territorio a trav\u00e9s de la palabra y la imagen. Finalmente, la doctora Cattan-Lavin desarroll\u00f3 el taller \u201cDe otro modo: desentra\u00f1ando arqueolog\u00edas del hacer\u201d, en el que se exploraron los saberes pr\u00e1cticos a partir del uso de objetos cotidianos.\u003C\/p\u003E\n\n\u003Cp\u003EEl programa general incluy\u00f3 adem\u00e1s conferencias y mesas de di\u00e1logo interdisciplinario, realizadas tanto de manera presencial en Morelia como a trav\u00e9s de transmisi\u00f3n en l\u00ednea. El evento cont\u00f3 con el apoyo de la Secretar\u00eda de Ciencia, Humanidades, Tecnolog\u00eda e Innovaci\u00f3n, que contempla la publicaci\u00f3n de memorias, art\u00edculos de los di\u00e1logos establecidos, as\u00ed como la continuidad de esta plataforma en futuras ediciones.\u003C\/p\u003E\u003C\/div\u003E\n      \n  \n\n    \n            \u003Cdiv  class=\u0022palabras-clave\u0022\u003E\n                        \u003Ca href=\u0022\/tags\/encuentro\u0022 hreflang=\u0022es\u0022\u003EEncuentro\u003C\/a\u003E\n                \u003Ca href=\u0022\/tags\/fcitec-0\u0022 hreflang=\u0022es\u0022\u003EFCITEC \u003C\/a\u003E\n                \u003Ca href=\u0022\/tags\/antropologia\u0022 hreflang=\u0022es\u0022\u003EAntropolog\u00eda\u003C\/a\u003E\n                \u003Ca href=\u0022\/tags\/diseno\u0022 hreflang=\u0022es\u0022\u003EDise\u00f1o\u003C\/a\u003E\n                \u003Ca href=\u0022\/tags\/internacional\u0022 hreflang=\u0022es\u0022\u003EInternacional\u003C\/a\u003E\n      \n      \u003C\/div\u003E\n  \n\n\n  \u003C\/div\u003E\n\n  \u003C\/div\u003E\n\n  \u003Cdiv class=\u0022area-extras group-right\u0022\u003E\n        \n                          \u003Cdiv  class=\u0022enlace-blockBottom\u0022 \u003E\n      \u003Cdiv\u003EVer m\u00e1s \u003Ca href=\u0022http:\/\/gaceta.uabc.mx\/notas\u0022\u003ENotas\u003C\/a\u003E\u003C\/div\u003E\n\u003C\/div\u003E\n      \n  \n\n\n  \u003C\/div\u003E\n\n\u003C\/div\u003E\n\n","settings":null}]