[{"command":"settings","settings":{"pluralDelimiter":"\u0003","suppressDeprecationErrors":true,"ajaxPageState":{"libraries":"core\/drupal.ajax,core\/picturefill,ds\/ds_3col_equal_width","theme":"gaceta","theme_token":null},"ajaxTrustedUrl":[],"field_group":{"html_element":{"mode":"media_expanded","context":"view","settings":{"classes":"datos","show_empty_fields":false,"id":"","element":"div","show_label":false,"label_element":"h3","label_element_classes":"","attributes":"","effect":"none","speed":"fast"}}},"user":{"uid":0,"permissionsHash":"55dc977d165ab1e05e51b6cc6487f6d73e65ab536d99ee82c6990d9001d5c21c"}},"merge":true},{"command":"add_css","data":"\u003Clink rel=\u0022stylesheet\u0022 media=\u0022all\u0022 href=\u0022\/sites\/default\/files\/css\/css_mxJrjoKKAZuuB4_4f-B1u9VnFZxvSor3Az4JEdrFEso.css\u0022 \/\u003E\n\u003Clink rel=\u0022stylesheet\u0022 media=\u0022all\u0022 href=\u0022\/sites\/default\/files\/css\/css_-BXSGQpS8YTwwuXGbPoshUvZ7W-_HbYR3H7d0DA_mEY.css\u0022 \/\u003E\n\u003Clink rel=\u0022stylesheet\u0022 media=\u0022all\u0022 href=\u0022\/sites\/default\/files\/css\/css_89YreTu0npezhXSakRJR9TVHyBS9bTcyt0s3IckAe-M.css\u0022 \/\u003E\n"},{"command":"add_js","selector":"body","data":[{"src":"\/sites\/default\/files\/js\/js_9UaAhXvc9u0KYXXUw-OKyLP2baQxdV4zY3Y_KGurcvY.js"},{"src":"\/sites\/default\/files\/js\/js_oDJxUBLBzfRb_FDgNfkNOm9-tiatS2kNfxQIeVRZA7Y.js"},{"src":"\/sites\/default\/files\/js\/js_YM82KRuzNIr2X-Kb8pQW8cOcSbWgQ_QGKclTYJ_aMlI.js"},{"src":"\/sites\/default\/files\/js\/js_pqqsPPmPmxKgamY6qk_WSawtL05XH_yAY8GkPHVyahI.js"}]},{"command":"insert","method":"replaceWith","selector":".view-mode-full","data":"\u003Cdiv data-history-node-id=\u002223835\u0022 class=\u0022contenido view-mode-media_expanded ds-3col-equal clearfix\u0022\u003E\n\n  \n\n  \u003Cdiv class=\u0022area-medios group-left\u0022\u003E\n        \n                          \u003Cdiv  class=\u0022imagen\u0022 \u003E\n          \u003Cpicture\u003E\n                  \u003Csource srcset=\u0022\/sites\/default\/files\/styles\/max_650x650\/public\/notas\/2025-10-24\/concurso%20farmacologi%CC%81a.webp?itok=FAndhnmL 650w, \/sites\/default\/files\/styles\/max_1300x1300\/public\/notas\/2025-10-24\/concurso%20farmacologi%CC%81a.webp?itok=ZlvKj6ou 1300w, \/sites\/default\/files\/styles\/max_1900x1900\/public\/notas\/2025-10-24\/concurso%20farmacologi%CC%81a.webp?itok=fXjY77tR 1420w\u0022 type=\u0022image\/webp\u0022 sizes=\u0022100vw\u0022\/\u003E\n              \u003Csource srcset=\u0022\/sites\/default\/files\/styles\/max_650x650\/public\/notas\/2025-10-24\/concurso%20farmacologi%CC%81a.jpg?itok=FAndhnmL 650w, \/sites\/default\/files\/styles\/max_1300x1300\/public\/notas\/2025-10-24\/concurso%20farmacologi%CC%81a.jpg?itok=ZlvKj6ou 1300w, \/sites\/default\/files\/styles\/max_1900x1900\/public\/notas\/2025-10-24\/concurso%20farmacologi%CC%81a.jpg?itok=fXjY77tR 1420w\u0022 type=\u0022image\/jpeg\u0022 sizes=\u0022100vw\u0022\/\u003E\n                  \u003Cimg srcset=\u0022\/sites\/default\/files\/styles\/max_650x650\/public\/notas\/2025-10-24\/concurso%20farmacologi%CC%81a.jpg?itok=FAndhnmL 650w, \/sites\/default\/files\/styles\/max_1300x1300\/public\/notas\/2025-10-24\/concurso%20farmacologi%CC%81a.jpg?itok=ZlvKj6ou 1300w, \/sites\/default\/files\/styles\/max_1900x1900\/public\/notas\/2025-10-24\/concurso%20farmacologi%CC%81a.jpg?itok=fXjY77tR 1420w\u0022 sizes=\u0022100vw\u0022 src=\u0022\/sites\/default\/files\/styles\/max_1300x1300\/public\/notas\/2025-10-24\/concurso%20farmacologi%CC%81a.jpg?itok=ZlvKj6ou\u0022 alt=\u0022Estudiantes de la UABC obtienen doble subcampeonato nacional en la Olimpiada de Farmacolog\u00eda\u0022 typeof=\u0022foaf:Image\u0022 class=\u0022img-fluid\u0022 \/\u003E\n\n  \u003C\/picture\u003E\n\n\u003C\/div\u003E\n      \n  \n\n      \u003Cdiv  class=\u0022boton-expander\u0022\u003E\n        \n                  \u003Cdiv class=\u0022item-list\u0022\u003E\u003Cul\u003E\u003Cli\u003E\u003Ca href=\u0022\/ds-switch-view-mode\/node\/23835\/media_collapsed?selector=view-mode-media_expanded\u0022 class=\u0022use-ajax\u0022\u003E\u2191\u003C\/a\u003E\u003C\/li\u003E\u003C\/ul\u003E\u003C\/div\u003E\n      \n  \n    \u003C\/div\u003E\n\n\n  \u003C\/div\u003E\n\n  \u003Cdiv class=\u0022area-info group-middle\u0022\u003E\n    \n\u003Cdiv  class=\u0022inner\u0022\u003E\n          \n                          \u003Ch2  class=\u0022titulo\u0022 \u003E\n        Estudiantes obtuvieron doble subcampeonato nacional en la Olimpiada de Farmacolog\u00eda\n\u003C\/h2\u003E\n      \n  \n\n    \n                          \u003Cdiv  class=\u0022resumen\u0022 \u003E\n      Dos equipos de la Facultad de Medicina y Psicolog\u00eda destacaron en la V Olimpiada Nacional de Farmacolog\u00eda organizada por la Universidad Veracruzana\u003C\/div\u003E\n      \n  \n\n\n\u003Cdiv  class=\u0022datos\u0022\u003E\n            \u003Cdiv  class=\u0022autor\u0022\u003E\n            \u003Cdiv  class=\u0022field-label-inline\u0022\u003EPor\u003C\/div\u003E\n  \n                  \u003Ca href=\u0022\/autores\/diana-laura-hernandez-rivera-con-informacion-de-omar-acosta-silva-0\u0022 hreflang=\u0022es\u0022\u003EDiana Laura Hern\u00e1ndez Rivera con informaci\u00f3n de Omar Acosta Silva \u003C\/a\u003E\n      \n  \n    \u003C\/div\u003E\n\n      \u003Cdiv  class=\u0022campus\u0022\u003E\n            \u003Cdiv  class=\u0022field-label-inline\u0022\u003ECampus\u003C\/div\u003E\n  \n                  \u003Ca href=\u0022\/campus\/tijuana\u0022 hreflang=\u0022es\u0022\u003ETijuana\u003C\/a\u003E\n      \n  \n    \u003C\/div\u003E\n\n    \n                          \u003Cdiv  class=\u0022fecha\u0022 \u003E\n      24 de Octubre de 2025\u003C\/div\u003E\n      \n  \n\n\n  \u003C\/div\u003E\n    \n                          \u003Cdiv  class=\u0022texto\u0022 \u003E\n      \u003Cp\u003EEstudiantes de la Facultad de Medicina y Psicolog\u00eda (FMP) de la UABC campus Tijuana, obtuvieron dos subcampeonatos nacionales durante la V Olimpiada Nacional de Farmacolog\u00eda, celebrada del 1 al 3 de octubre en Xalapa, Veracruz, y organizada por la Universidad Veracruzana.\u003C\/p\u003E\n\n\u003Cp\u003EEl equipo de la categor\u00eda avanzada, conformado por Julio Alfredo Haro Adame (capit\u00e1n), Omar Acosta Silva, Ariel Sinuhe Gonz\u00e1lez Urueta y Aramis Xavier Guadalupe Trinidad, logr\u00f3 el subcampeonato nacional tras obtener la calificaci\u00f3n m\u00e1s alta en la fase preliminar con 95.38 puntos, superando a equipos de universidades como La Salle y la Benem\u00e9rita Universidad Aut\u00f3noma de Puebla.\u003C\/p\u003E\n\n\u003Cp\u003EPor su parte, el equipo integrado por Efra\u00edn Castillo Gutierrez (capit\u00e1n), Amiel Armando Arag\u00f3n Cort\u00e9s, Ricardo Alberto Orozco Santiago y Rodrigo Paul Pille Camarillo, consiguieron el segundo lugar nacional en la categor\u00eda de Debutantes, destacando por su desempe\u00f1o en las fases preliminar y semifinal.\u003C\/p\u003E\n\n\u003Cp\u003E\u201cNos sentimos completamente satisfechos, a pesar de no obtener el primer lugar en la fase final s\u00ed lo obtuvimos en las dem\u00e1s fases y sin duda confirmamos nuestra capacidad y conocimientos, que solo son \u00fatiles si se ponen al servicio de la comunidad\u201d, expres\u00f3 Omar Acosta, presidente de la Academia de Farmacobiolog\u00eda e integrante del equipo avanzado.\u003C\/p\u003E\n\n\u003Cp\u003ELos estudiantes reconocieron el respaldo institucional de la doctora Laura Valencia Espinoza, coordinadora de la carrera de Medicina, y de la doctora Guadalupe Delgadillo, directora de la facultad, quienes facilitaron espacios acad\u00e9micos y apoyo log\u00edstico para su preparaci\u00f3n.\u003C\/p\u003E\n\n\u003Cp\u003ELa preparaci\u00f3n de ambos equipos incluy\u00f3 meses de estudio individual y sesiones intensivas en grupo en la Biblioteca Central, as\u00ed como la participaci\u00f3n activa en las clases dominicales de la Academia de Farmacolog\u00eda, espacio que busca reforzar los conocimientos te\u00f3ricos y cl\u00ednicos de los futuros m\u00e9dicos.\u003C\/p\u003E\n\n\u003Cp\u003EPara los participantes, este logro no solo representa un reconocimiento acad\u00e9mico, sino una oportunidad de crecimiento profesional. \u201cLas ciencias de la salud sin un objetivo humanitario son ciencias vac\u00edas, y sin duda, todos estos conocimientos obtenidos a trav\u00e9s de la preparaci\u00f3n que llevamos los usaremos en beneficio de nuestros pacientes\u201d, destac\u00f3 uno de los integrantes del equipo de categor\u00eda avanzada.\u003C\/p\u003E\n\n\u003Cp\u003EFinalmente, los miembros de la Academia invitaron a m\u00e1s estudiantes a involucrarse en este proyecto, convencidos de que \u201centre nosotros se encuentran los pr\u00f3ximos campeones nacionales de farmacolog\u00eda\u201d\u003C\/p\u003E\u003C\/div\u003E\n      \n  \n\n    \n            \u003Cdiv  class=\u0022palabras-clave\u0022\u003E\n                        \u003Ca href=\u0022\/tags\/farmacologia\u0022 hreflang=\u0022es\u0022\u003EFarmacolog\u00eda\u003C\/a\u003E\n                \u003Ca href=\u0022\/tags\/concurso-0\u0022 hreflang=\u0022es\u0022\u003EConcurso \u003C\/a\u003E\n      \n      \u003C\/div\u003E\n  \n\n\n  \u003C\/div\u003E\n\n  \u003C\/div\u003E\n\n  \u003Cdiv class=\u0022area-extras group-right\u0022\u003E\n        \n                          \u003Cdiv  class=\u0022enlace-blockBottom\u0022 \u003E\n      \u003Cdiv\u003EVer m\u00e1s \u003Ca href=\u0022http:\/\/gaceta.uabc.mx\/notas\u0022\u003ENotas\u003C\/a\u003E\u003C\/div\u003E\n\u003C\/div\u003E\n      \n  \n\n\n  \u003C\/div\u003E\n\n\u003C\/div\u003E\n\n","settings":null}]