[{"command":"settings","settings":{"pluralDelimiter":"\u0003","suppressDeprecationErrors":true,"ajaxPageState":{"libraries":"core\/drupal.ajax,core\/picturefill,ds\/ds_3col_equal_width","theme":"gaceta","theme_token":null},"ajaxTrustedUrl":[],"field_group":{"html_element":{"mode":"media_expanded","context":"view","settings":{"classes":"datos","show_empty_fields":false,"id":"","element":"div","show_label":false,"label_element":"h3","label_element_classes":"","attributes":"","effect":"none","speed":"fast"}}},"user":{"uid":0,"permissionsHash":"55dc977d165ab1e05e51b6cc6487f6d73e65ab536d99ee82c6990d9001d5c21c"}},"merge":true},{"command":"add_css","data":"\u003Clink rel=\u0022stylesheet\u0022 media=\u0022all\u0022 href=\u0022\/sites\/default\/files\/css\/css_mxJrjoKKAZuuB4_4f-B1u9VnFZxvSor3Az4JEdrFEso.css\u0022 \/\u003E\n\u003Clink rel=\u0022stylesheet\u0022 media=\u0022all\u0022 href=\u0022\/sites\/default\/files\/css\/css_-BXSGQpS8YTwwuXGbPoshUvZ7W-_HbYR3H7d0DA_mEY.css\u0022 \/\u003E\n\u003Clink rel=\u0022stylesheet\u0022 media=\u0022all\u0022 href=\u0022\/sites\/default\/files\/css\/css_89YreTu0npezhXSakRJR9TVHyBS9bTcyt0s3IckAe-M.css\u0022 \/\u003E\n"},{"command":"add_js","selector":"body","data":[{"src":"\/sites\/default\/files\/js\/js_9UaAhXvc9u0KYXXUw-OKyLP2baQxdV4zY3Y_KGurcvY.js"},{"src":"\/sites\/default\/files\/js\/js_oDJxUBLBzfRb_FDgNfkNOm9-tiatS2kNfxQIeVRZA7Y.js"},{"src":"\/sites\/default\/files\/js\/js_YM82KRuzNIr2X-Kb8pQW8cOcSbWgQ_QGKclTYJ_aMlI.js"},{"src":"\/sites\/default\/files\/js\/js_pqqsPPmPmxKgamY6qk_WSawtL05XH_yAY8GkPHVyahI.js"}]},{"command":"insert","method":"replaceWith","selector":".view-mode-full","data":"\u003Cdiv data-history-node-id=\u002223845\u0022 class=\u0022contenido view-mode-media_expanded ds-3col-equal clearfix\u0022\u003E\n\n  \n\n  \u003Cdiv class=\u0022area-medios group-left\u0022\u003E\n        \n                          \u003Cdiv  class=\u0022imagen\u0022 \u003E\n          \u003Cpicture\u003E\n                  \u003Csource srcset=\u0022\/sites\/default\/files\/styles\/max_650x650\/public\/notas\/2025-10-27\/2K6A2796%20%281%29.webp?itok=JXH-fLQg 650w, \/sites\/default\/files\/styles\/max_1300x1300\/public\/notas\/2025-10-27\/2K6A2796%20%281%29.webp?itok=AL_31PQx 1300w, \/sites\/default\/files\/styles\/max_1900x1900\/public\/notas\/2025-10-27\/2K6A2796%20%281%29.webp?itok=EMEsg3GQ 1900w\u0022 type=\u0022image\/webp\u0022 sizes=\u0022100vw\u0022\/\u003E\n              \u003Csource srcset=\u0022\/sites\/default\/files\/styles\/max_650x650\/public\/notas\/2025-10-27\/2K6A2796%20%281%29.jpg?itok=JXH-fLQg 650w, \/sites\/default\/files\/styles\/max_1300x1300\/public\/notas\/2025-10-27\/2K6A2796%20%281%29.jpg?itok=AL_31PQx 1300w, \/sites\/default\/files\/styles\/max_1900x1900\/public\/notas\/2025-10-27\/2K6A2796%20%281%29.jpg?itok=EMEsg3GQ 1900w\u0022 type=\u0022image\/jpeg\u0022 sizes=\u0022100vw\u0022\/\u003E\n                  \u003Cimg srcset=\u0022\/sites\/default\/files\/styles\/max_650x650\/public\/notas\/2025-10-27\/2K6A2796%20%281%29.jpg?itok=JXH-fLQg 650w, \/sites\/default\/files\/styles\/max_1300x1300\/public\/notas\/2025-10-27\/2K6A2796%20%281%29.jpg?itok=AL_31PQx 1300w, \/sites\/default\/files\/styles\/max_1900x1900\/public\/notas\/2025-10-27\/2K6A2796%20%281%29.jpg?itok=EMEsg3GQ 1900w\u0022 sizes=\u0022100vw\u0022 src=\u0022\/sites\/default\/files\/styles\/max_1300x1300\/public\/notas\/2025-10-27\/2K6A2796%20%281%29.jpg?itok=AL_31PQx\u0022 alt=\u0022Vig\u00e9simo octavo Congreso Internacional en Ciencias Agr\u00edcolas\u0022 typeof=\u0022foaf:Image\u0022 class=\u0022img-fluid\u0022 \/\u003E\n\n  \u003C\/picture\u003E\n\n\u003C\/div\u003E\n      \n  \n\n      \u003Cdiv  class=\u0022boton-expander\u0022\u003E\n        \n                  \u003Cdiv class=\u0022item-list\u0022\u003E\u003Cul\u003E\u003Cli\u003E\u003Ca href=\u0022\/ds-switch-view-mode\/node\/23845\/media_collapsed?selector=view-mode-media_expanded\u0022 class=\u0022use-ajax\u0022\u003E\u2191\u003C\/a\u003E\u003C\/li\u003E\u003C\/ul\u003E\u003C\/div\u003E\n      \n  \n    \u003C\/div\u003E\n\n\n  \u003C\/div\u003E\n\n  \u003Cdiv class=\u0022area-info group-middle\u0022\u003E\n    \n\u003Cdiv  class=\u0022inner\u0022\u003E\n          \n                          \u003Ch2  class=\u0022titulo\u0022 \u003E\n        La ciencia y la biotecnolog\u00eda se unen por una agricultura sustentable\n\u003C\/h2\u003E\n      \n  \n\n    \n                          \u003Cdiv  class=\u0022resumen\u0022 \u003E\n      El Instituto de Ciencias Agr\u00edcolas de la UABC inaugur\u00f3 el vig\u00e9simo octavo Congreso Internacional en Ciencias Agr\u00edcolas, foro que impulsa la colaboraci\u00f3n entre academia, gobierno y sector productivo para enfrentar los retos del campo moderno\u003C\/div\u003E\n      \n  \n\n\n\u003Cdiv  class=\u0022datos\u0022\u003E\n            \u003Cdiv  class=\u0022autor\u0022\u003E\n            \u003Cdiv  class=\u0022field-label-inline\u0022\u003EPor\u003C\/div\u003E\n  \n                  \u003Ca href=\u0022\/autores\/andrea-ruiz\u0022 hreflang=\u0022es\u0022\u003EAndrea Ruiz\u003C\/a\u003E\n      \n  \n    \u003C\/div\u003E\n\n      \u003Cdiv  class=\u0022campus\u0022\u003E\n            \u003Cdiv  class=\u0022field-label-inline\u0022\u003ECampus\u003C\/div\u003E\n  \n                  \u003Ca href=\u0022\/campus\/mexicali\u0022 hreflang=\u0022es\u0022\u003EMexicali\u003C\/a\u003E\n      \n  \n    \u003C\/div\u003E\n\n    \n                          \u003Cdiv  class=\u0022fecha\u0022 \u003E\n      27 de Octubre de 2025\u003C\/div\u003E\n      \n  \n\n\n  \u003C\/div\u003E\n    \n                          \u003Cdiv  class=\u0022texto\u0022 \u003E\n      \u003Cp\u003ELa Universidad Aut\u00f3noma de Baja California (UABC), a trav\u00e9s del Instituto de Ciencias Agr\u00edcolas (ICA), llev\u00f3 a cabo los d\u00edas 23 y 24 de octubre el vig\u00e9simo octavo Congreso Internacional en Ciencias Agr\u00edcolas, bajo el lema \u201cInnovaci\u00f3n Biotecnol\u00f3gica: Retos y Oportunidades en la Agricultura Moderna\u201d, en las instalaciones del Centro de Convenciones de Mexicali.\u003C\/p\u003E\n\n\u003Cp\u003EEl evento reuni\u00f3 a especialistas de M\u00e9xico, Estados Unidos, Colombia y Cuba, as\u00ed como a docentes, estudiantes y productores agr\u00edcolas, quienes participaron en conferencias magistrales, ponencias, exposiciones de carteles y diversas actividades acad\u00e9micas orientadas a promover la innovaci\u00f3n cient\u00edfica en beneficio del sector agr\u00edcola.\u003C\/p\u003E\n\n\u003Cp\u003ELa ceremonia inaugural fue presidida por el doctor Jes\u00fas Adolfo Soto Curiel, vicerrector del Campus Mexicali, acompa\u00f1ado por el doctor Daniel Gonz\u00e1lez Mendoza, director del Instituto de Ciencias Agr\u00edcolas; la doctora Claudia Yared Michel L\u00f3pez, presidenta del Comit\u00e9 Organizador; la licenciada Edna Alicia Noriega Lituarte, subsecretaria de Agricultura del Gobierno del Estado de Baja California; y la doctora Ana Cruz Morillo, profesora e investigadora de la Universidad Pedag\u00f3gica y Tecnol\u00f3gica de Colombia, en representaci\u00f3n de las universidades coorganizadoras.\u003C\/p\u003E\n\n\u003Cp\u003EDurante su intervenci\u00f3n, el doctor Soto Curiel destac\u00f3 que este espacio acad\u00e9mico, con casi tres d\u00e9cadas de trayectoria, representa uno de los esfuerzos m\u00e1s s\u00f3lidos de la UABC por impulsar la investigaci\u00f3n aplicada al desarrollo del campo.\u003C\/p\u003E\n\n\u003Cp\u003E\u201cEste Congreso es un punto de encuentro para reflexionar sobre los desaf\u00edos que enfrentamos en un contexto de cambio clim\u00e1tico, escasez de recursos h\u00eddricos y transformaci\u00f3n tecnol\u00f3gica. Aqu\u00ed se re\u00fanen experiencias, saberes y nuevas perspectivas que buscan no s\u00f3lo optimizar la productividad, sino hacerlo de manera sustentable y socialmente responsable\u201d, expres\u00f3.\u003C\/p\u003E\n\n\u003Cp\u003EPor su parte, el doctor Daniel Gonz\u00e1lez Mendoza resalt\u00f3 que la agricultura enfrenta grandes retos y que la innovaci\u00f3n y la creatividad juegan un papel fundamental para desarrollar nuevas alternativas biotecnol\u00f3gicas que hagan m\u00e1s eficiente la producci\u00f3n agr\u00edcola.\u003C\/p\u003E\n\n\u003Cp\u003E\u201cEl Congreso busca ser un foro de oportunidades y un motor de propuestas que impulsen el desarrollo agr\u00edcola y una explotaci\u00f3n sustentable de los recursos\u201d, afirm\u00f3.\u003C\/p\u003E\n\n\u003Cp\u003ELa doctora Claudia Yared Michel L\u00f3pez agradeci\u00f3 a las universidades coorganizadoras, patrocinadores y participantes, destacando que el CICA se ha consolidado como un foro internacional para el intercambio de conocimientos y avances cient\u00edficos en las ciencias agr\u00edcolas, biotecnol\u00f3gicas y afines.\u003C\/p\u003E\n\n\u003Cp\u003EDurante los dos d\u00edas de actividades, se presentaron conferencias magistrales, simposios tem\u00e1ticos, ponencias cortas y una exposici\u00f3n de carteles cient\u00edficos, donde participaron estudiantes, profesoras, profesores y especialistas que compartieron investigaciones y experiencias enfocadas en la biotecnolog\u00eda, la agricultura sustentable y la gesti\u00f3n eficiente de los recursos naturales.\u003C\/p\u003E\n\n\u003Cp\u003E\u00a0\u003C\/p\u003E\u003C\/div\u003E\n      \n  \n\n    \n            \u003Cdiv  class=\u0022palabras-clave\u0022\u003E\n                        \u003Ca href=\u0022\/tags\/congreso-internacional\u0022 hreflang=\u0022es\u0022\u003ECongreso Internacional\u003C\/a\u003E\n      \n      \u003C\/div\u003E\n  \n\n\n  \u003C\/div\u003E\n\n  \u003C\/div\u003E\n\n  \u003Cdiv class=\u0022area-extras group-right\u0022\u003E\n        \n                          \u003Cdiv  class=\u0022enlace-blockBottom\u0022 \u003E\n      \u003Cdiv\u003EVer m\u00e1s \u003Ca href=\u0022http:\/\/gaceta.uabc.mx\/notas\u0022\u003ENotas\u003C\/a\u003E\u003C\/div\u003E\n\u003C\/div\u003E\n      \n  \n\n\n  \u003C\/div\u003E\n\n\u003C\/div\u003E\n\n","settings":null}]