[{"command":"settings","settings":{"pluralDelimiter":"\u0003","suppressDeprecationErrors":true,"ajaxPageState":{"libraries":"core\/drupal.ajax,core\/picturefill,ds\/ds_3col_equal_width","theme":"gaceta","theme_token":null},"ajaxTrustedUrl":[],"field_group":{"html_element":{"mode":"media_expanded","context":"view","settings":{"classes":"datos","show_empty_fields":false,"id":"","element":"div","show_label":false,"label_element":"h3","label_element_classes":"","attributes":"","effect":"none","speed":"fast"}}},"user":{"uid":0,"permissionsHash":"55dc977d165ab1e05e51b6cc6487f6d73e65ab536d99ee82c6990d9001d5c21c"}},"merge":true},{"command":"add_css","data":"\u003Clink rel=\u0022stylesheet\u0022 media=\u0022all\u0022 href=\u0022\/sites\/default\/files\/css\/css_mxJrjoKKAZuuB4_4f-B1u9VnFZxvSor3Az4JEdrFEso.css\u0022 \/\u003E\n\u003Clink rel=\u0022stylesheet\u0022 media=\u0022all\u0022 href=\u0022\/sites\/default\/files\/css\/css_-BXSGQpS8YTwwuXGbPoshUvZ7W-_HbYR3H7d0DA_mEY.css\u0022 \/\u003E\n\u003Clink rel=\u0022stylesheet\u0022 media=\u0022all\u0022 href=\u0022\/sites\/default\/files\/css\/css_89YreTu0npezhXSakRJR9TVHyBS9bTcyt0s3IckAe-M.css\u0022 \/\u003E\n"},{"command":"add_js","selector":"body","data":[{"src":"\/sites\/default\/files\/js\/js_9UaAhXvc9u0KYXXUw-OKyLP2baQxdV4zY3Y_KGurcvY.js"},{"src":"\/sites\/default\/files\/js\/js_oDJxUBLBzfRb_FDgNfkNOm9-tiatS2kNfxQIeVRZA7Y.js"},{"src":"\/sites\/default\/files\/js\/js_YM82KRuzNIr2X-Kb8pQW8cOcSbWgQ_QGKclTYJ_aMlI.js"},{"src":"\/sites\/default\/files\/js\/js_pqqsPPmPmxKgamY6qk_WSawtL05XH_yAY8GkPHVyahI.js"}]},{"command":"insert","method":"replaceWith","selector":".view-mode-full","data":"\u003Cdiv data-history-node-id=\u002223894\u0022 class=\u0022contenido view-mode-media_expanded ds-3col-equal clearfix\u0022\u003E\n\n  \n\n  \u003Cdiv class=\u0022area-medios group-left\u0022\u003E\n        \n                          \u003Cdiv  class=\u0022imagen\u0022 \u003E\n          \u003Cpicture\u003E\n                  \u003Csource srcset=\u0022\/sites\/default\/files\/styles\/max_650x650\/public\/notas\/2025-11-05\/FCA%20Aniversario%2058%201.webp?itok=j3-n9n3Y 650w, \/sites\/default\/files\/styles\/max_1300x1300\/public\/notas\/2025-11-05\/FCA%20Aniversario%2058%201.webp?itok=9PyGQf3x 1300w, \/sites\/default\/files\/styles\/max_1900x1900\/public\/notas\/2025-11-05\/FCA%20Aniversario%2058%201.webp?itok=HiEzKr3S 1900w\u0022 type=\u0022image\/webp\u0022 sizes=\u0022100vw\u0022\/\u003E\n              \u003Csource srcset=\u0022\/sites\/default\/files\/styles\/max_650x650\/public\/notas\/2025-11-05\/FCA%20Aniversario%2058%201.JPG?itok=j3-n9n3Y 650w, \/sites\/default\/files\/styles\/max_1300x1300\/public\/notas\/2025-11-05\/FCA%20Aniversario%2058%201.JPG?itok=9PyGQf3x 1300w, \/sites\/default\/files\/styles\/max_1900x1900\/public\/notas\/2025-11-05\/FCA%20Aniversario%2058%201.JPG?itok=HiEzKr3S 1900w\u0022 type=\u0022image\/jpeg\u0022 sizes=\u0022100vw\u0022\/\u003E\n                  \u003Cimg srcset=\u0022\/sites\/default\/files\/styles\/max_650x650\/public\/notas\/2025-11-05\/FCA%20Aniversario%2058%201.JPG?itok=j3-n9n3Y 650w, \/sites\/default\/files\/styles\/max_1300x1300\/public\/notas\/2025-11-05\/FCA%20Aniversario%2058%201.JPG?itok=9PyGQf3x 1300w, \/sites\/default\/files\/styles\/max_1900x1900\/public\/notas\/2025-11-05\/FCA%20Aniversario%2058%201.JPG?itok=HiEzKr3S 1900w\u0022 sizes=\u0022100vw\u0022 src=\u0022\/sites\/default\/files\/styles\/max_1300x1300\/public\/notas\/2025-11-05\/FCA%20Aniversario%2058%201.JPG?itok=9PyGQf3x\u0022 alt=\u0022La comunidad universitaria de la FCA se reuni\u00f3 para el tradicional corte de pastel para celebrar su 58.\u00b0 aniversario.\u0022 typeof=\u0022foaf:Image\u0022 class=\u0022img-fluid\u0022 \/\u003E\n\n  \u003C\/picture\u003E\n\n\u003C\/div\u003E\n      \n  \n\n      \u003Cdiv  class=\u0022boton-expander\u0022\u003E\n        \n                  \u003Cdiv class=\u0022item-list\u0022\u003E\u003Cul\u003E\u003Cli\u003E\u003Ca href=\u0022\/ds-switch-view-mode\/node\/23894\/media_collapsed?selector=view-mode-media_expanded\u0022 class=\u0022use-ajax\u0022\u003E\u2191\u003C\/a\u003E\u003C\/li\u003E\u003C\/ul\u003E\u003C\/div\u003E\n      \n  \n    \u003C\/div\u003E\n\n\n  \u003C\/div\u003E\n\n  \u003Cdiv class=\u0022area-info group-middle\u0022\u003E\n    \n\u003Cdiv  class=\u0022inner\u0022\u003E\n          \n                          \u003Ch2  class=\u0022titulo\u0022 \u003E\n        Festej\u00f3 su 58.\u00b0 aniversario la  Facultad de Ciencias Administrativas\n\u003C\/h2\u003E\n      \n  \n\n    \n                          \u003Cdiv  class=\u0022resumen\u0022 \u003E\n      La celebraci\u00f3n tuvo un inicio exitoso con el desarrollo de la primera Olimpiada Deportiva que reuni\u00f3 a m\u00e1s de 3 mil participantes\u003C\/div\u003E\n      \n  \n\n\n\u003Cdiv  class=\u0022datos\u0022\u003E\n            \u003Cdiv  class=\u0022autor\u0022\u003E\n            \u003Cdiv  class=\u0022field-label-inline\u0022\u003EPor\u003C\/div\u003E\n  \n                  \u003Ca href=\u0022\/autores\/maria-magnolia-gutierrez-boneo\u0022 hreflang=\u0022es\u0022\u003EMar\u00eda Magnolia Guti\u00e9rrez Boneo\u003C\/a\u003E\n      \n  \n    \u003C\/div\u003E\n\n      \u003Cdiv  class=\u0022campus\u0022\u003E\n            \u003Cdiv  class=\u0022field-label-inline\u0022\u003ECampus\u003C\/div\u003E\n  \n                  \u003Ca href=\u0022\/campus\/mexicali\u0022 hreflang=\u0022es\u0022\u003EMexicali\u003C\/a\u003E\n      \n  \n    \u003C\/div\u003E\n\n    \n                          \u003Cdiv  class=\u0022fecha\u0022 \u003E\n      6 de Noviembre de 2025\u003C\/div\u003E\n      \n  \n\n\n  \u003C\/div\u003E\n    \n                          \u003Cdiv  class=\u0022texto\u0022 \u003E\n      \u003Cp\u003ELa Facultad de Ciencias Administrativas (FCA) de la Universidad Aut\u00f3noma de Baja California (UABC) est\u00e1 celebrando del 4 al 8 de noviembre, con una semana cultural, su 58.\u00b0 aniversario. La inauguraci\u00f3n de la misma se llev\u00f3 a cabo en la explanada de la unidad acad\u00e9mica y estuvo a cargo del vicerrector del Campus Mexicali, doctor Jes\u00fas Adolfo Soto Curiel.\u003C\/p\u003E\n\n\u003Cp\u003EDurante el acto inaugural, el vicerrector destac\u00f3 la contribuci\u00f3n de la FCA, en estos 58 a\u00f1os, al desarrollo de Baja California y de nuestro pa\u00eds. \u201cLas egresadas y egresados formados en sus aulas hoy son l\u00edderes, emprendedoras, emprendedores, docentes, investigadoras e investigadores, y personas que honran a la UABC con su trabajo y compromiso social\u201d, se\u00f1al\u00f3.\u003C\/p\u003E\n\n\u003Cp\u003EEl aniversario es una oportunidad para reconocer a todos quienes han aportado y aportan a la facultad para su crecimiento, mencion\u00f3 el doctor Soto Curiel: \u201cSabemos que detr\u00e1s de cada logro institucional hay muchas manos y voluntades que suman esfuerzos: quienes gestionan proyectos, quienes ense\u00f1an, quienes orientan, quienes apoyan y quienes, desde su lugar, contribuyen para que cada d\u00eda esta Facultad funcione mejor\u201d.\u003C\/p\u003E\n\n\u003Cp\u003EComent\u00f3 que espacios de celebraci\u00f3n como este, \u201cfortalecen nuestra vida institucional: porque nos recuerdan qui\u00e9nes somos, de d\u00f3nde venimos y hacia d\u00f3nde queremos ir\u201d. Agreg\u00f3: \u201cHoy la Facultad de Ciencias Administrativas celebra su historia, pero tambi\u00e9n celebra su presente: una etapa caracterizada por la innovaci\u00f3n, la renovaci\u00f3n de sus programas educativos, la investigaci\u00f3n aplicada y el impulso a la vinculaci\u00f3n con el entorno empresarial y social\u201d.\u003C\/p\u003E\n\n\u003Cp\u003EPor su parte, la directora de la FCA, doctora S\u00f3sima Carrillo, reconoci\u00f3 la contribuci\u00f3n de las generaciones pasadas de directivos, as\u00ed como de toda la comunidad universitaria de docentes, administrativos, personal de servicio, estudiantes, egresados, y jubilados. \u201cTenemos un compromiso con nuestra facultad y sociedad de seguir trabajando para posicionar a nuestra facultad como la mejor de la regi\u00f3n, no solamente en Mexicali, y porque no a nivel nacional\u201d.\u003C\/p\u003E\n\n\u003Cp\u003EEn su mensaje destac\u00f3 que actualmente la unidad acad\u00e9mica cuenta con siete programas de licenciatura y seis de nivel posgrado; anunci\u00f3 que pr\u00f3ximamente esto \u00faltimos aumentar\u00e1n. Y a\u00f1adi\u00f3 que, gracias al esfuerzo de la comunidad y del equipo de trabajo, todos los programas de licenciaturas en condici\u00f3n de ser evaluados, est\u00e1n acreditados tanto a nivel nacional como internacional. \u201cLo que refleja nuestro compromiso con la calidad educativa, adem\u00e1s de que fuimos la primera unidad acad\u00e9mica de la universidad en ofrecer el primer programa totalmente en l\u00ednea\u201d, dijo orgullosa la directora S\u00f3sima Carrillo, quien aclar\u00f3 que actualmente est\u00e1n en la tercera generaci\u00f3n con m\u00e1s de 233 estudiantes.\u003C\/p\u003E\n\n\u003Cp\u003ESe\u00f1al\u00f3 que cuentan con un Centro de Negocios e Incubadora que permite dar capacitaci\u00f3n gratuita a toda la comunidad. \u201cTambi\u00e9n, es un orgullo comentarles que actualmente somos un centro evaluador de la red Conocer, y contamos con el compromiso para la igualdad de g\u00e9nero y hemos refrendado el distintivo de responsabilidad universitaria\u201d, dijo. \u00a0\u003C\/p\u003E\n\n\u003Cp\u003ELa semana cultural inici\u00f3 el d\u00eda 4 con una primera olimpiada deportiva que marc\u00f3 un inicio exitoso al reunir a m\u00e1s de 3 mil participantes, entre estudiantes y docentes. El d\u00eda 6 se inaugurar\u00e1 el Congreso Internacional Sinergia XX; y los d\u00edas siguientes se impartir\u00e1n conferencias especializadas y magistrales, asimismo, desarrollar\u00e1n otras actividades deportivas y recorridos culturales.\u003C\/p\u003E\n\n\u003Cp\u003EEn pres\u00eddium estuvieron con el vicerrector y directora, la doctora Zulema C\u00f3rdova Ru\u00edz y el maestro Justino Alonso Laredo Mu\u00f1oz, subdirectora y administrador de la unidad acad\u00e9mica, respectivamente. Asimismo, estuvieron la doctora Adelaida Figueroa Villanueva, coordinadora de Posgrado; el doctor Francisco Meza Hern\u00e1ndez, coordinador de Extensi\u00f3n y Vinculaci\u00f3n, y la alumna Ana Victoria Uriarte Nu\u00f1o, presidenta de la Sociedad de alumnos de la FCA.\u003C\/p\u003E\u003C\/div\u003E\n      \n  \n\n    \n            \u003Cdiv  class=\u0022palabras-clave\u0022\u003E\n                        \u003Ca href=\u0022\/tags\/aniversario\u0022 hreflang=\u0022es\u0022\u003EAniversario\u003C\/a\u003E\n                \u003Ca href=\u0022\/tags\/semana-cultural\u0022 hreflang=\u0022es\u0022\u003ESemana Cultural\u003C\/a\u003E\n      \n      \u003C\/div\u003E\n  \n\n\n  \u003C\/div\u003E\n\n  \u003C\/div\u003E\n\n  \u003Cdiv class=\u0022area-extras group-right\u0022\u003E\n        \n                          \u003Cdiv  class=\u0022enlace-blockBottom\u0022 \u003E\n      \u003Cdiv\u003EVer m\u00e1s \u003Ca href=\u0022http:\/\/gaceta.uabc.mx\/notas\u0022\u003ENotas\u003C\/a\u003E\u003C\/div\u003E\n\u003C\/div\u003E\n      \n  \n\n\n  \u003C\/div\u003E\n\n\u003C\/div\u003E\n\n","settings":null}]