[{"command":"settings","settings":{"pluralDelimiter":"\u0003","suppressDeprecationErrors":true,"ajaxPageState":{"libraries":"core\/drupal.ajax,core\/picturefill,ds\/ds_3col_equal_width","theme":"gaceta","theme_token":null},"ajaxTrustedUrl":[],"field_group":{"html_element":{"mode":"media_expanded","context":"view","settings":{"classes":"datos","show_empty_fields":false,"id":"","element":"div","show_label":false,"label_element":"h3","label_element_classes":"","attributes":"","effect":"none","speed":"fast"}}},"user":{"uid":0,"permissionsHash":"55dc977d165ab1e05e51b6cc6487f6d73e65ab536d99ee82c6990d9001d5c21c"}},"merge":true},{"command":"add_css","data":"\u003Clink rel=\u0022stylesheet\u0022 media=\u0022all\u0022 href=\u0022\/sites\/default\/files\/css\/css_mxJrjoKKAZuuB4_4f-B1u9VnFZxvSor3Az4JEdrFEso.css\u0022 \/\u003E\n\u003Clink rel=\u0022stylesheet\u0022 media=\u0022all\u0022 href=\u0022\/sites\/default\/files\/css\/css_-BXSGQpS8YTwwuXGbPoshUvZ7W-_HbYR3H7d0DA_mEY.css\u0022 \/\u003E\n\u003Clink rel=\u0022stylesheet\u0022 media=\u0022all\u0022 href=\u0022\/sites\/default\/files\/css\/css_89YreTu0npezhXSakRJR9TVHyBS9bTcyt0s3IckAe-M.css\u0022 \/\u003E\n"},{"command":"add_js","selector":"body","data":[{"src":"\/sites\/default\/files\/js\/js_9UaAhXvc9u0KYXXUw-OKyLP2baQxdV4zY3Y_KGurcvY.js"},{"src":"\/sites\/default\/files\/js\/js_oDJxUBLBzfRb_FDgNfkNOm9-tiatS2kNfxQIeVRZA7Y.js"},{"src":"\/sites\/default\/files\/js\/js_YM82KRuzNIr2X-Kb8pQW8cOcSbWgQ_QGKclTYJ_aMlI.js"},{"src":"\/sites\/default\/files\/js\/js_pqqsPPmPmxKgamY6qk_WSawtL05XH_yAY8GkPHVyahI.js"}]},{"command":"insert","method":"replaceWith","selector":".view-mode-full","data":"\u003Cdiv data-history-node-id=\u002223902\u0022 class=\u0022contenido view-mode-media_expanded ds-3col-equal clearfix\u0022\u003E\n\n  \n\n  \u003Cdiv class=\u0022area-medios group-left\u0022\u003E\n        \n                          \u003Cdiv  class=\u0022imagen\u0022 \u003E\n          \u003Cpicture\u003E\n                  \u003Csource srcset=\u0022\/sites\/default\/files\/styles\/max_650x650\/public\/notas\/2025-11-06\/rueda-de-prensa-SEMINARIO-WEB.webp?itok=9Wl7SsOq 650w, \/sites\/default\/files\/styles\/max_1300x1300\/public\/notas\/2025-11-06\/rueda-de-prensa-SEMINARIO-WEB.webp?itok=VZsiRihN 1300w, \/sites\/default\/files\/styles\/max_1900x1900\/public\/notas\/2025-11-06\/rueda-de-prensa-SEMINARIO-WEB.webp?itok=3OlZX7ci 1615w\u0022 type=\u0022image\/webp\u0022 sizes=\u0022100vw\u0022\/\u003E\n              \u003Csource srcset=\u0022\/sites\/default\/files\/styles\/max_650x650\/public\/notas\/2025-11-06\/rueda-de-prensa-SEMINARIO-WEB.jpg?itok=9Wl7SsOq 650w, \/sites\/default\/files\/styles\/max_1300x1300\/public\/notas\/2025-11-06\/rueda-de-prensa-SEMINARIO-WEB.jpg?itok=VZsiRihN 1300w, \/sites\/default\/files\/styles\/max_1900x1900\/public\/notas\/2025-11-06\/rueda-de-prensa-SEMINARIO-WEB.jpg?itok=3OlZX7ci 1615w\u0022 type=\u0022image\/jpeg\u0022 sizes=\u0022100vw\u0022\/\u003E\n                  \u003Cimg srcset=\u0022\/sites\/default\/files\/styles\/max_650x650\/public\/notas\/2025-11-06\/rueda-de-prensa-SEMINARIO-WEB.jpg?itok=9Wl7SsOq 650w, \/sites\/default\/files\/styles\/max_1300x1300\/public\/notas\/2025-11-06\/rueda-de-prensa-SEMINARIO-WEB.jpg?itok=VZsiRihN 1300w, \/sites\/default\/files\/styles\/max_1900x1900\/public\/notas\/2025-11-06\/rueda-de-prensa-SEMINARIO-WEB.jpg?itok=3OlZX7ci 1615w\u0022 sizes=\u0022100vw\u0022 src=\u0022\/sites\/default\/files\/styles\/max_1300x1300\/public\/notas\/2025-11-06\/rueda-de-prensa-SEMINARIO-WEB.jpg?itok=VZsiRihN\u0022 alt=\u0022El Seminario es organizado por el Instituto de Investigaciones Culturales IIC-Museo y la Facultad de Ciencias Humanas\u0022 typeof=\u0022foaf:Image\u0022 class=\u0022img-fluid\u0022 \/\u003E\n\n  \u003C\/picture\u003E\n\n\u003C\/div\u003E\n      \n  \n\n      \u003Cdiv  class=\u0022boton-expander\u0022\u003E\n        \n                  \u003Cdiv class=\u0022item-list\u0022\u003E\u003Cul\u003E\u003Cli\u003E\u003Ca href=\u0022\/ds-switch-view-mode\/node\/23902\/media_collapsed?selector=view-mode-media_expanded\u0022 class=\u0022use-ajax\u0022\u003E\u2191\u003C\/a\u003E\u003C\/li\u003E\u003C\/ul\u003E\u003C\/div\u003E\n      \n  \n    \u003C\/div\u003E\n\n\n  \u003C\/div\u003E\n\n  \u003Cdiv class=\u0022area-info group-middle\u0022\u003E\n    \n\u003Cdiv  class=\u0022inner\u0022\u003E\n          \n                          \u003Ch2  class=\u0022titulo\u0022 \u003E\n        Invitan a Seminario de Culturas Contempor\u00e1neas 2025\n\u003C\/h2\u003E\n      \n  \n\n    \n                          \u003Cdiv  class=\u0022resumen\u0022 \u003E\n      Esta edici\u00f3n est\u00e1 dedicada al doctor \u00c1ngel Manuel Ort\u00edz Mar\u00edn y contempla mesas de trabajo, conversatorios, muestra de cine y exposici\u00f3n fotogr\u00e1fica, eventos abiertos al p\u00fablico en general interesado\u003C\/div\u003E\n      \n  \n\n\n\u003Cdiv  class=\u0022datos\u0022\u003E\n            \u003Cdiv  class=\u0022autor\u0022\u003E\n            \u003Cdiv  class=\u0022field-label-inline\u0022\u003EPor\u003C\/div\u003E\n  \n                  \u003Ca href=\u0022\/autores\/maria-magnolia-gutierrez-boneo\u0022 hreflang=\u0022es\u0022\u003EMar\u00eda Magnolia Guti\u00e9rrez Boneo\u003C\/a\u003E\n      \n  \n    \u003C\/div\u003E\n\n      \u003Cdiv  class=\u0022campus\u0022\u003E\n            \u003Cdiv  class=\u0022field-label-inline\u0022\u003ECampus\u003C\/div\u003E\n  \n                  \u003Ca href=\u0022\/campus\/mexicali\u0022 hreflang=\u0022es\u0022\u003EMexicali\u003C\/a\u003E\n      \n  \n    \u003C\/div\u003E\n\n    \n                          \u003Cdiv  class=\u0022fecha\u0022 \u003E\n      6 de Noviembre de 2025\u003C\/div\u003E\n      \n  \n\n\n  \u003C\/div\u003E\n    \n                          \u003Cdiv  class=\u0022texto\u0022 \u003E\n      \u003Cp\u003EEn rueda de prensa fue presentado el Seminario de Culturas Contempor\u00e1neas 2025, a realizarse el 12 y 13 de noviembre; esta edici\u00f3n se desarrollar\u00e1 bajo el eje tem\u00e1tico \u201cFuturos en disputa. Ciudadan\u00edas, poder y comunicaci\u00f3n\u201d.\u003C\/p\u003E\n\n\u003Cp\u003EDesde las perspectivas de la comunicaci\u00f3n, el arte y la cultura, el seminario invita a reflexionar sobre c\u00f3mo se ejercen hoy la ciudadan\u00eda, el poder y la participaci\u00f3n en un contexto marcado por la transformaci\u00f3n tecnol\u00f3gica, las fronteras y las nuevas formas de acci\u00f3n colectiva. Se trata de un evento internacional que re\u00fane a acad\u00e9micas y acad\u00e9micos, especialistas, activistas y comunicadores de M\u00e9xico, Estados Unidos, Argentina y Uruguay, as\u00ed como a integrantes de la sociedad civil y estudiantes de los campus Mexicali y Ensenada.\u003C\/p\u003E\n\n\u003Cp\u003EEl vicerrector del Campus Mexicali, doctor Jes\u00fas Adolfo Soto Curiel, presidi\u00f3 este acto, en el que coment\u00f3: \u201cEsa diversidad de voces y miradas enriquece el di\u00e1logo y proyecta a la UABC como una universidad abierta al intercambio, a la cr\u00edtica y a la colaboraci\u00f3n\u201d. Destac\u00f3 el significado especial de esta edici\u00f3n por estar dedicada a la obra y trayectoria del doctor \u00c1ngel Manuel Ort\u00edz Mar\u00edn, \u201cun acad\u00e9mico que dej\u00f3 una profunda huella en nuestra comunidad y en el campo de la comunicaci\u00f3n y la cultura\u201d.\u003C\/p\u003E\n\n\u003Cp\u003EA\u00f1adi\u00f3 que el Seminario de Culturas Contempor\u00e1neas \u201ces, sin duda, uno de los proyectos que mejor representa la identidad de nuestra universidad: una comunidad abierta, plural y profundamente humana\u201d.\u003C\/p\u003E\n\n\u003Cp\u003EEl programa acad\u00e9mico fue presentado por el investigador del Instituto de Investigaciones Culturales IIC-Museo y coordinador del Seminario, doctor Christian Fern\u00e1ndez Huerta y el doctor Hugo M\u00e9ndez Fierros, investigador de la Facultad de Ciencias Humanas y responsable del cuerpo acad\u00e9mico de Culturas Contempor\u00e1neas y Discursividades.\u003C\/p\u003E\n\n\u003Cp\u003ELas actividades que estar\u00e1n abiertas al p\u00fablico interesado, sin costo, se llevar\u00e1n a cabo en el vest\u00edbulo del teatro universitario y en la explanada frente a este. El d\u00eda mi\u00e9rcoles 12 de noviembre se desarrollar\u00e1n a las 10:00 h y 12:00 de medio d\u00eda, las mesas de trabajo: \u201cRe-existencias: contrapoderes y vidas transfronteras\u201d y \u201cComunicaci\u00f3n participativa y acci\u00f3n colectiva\u201d. Se contar\u00e1 con la participaci\u00f3n de la Universidad de California (UC Davis) a trav\u00e9s de Robert Irwing y de Salvador Garc\u00eda; as\u00ed como de la doctora Carolina D\u00edaz, (UABC Campus Mexicali), quien platicar\u00e1 sobre el tema del espacio p\u00fablico y urbanismo; la doctora Kenia Herrera (UABC Campus Mexicali), tiene un proyecto de intervenci\u00f3n art\u00edstica con personas que est\u00e1n en centros penitenciarios y platicar\u00e1 de su experiencia; igualmente la doctora Paola Ovalle (UABC Campus Ensenada), quien coordina un proyecto con financiamiento federal sobre el concepto de biofilia platicar\u00e1 sobre el mismo, el cual, coment\u00f3 el doctor Fern\u00e1ndez Huerta, \u201ces una alternativa a la cultura de violencia, promueve la cultura de la paz y el resarcimiento del tejido social\u201d. A\u00f1adi\u00f3 que la idea es que no solo los especialistas compartan sus experiencias, sino que el p\u00fablico y otros colegas puedan entablar un di\u00e1logo tambi\u00e9n.\u003C\/p\u003E\n\n\u003Cp\u003EOtros participantes en el primer d\u00eda de actividades ser\u00e1n el doctor Sergio Cruz (UABC Campus Ensenada) quien es docente e investigador y tambi\u00e9n es activista en el tema del medio ambiente, particularmente conversar\u00e1 sobre el tema de El Sauzal de Ensenada. Iv\u00e1n Mart\u00ednez, investigador independiente, asistir\u00e1 por parte de la Contralor\u00eda Ciudadana del Agua de Baja California, a comentar sobre este tema; asimismo, la doctora Jessica Sevilla, acad\u00e9mica de la UABC Campus Mexicali, platicar\u00e1 sobre el proyecto en el que trabaja de recuperaci\u00f3n de la memoria del canal de Tulichek.\u003C\/p\u003E\n\n\u003Cp\u003EAsimismo, el mi\u00e9rcoles a las 16:30 horas se realizar\u00e1 un conversatorio en el que participar\u00e1n periodistas locales: Juan Carlos Pacheco, FCH; Sa\u00fal Mart\u00ednez (La Cr\u00f3nica de Baja California), Cristian Torres (Radar BC); Dianet P\u00e9rez (Br\u00fajula News), y Erika Gallego (Canal 66). Ellos abordar\u00e1n el tema de \u201cComunicaci\u00f3n y poder en el escenario nacional contempor\u00e1neo.\u003C\/p\u003E\n\n\u003Cp\u003EEl jueves 13 de noviembre, \u201cva a estar dedicado a charlar y comentar sobre los temas que desarroll\u00f3 a lo largo de su prol\u00edfica trayectoria el profesor Manual Ortiz Mar\u00edn, que en paz descanse, quien dej\u00f3 una huella profunda en la FCH y en todo el campo acad\u00e9mico de la comunicaci\u00f3n de los estudios culturales en Baja California\u201d, se\u00f1al\u00f3 el doctor M\u00e9ndez Fierros. Se llevar\u00e1n a cabo dos mesas de trabajo a las 10:00 horas y 12:00 de medio d\u00eda: \u201cLa impronta de \u00c1ngel Manuel Ort\u00edz Mar\u00edn: m\u00e1s all\u00e1 del aula\u201d y \u201cLa impronta de \u00c1ngel Manuel Ort\u00edz Mar\u00edn: redes y otras geograf\u00edas\u201d. En la primera intervendr\u00e1n un grupo de profesores y profesoras que formaron parte de los grupos de trabajo del catedr\u00e1tico distinguido; y en la segunda mesa se incorporar\u00e1n participantes de la Universidad Nacional de Quilmes, Argentina; de la Universidad de ORT de Uruguay; de la Universidad de California San Diego, EE UU; as\u00ed como de la Universidad Aut\u00f3noma de Zacatecas, M\u00e9xico.\u003C\/p\u003E\n\n\u003Cp\u003ETambi\u00e9n se llevar\u00e1 a cabo un Conversatorio con el tema \u201cLa huella de \u00c1ngel Manuel Ort\u00edz Mar\u00edn en el campo de la comunicaci\u00f3n y la cultura\u201d, donde se dialogar\u00e1 sobre su aporte acad\u00e9mico espec\u00edfico en Baja California, con participaci\u00f3n de acad\u00e9micos e investigadores de la m\u00e1xima casa de estudios.\u003C\/p\u003E\n\n\u003Cp\u003EEl doctor M\u00e9ndez Fierros coment\u00f3 adem\u00e1s que el cierre de este segundo d\u00eda contempla una Muestra de Fotoperiodismo, bajo la coordinaci\u00f3n del maestro V\u00edctor Medina de la Facultad de Ciencias Humanas, que estar\u00e1 exhibida en los jardines de la Vicerrector\u00eda. Los fotoperiodistas tambi\u00e9n participar\u00e1n en un di\u00e1logo sobre \u201cComunicaci\u00f3n y poder\u201d.\u003C\/p\u003E\n\n\u003Cp\u003EEn cuanto al programa art\u00edstico y audiovisual, la doctora Vanessa Verdugo Gonz\u00e1lez, coordinadora de Extensi\u00f3n de la Cultura y Divulgaci\u00f3n de la Ciencia, coment\u00f3 que se exhibir\u00e1 la muestra de cine Colombia Migrante \u201cque es una curadur\u00eda especial que forma parte del Festival Cine Colombia Migrante, el cual se realizar\u00e1 en Tijuana a finales de noviembre\u201d, pero que, dijo, esta es una presentaci\u00f3n previa. Explic\u00f3 que con esta muestra \u201cse trata de visibilizar las historias de migraci\u00f3n y exilio a trav\u00e9s del cine y el arte; promueve la memoria simb\u00f3lica y la construcci\u00f3n de narrativa sobre la migraci\u00f3n forzada generando empat\u00edas y entendimientos desde la mirada art\u00edstica y humana\u201d. Estos cortometrajes se exhibir\u00e1n en la explanada del Teatro Universitario, el d\u00eda 12 a las 18:30 horas.\u00a0\u003C\/p\u003E\n\n\u003Cp\u003EEn el pres\u00eddium de la rueda de prensa estuvieron tambi\u00e9n la doctora Heidy Anheli Z\u00fa\u00f1iga, directora de la Facultad de Ciencias Humanas, y la doctora Susana Guti\u00e9rrez Portillo, coordinadora de Investigaci\u00f3n y Posgrado del Instituto\u00a0de Investigaciones Culturales-Museo.\u003C\/p\u003E\n\n\u003Cp\u003EEl programa completo puede consultarse en las redes sociales de las unidades acad\u00e9micas organizadoras: www.facebook.com\/cienciashumanasuabc\u003C\/p\u003E\n\n\u003Cp\u003E\u003Cimg alt=\u0022.\u0022 data-entity-type=\u0022file\u0022 data-entity-uuid=\u002217b63349-4cba-47dc-9b99-e5d81ffd215d\u0022 src=\u0022\/sites\/default\/files\/inline-images\/seminario%20culturas%20contemporaneas.jpeg\u0022 width=\u0022800\u0022 height=\u00221000\u0022 loading=\u0022lazy\u0022 \/\u003E\u003C\/p\u003E\u003C\/div\u003E\n      \n  \n\n    \n            \u003Cdiv  class=\u0022palabras-clave\u0022\u003E\n                        \u003Ca href=\u0022\/tags\/seminarios\u0022 hreflang=\u0022es\u0022\u003ESeminarios\u003C\/a\u003E\n      \n      \u003C\/div\u003E\n  \n\n\n  \u003C\/div\u003E\n\n  \u003C\/div\u003E\n\n  \u003Cdiv class=\u0022area-extras group-right\u0022\u003E\n        \n                          \u003Cdiv  class=\u0022enlace-blockBottom\u0022 \u003E\n      \u003Cdiv\u003EVer m\u00e1s \u003Ca href=\u0022http:\/\/gaceta.uabc.mx\/notas\u0022\u003ENotas\u003C\/a\u003E\u003C\/div\u003E\n\u003C\/div\u003E\n      \n  \n\n\n  \u003C\/div\u003E\n\n\u003C\/div\u003E\n\n","settings":null}]