[{"command":"settings","settings":{"pluralDelimiter":"\u0003","suppressDeprecationErrors":true,"ajaxPageState":{"libraries":"core\/drupal.ajax,core\/picturefill,ds\/ds_3col_equal_width","theme":"gaceta","theme_token":null},"ajaxTrustedUrl":[],"field_group":{"html_element":{"mode":"media_expanded","context":"view","settings":{"classes":"datos","show_empty_fields":false,"id":"","element":"div","show_label":false,"label_element":"h3","label_element_classes":"","attributes":"","effect":"none","speed":"fast"}}},"user":{"uid":0,"permissionsHash":"55dc977d165ab1e05e51b6cc6487f6d73e65ab536d99ee82c6990d9001d5c21c"}},"merge":true},{"command":"add_css","data":"\u003Clink rel=\u0022stylesheet\u0022 media=\u0022all\u0022 href=\u0022\/sites\/default\/files\/css\/css_mxJrjoKKAZuuB4_4f-B1u9VnFZxvSor3Az4JEdrFEso.css\u0022 \/\u003E\n\u003Clink rel=\u0022stylesheet\u0022 media=\u0022all\u0022 href=\u0022\/sites\/default\/files\/css\/css_-BXSGQpS8YTwwuXGbPoshUvZ7W-_HbYR3H7d0DA_mEY.css\u0022 \/\u003E\n\u003Clink rel=\u0022stylesheet\u0022 media=\u0022all\u0022 href=\u0022\/sites\/default\/files\/css\/css_89YreTu0npezhXSakRJR9TVHyBS9bTcyt0s3IckAe-M.css\u0022 \/\u003E\n"},{"command":"add_js","selector":"body","data":[{"src":"\/sites\/default\/files\/js\/js_9UaAhXvc9u0KYXXUw-OKyLP2baQxdV4zY3Y_KGurcvY.js"},{"src":"\/sites\/default\/files\/js\/js_oDJxUBLBzfRb_FDgNfkNOm9-tiatS2kNfxQIeVRZA7Y.js"},{"src":"\/sites\/default\/files\/js\/js_YM82KRuzNIr2X-Kb8pQW8cOcSbWgQ_QGKclTYJ_aMlI.js"},{"src":"\/sites\/default\/files\/js\/js_pqqsPPmPmxKgamY6qk_WSawtL05XH_yAY8GkPHVyahI.js"}]},{"command":"insert","method":"replaceWith","selector":".view-mode-full","data":"\u003Cdiv data-history-node-id=\u002223907\u0022 class=\u0022contenido view-mode-media_expanded ds-3col-equal clearfix\u0022\u003E\n\n  \n\n  \u003Cdiv class=\u0022area-medios group-left\u0022\u003E\n        \n                          \u003Cdiv  class=\u0022imagen\u0022 \u003E\n          \u003Cpicture\u003E\n                  \u003Csource srcset=\u0022\/sites\/default\/files\/styles\/max_650x650\/public\/notas\/2025-11-07\/2K6A6475_0.webp?itok=v6sY1o-t 650w, \/sites\/default\/files\/styles\/max_1300x1300\/public\/notas\/2025-11-07\/2K6A6475_0.webp?itok=huXly2yY 1300w, \/sites\/default\/files\/styles\/max_1900x1900\/public\/notas\/2025-11-07\/2K6A6475_0.webp?itok=-E0ohy_V 1900w\u0022 type=\u0022image\/webp\u0022 sizes=\u0022100vw\u0022\/\u003E\n              \u003Csource srcset=\u0022\/sites\/default\/files\/styles\/max_650x650\/public\/notas\/2025-11-07\/2K6A6475_0.jpg?itok=v6sY1o-t 650w, \/sites\/default\/files\/styles\/max_1300x1300\/public\/notas\/2025-11-07\/2K6A6475_0.jpg?itok=huXly2yY 1300w, \/sites\/default\/files\/styles\/max_1900x1900\/public\/notas\/2025-11-07\/2K6A6475_0.jpg?itok=-E0ohy_V 1900w\u0022 type=\u0022image\/jpeg\u0022 sizes=\u0022100vw\u0022\/\u003E\n                  \u003Cimg srcset=\u0022\/sites\/default\/files\/styles\/max_650x650\/public\/notas\/2025-11-07\/2K6A6475_0.jpg?itok=v6sY1o-t 650w, \/sites\/default\/files\/styles\/max_1300x1300\/public\/notas\/2025-11-07\/2K6A6475_0.jpg?itok=huXly2yY 1300w, \/sites\/default\/files\/styles\/max_1900x1900\/public\/notas\/2025-11-07\/2K6A6475_0.jpg?itok=-E0ohy_V 1900w\u0022 sizes=\u0022100vw\u0022 src=\u0022\/sites\/default\/files\/styles\/max_1300x1300\/public\/notas\/2025-11-07\/2K6A6475_0.jpg?itok=huXly2yY\u0022 alt=\u0022XX Congreso Internacional SINERGIA \u0022 typeof=\u0022foaf:Image\u0022 class=\u0022img-fluid\u0022 \/\u003E\n\n  \u003C\/picture\u003E\n\n\u003C\/div\u003E\n      \n  \n\n      \u003Cdiv  class=\u0022boton-expander\u0022\u003E\n        \n                  \u003Cdiv class=\u0022item-list\u0022\u003E\u003Cul\u003E\u003Cli\u003E\u003Ca href=\u0022\/ds-switch-view-mode\/node\/23907\/media_collapsed?selector=view-mode-media_expanded\u0022 class=\u0022use-ajax\u0022\u003E\u2191\u003C\/a\u003E\u003C\/li\u003E\u003C\/ul\u003E\u003C\/div\u003E\n      \n  \n    \u003C\/div\u003E\n\n\n  \u003C\/div\u003E\n\n  \u003Cdiv class=\u0022area-info group-middle\u0022\u003E\n    \n\u003Cdiv  class=\u0022inner\u0022\u003E\n          \n                          \u003Ch2  class=\u0022titulo\u0022 \u003E\n        Inauguraron el XX Congreso Internacional SINERGIA de la Facultad de Ciencias Administrativas\n\u003C\/h2\u003E\n      \n  \n\n    \n                          \u003Cdiv  class=\u0022resumen\u0022 \u003E\n      El evento celebra dos d\u00e9cadas de impulsar la innovaci\u00f3n, la gesti\u00f3n empresarial y la vinculaci\u00f3n acad\u00e9mica entre M\u00e9xico y el mundo\u003C\/div\u003E\n      \n  \n\n\n\u003Cdiv  class=\u0022datos\u0022\u003E\n            \u003Cdiv  class=\u0022autor\u0022\u003E\n            \u003Cdiv  class=\u0022field-label-inline\u0022\u003EPor\u003C\/div\u003E\n  \n                  \u003Ca href=\u0022\/autores\/andrea-ruiz-laureano\u0022 hreflang=\u0022es\u0022\u003EAndrea Ru\u00edz Laureano\u003C\/a\u003E\n      \n  \n    \u003C\/div\u003E\n\n      \u003Cdiv  class=\u0022campus\u0022\u003E\n            \u003Cdiv  class=\u0022field-label-inline\u0022\u003ECampus\u003C\/div\u003E\n  \n                  \u003Ca href=\u0022\/campus\/mexicali\u0022 hreflang=\u0022es\u0022\u003EMexicali\u003C\/a\u003E\n      \n  \n    \u003C\/div\u003E\n\n    \n                          \u003Cdiv  class=\u0022fecha\u0022 \u003E\n      7 de Noviembre de 2025\u003C\/div\u003E\n      \n  \n\n\n  \u003C\/div\u003E\n    \n                          \u003Cdiv  class=\u0022texto\u0022 \u003E\n      \u003Cp\u003ESe inaugur\u00f3 la vig\u00e9sima edici\u00f3n del Congreso Internacional SINERGIA, evento organizado por la Facultad de Ciencias Administrativas (FCA), que a lo largo de 20 a\u00f1os se ha consolidado como un referente acad\u00e9mico en la regi\u00f3n por su contribuci\u00f3n al an\u00e1lisis de temas de actualidad en administraci\u00f3n, innovaci\u00f3n y liderazgo organizacional.\u003C\/p\u003E\n\n\u003Cp\u003EEl acto inaugural fue presidido por el doctor Jes\u00fas Adolfo Soto Curiel, vicerrector del Campus Mexicali, quien destac\u00f3 el papel de este encuentro como un espacio de di\u00e1logo, aprendizaje y colaboraci\u00f3n entre estudiantes, docentes y profesionales de distintas disciplinas.\u003C\/p\u003E\n\n\u003Cp\u003E\u201cLlegar a 20 ediciones de un congreso no es algo menor; es el resultado de a\u00f1os de trabajo constante, de una visi\u00f3n clara y de un compromiso sostenido con la formaci\u00f3n integral y la internacionalizaci\u00f3n del conocimiento\u201d, expres\u00f3 el vicerrector durante su mensaje.\u003C\/p\u003E\n\n\u003Cp\u003E\u201cLa sinergia implica uni\u00f3n, colaboraci\u00f3n y energ\u00eda compartida; valores que est\u00e1n en el coraz\u00f3n de nuestra universidad y que hoy se reflejan en este congreso\u201d, a\u00f1adi\u00f3.\u003C\/p\u003E\n\n\u003Cp\u003EPor su parte, la directora de la Facultad de Ciencias Administrativas, doctora S\u00f3sima Carrillo, resalt\u00f3 que SINERGIA ha evolucionado junto con la facultad, adapt\u00e1ndose a los desaf\u00edos contempor\u00e1neos y mejorando a\u00f1o con a\u00f1o de la mano de Grupo C\u00f3digo.\u003C\/p\u003E\n\n\u003Cp\u003E\u201cEste congreso representa la fuerza colectiva de nuestra comunidad. Cada edici\u00f3n es una oportunidad para renovar el compromiso con la excelencia acad\u00e9mica, fortalecer la vinculaci\u00f3n con el entorno y proyectar a nuestras y nuestros estudiantes hacia un contexto global\u201d, afirm\u00f3.\u003C\/p\u003E\n\n\u003Cp\u003EEl licenciado Rigoberto Hern\u00e1ndez Hern\u00e1ndez, director general de Grupo C\u00f3digo, empresa aliada del evento, reconoci\u00f3 la relevancia de este tipo de espacios para la colaboraci\u00f3n entre la academia y el sector productivo.\u003C\/p\u003E\n\n\u003Cp\u003E\u201cEste resultado requiere del trabajo conjunto entre la universidad y la empresa. Por eso, celebramos este esfuerzo de la UABC por crear puentes que permiten que las ideas se transformen en soluciones reales\u201d, se\u00f1al\u00f3.\u003C\/p\u003E\n\n\u003Cp\u003EComo parte de la jornada inaugural, se presentaron dos conferencias magistrales que marcaron el inicio de las actividades acad\u00e9micas.\u003C\/p\u003E\n\n\u003Cp\u003EEl licenciado Luis Naranjo, director en Salsa La Perrona, imparti\u00f3 una conferencia en la que comparti\u00f3 su experiencia al frente de una empresa local que ha logrado posicionarse con \u00e9xito a nivel nacional e internacional, destacando la importancia de la identidad, la perseverancia y la innovaci\u00f3n en los negocios.\u003C\/p\u003E\n\n\u003Cp\u003EPosteriormente, el empresario y conferencista internacional Richard Monta\u00f1ez, reconocido por su trayectoria en PepsiCo y como creador del producto Flamin\u2019 Hot Cheetos, ofreci\u00f3 una charla donde inspir\u00f3 a las y los asistentes con su historia de esfuerzo, visi\u00f3n y liderazgo transformador.\u003C\/p\u003E\n\n\u003Cp\u003EEn el pres\u00eddium tambi\u00e9n participaron la doctora Zulema C\u00f3rdova Ru\u00edz, subdirectora de la facultad; el maestro Justino Alonso Laredo Mu\u00f1oz, administrador; el doctor Francisco Meza Hern\u00e1ndez, coordinador de Extensi\u00f3n y Vinculaci\u00f3n; y la estudiante Ana Victoria Uriarte Nu\u00f1o, presidenta de la sociedad de alumnos.\u003C\/p\u003E\n\n\u003Cp\u003EEl Congreso Internacional SINERGIA XX ofrecer\u00e1 del 6 al 8 de noviembre conferencias y actividades culturales con la participaci\u00f3n de expertos nacionales e internacionales, reafirmando el compromiso de la UABC con la formaci\u00f3n integral, la innovaci\u00f3n educativa y la vinculaci\u00f3n social con impacto positivo.\u003C\/p\u003E\n\n\u003Cp\u003E\u00a0\u003C\/p\u003E\u003C\/div\u003E\n      \n  \n\n    \n            \u003Cdiv  class=\u0022palabras-clave\u0022\u003E\n                        \u003Ca href=\u0022\/tags\/congreso-internacional\u0022 hreflang=\u0022es\u0022\u003ECongreso Internacional\u003C\/a\u003E\n      \n      \u003C\/div\u003E\n  \n\n\n  \u003C\/div\u003E\n\n  \u003C\/div\u003E\n\n  \u003Cdiv class=\u0022area-extras group-right\u0022\u003E\n        \n                          \u003Cdiv  class=\u0022enlace-blockBottom\u0022 \u003E\n      \u003Cdiv\u003EVer m\u00e1s \u003Ca href=\u0022http:\/\/gaceta.uabc.mx\/notas\u0022\u003ENotas\u003C\/a\u003E\u003C\/div\u003E\n\u003C\/div\u003E\n      \n  \n\n\n  \u003C\/div\u003E\n\n\u003C\/div\u003E\n\n","settings":null}]