[{"command":"settings","settings":{"pluralDelimiter":"\u0003","suppressDeprecationErrors":true,"ajaxPageState":{"libraries":"core\/drupal.ajax,core\/picturefill,ds\/ds_3col_equal_width","theme":"gaceta","theme_token":null},"ajaxTrustedUrl":[],"field_group":{"html_element":{"mode":"media_expanded","context":"view","settings":{"classes":"datos","show_empty_fields":false,"id":"","element":"div","show_label":false,"label_element":"h3","label_element_classes":"","attributes":"","effect":"none","speed":"fast"}}},"user":{"uid":0,"permissionsHash":"55dc977d165ab1e05e51b6cc6487f6d73e65ab536d99ee82c6990d9001d5c21c"}},"merge":true},{"command":"add_css","data":"\u003Clink rel=\u0022stylesheet\u0022 media=\u0022all\u0022 href=\u0022\/sites\/default\/files\/css\/css_mxJrjoKKAZuuB4_4f-B1u9VnFZxvSor3Az4JEdrFEso.css\u0022 \/\u003E\n\u003Clink rel=\u0022stylesheet\u0022 media=\u0022all\u0022 href=\u0022\/sites\/default\/files\/css\/css_-BXSGQpS8YTwwuXGbPoshUvZ7W-_HbYR3H7d0DA_mEY.css\u0022 \/\u003E\n\u003Clink rel=\u0022stylesheet\u0022 media=\u0022all\u0022 href=\u0022\/sites\/default\/files\/css\/css_89YreTu0npezhXSakRJR9TVHyBS9bTcyt0s3IckAe-M.css\u0022 \/\u003E\n"},{"command":"add_js","selector":"body","data":[{"src":"\/sites\/default\/files\/js\/js_9UaAhXvc9u0KYXXUw-OKyLP2baQxdV4zY3Y_KGurcvY.js"},{"src":"\/sites\/default\/files\/js\/js_oDJxUBLBzfRb_FDgNfkNOm9-tiatS2kNfxQIeVRZA7Y.js"},{"src":"\/sites\/default\/files\/js\/js_YM82KRuzNIr2X-Kb8pQW8cOcSbWgQ_QGKclTYJ_aMlI.js"},{"src":"\/sites\/default\/files\/js\/js_pqqsPPmPmxKgamY6qk_WSawtL05XH_yAY8GkPHVyahI.js"}]},{"command":"insert","method":"replaceWith","selector":".view-mode-full","data":"\u003Cdiv data-history-node-id=\u002223937\u0022 class=\u0022contenido view-mode-media_expanded ds-3col-equal clearfix\u0022\u003E\n\n  \n\n  \u003Cdiv class=\u0022area-medios group-left\u0022\u003E\n        \n                          \u003Cdiv  class=\u0022imagen\u0022 \u003E\n          \u003Cpicture\u003E\n                  \u003Csource srcset=\u0022\/sites\/default\/files\/styles\/max_650x650\/public\/notas\/2025-11-13\/Dise%C3%B1o%20sin%20t%C3%ADtulo%20%2837%29.webp?itok=Og3XZ6OJ 650w, \/sites\/default\/files\/styles\/max_1300x1300\/public\/notas\/2025-11-13\/Dise%C3%B1o%20sin%20t%C3%ADtulo%20%2837%29.webp?itok=2aSK17RY 1300w, \/sites\/default\/files\/styles\/max_1900x1900\/public\/notas\/2025-11-13\/Dise%C3%B1o%20sin%20t%C3%ADtulo%20%2837%29.webp?itok=6haQ0JPk 1420w\u0022 type=\u0022image\/webp\u0022 sizes=\u0022100vw\u0022\/\u003E\n              \u003Csource srcset=\u0022\/sites\/default\/files\/styles\/max_650x650\/public\/notas\/2025-11-13\/Dise%C3%B1o%20sin%20t%C3%ADtulo%20%2837%29.png?itok=Og3XZ6OJ 650w, \/sites\/default\/files\/styles\/max_1300x1300\/public\/notas\/2025-11-13\/Dise%C3%B1o%20sin%20t%C3%ADtulo%20%2837%29.png?itok=2aSK17RY 1300w, \/sites\/default\/files\/styles\/max_1900x1900\/public\/notas\/2025-11-13\/Dise%C3%B1o%20sin%20t%C3%ADtulo%20%2837%29.png?itok=6haQ0JPk 1420w\u0022 type=\u0022image\/png\u0022 sizes=\u0022100vw\u0022\/\u003E\n                  \u003Cimg srcset=\u0022\/sites\/default\/files\/styles\/max_650x650\/public\/notas\/2025-11-13\/Dise%C3%B1o%20sin%20t%C3%ADtulo%20%2837%29.png?itok=Og3XZ6OJ 650w, \/sites\/default\/files\/styles\/max_1300x1300\/public\/notas\/2025-11-13\/Dise%C3%B1o%20sin%20t%C3%ADtulo%20%2837%29.png?itok=2aSK17RY 1300w, \/sites\/default\/files\/styles\/max_1900x1900\/public\/notas\/2025-11-13\/Dise%C3%B1o%20sin%20t%C3%ADtulo%20%2837%29.png?itok=6haQ0JPk 1420w\u0022 sizes=\u0022100vw\u0022 src=\u0022\/sites\/default\/files\/styles\/max_1300x1300\/public\/notas\/2025-11-13\/Dise%C3%B1o%20sin%20t%C3%ADtulo%20%2837%29.png?itok=2aSK17RY\u0022 alt=\u0022UABC impulsa la sostenibilidad en el Conferencia Internacional Am\u00e9rica Sustentable\u0022 typeof=\u0022foaf:Image\u0022 class=\u0022img-fluid\u0022 \/\u003E\n\n  \u003C\/picture\u003E\n\n\u003C\/div\u003E\n      \n  \n\n      \u003Cdiv  class=\u0022boton-expander\u0022\u003E\n        \n                  \u003Cdiv class=\u0022item-list\u0022\u003E\u003Cul\u003E\u003Cli\u003E\u003Ca href=\u0022\/ds-switch-view-mode\/node\/23937\/media_collapsed?selector=view-mode-media_expanded\u0022 class=\u0022use-ajax\u0022\u003E\u2191\u003C\/a\u003E\u003C\/li\u003E\u003C\/ul\u003E\u003C\/div\u003E\n      \n  \n    \u003C\/div\u003E\n\n\n  \u003C\/div\u003E\n\n  \u003Cdiv class=\u0022area-info group-middle\u0022\u003E\n    \n\u003Cdiv  class=\u0022inner\u0022\u003E\n          \n                          \u003Ch2  class=\u0022titulo\u0022 \u003E\n        Impulsan la sostenibilidad en la Conferencia Internacional Am\u00e9rica Sustentable\n\u003C\/h2\u003E\n      \n  \n\n    \n                          \u003Cdiv  class=\u0022resumen\u0022 \u003E\n      La FCITEC destac\u00f3 en la quinta Conferencia Internacional America Sustentable con proyectos enfocados en la innovaci\u00f3n y dise\u00f1o sustentable\u003C\/div\u003E\n      \n  \n\n\n\u003Cdiv  class=\u0022datos\u0022\u003E\n            \u003Cdiv  class=\u0022autor\u0022\u003E\n            \u003Cdiv  class=\u0022field-label-inline\u0022\u003EPor\u003C\/div\u003E\n  \n                  \u003Ca href=\u0022\/autores\/diana-laura-hernandez-rivera-con-informacion-de-vladimir-becerril-mendoza-0\u0022 hreflang=\u0022es\u0022\u003EDiana Laura Hern\u00e1ndez Rivera con informaci\u00f3n de Vladimir Becerril Mendoza\u003C\/a\u003E\n      \n  \n    \u003C\/div\u003E\n\n      \u003Cdiv  class=\u0022campus\u0022\u003E\n            \u003Cdiv  class=\u0022field-label-inline\u0022\u003ECampus\u003C\/div\u003E\n  \n                  \u003Ca href=\u0022\/campus\/uabc\u0022 hreflang=\u0022es\u0022\u003EUABC\u003C\/a\u003E\n      \n  \n    \u003C\/div\u003E\n\n    \n                          \u003Cdiv  class=\u0022fecha\u0022 \u003E\n      13 de Noviembre de 2025\u003C\/div\u003E\n      \n  \n\n\n  \u003C\/div\u003E\n    \n                          \u003Cdiv  class=\u0022texto\u0022 \u003E\n      \u003Cp\u003ELa UABC a trav\u00e9s de la Facultad de Ciencias de la Ingenier\u00eda y Tecnolog\u00eda (FCITEC) unidad Valle de las Palmas, particip\u00f3 activamente en la quinta Conferencia Internacional Americana Sustentable, un espacio acad\u00e9mico que reuni\u00f3 a investigadores, docentes y profesionistas de distintas universidades latinoamericanas comprometidas con la innovaci\u00f3n y el desarrollo sustentable.\u003C\/p\u003E\n\n\u003Cp\u003EEl evento fue organizado por la Universidad de Santo Tom\u00e1s (UST) de Chile y la Universidad Aut\u00f3noma de Ciudad Ju\u00e1rez (UACJ), contando adem\u00e1s con la participaci\u00f3n de instituciones de Panam\u00e1, Colombia y Per\u00fa. Su principal objetivo fue fortalecer el intercambio acad\u00e9mico y la difusi\u00f3n de proyectos enfocados en el dise\u00f1o sustentable, la econom\u00eda circular y el aprovechamiento responsable de los recursos naturales.\u003C\/p\u003E\n\n\u003Cp\u003EDurante la jornada, el doctor Vladimir Becerril Mendoza, profesor-investigador de la FCITEC, imparti\u00f3 la conferencia magistral \u201cLa madera como materia prima sustentable en el dise\u00f1o de objetos y productos\u201d. En su ponencia, destac\u00f3 las propiedades de la madera como recurso renovable, as\u00ed como su potencial en procesos de manufactura responsable: \u201cLas propiedades y diversidad de la madera la convierten en un material estrat\u00e9gico para el dise\u00f1o de objetos y productos. La innovaci\u00f3n tecnol\u00f3gica y el aprovechamiento integral de residuos permiten reducir el impacto ambiental y abrir nuevas posibilidades de manufactura\u201d, se\u00f1al\u00f3 el acad\u00e9mico.\u003C\/p\u003E\n\n\u003Cp\u003EPor su parte, el doctor Juan Antonio Paz Gonz\u00e1lez, profesor-investigador de la FCITEC, present\u00f3 la ponencia \u201cDesarrollo de filamento para impresi\u00f3n 3D a base de \u00c1cido polil\u00e1ctico con cargas de lignocelulosa\u201d, proyecto respaldado por la Secretar\u00eda de Ciencias, Humanidades, Tecnolog\u00eda e Innovaci\u00f3n (Secihti), dentro de la convocatoria Ciencia B\u00e1sica y de Frontera 2025. Su investigaci\u00f3n busca transformar residuos maderables en materiales compuestos reutilizables para manufactura aditiva, integrando un modelo de dise\u00f1os circular que revalorice los derechos industriales.\u003C\/p\u003E\n\n\u003Cp\u003EEl proyecto desarrollado por la FCITEC, contribuye al cumplimiento de los Objetivos de Desarrollo Sostenible (ODS), espec\u00edficamente los ODS 9, 11 y 12, relacionados con la innovaci\u00f3n industrial, las comunidades sostenibles y la producci\u00f3n responsable.\u00a0\u003C\/p\u003E\n\n\u003Cp\u003ECon su participaci\u00f3n en esta conferencia internacional, la UABC reafirma su compromiso institucional con la sostenibilidad, la innovaci\u00f3n tecnol\u00f3gica y la colaboraci\u00f3n internacional, posicion\u00e1ndose como una universidad l\u00edder en el impulso de proyectos que promueven la transformaci\u00f3n sustentable en Am\u00e9rica Latina.\u003C\/p\u003E\n\n\u003Cp\u003E\u00a0\u003C\/p\u003E\n\n\u003Cp\u003E\u00a0\u003C\/p\u003E\u003C\/div\u003E\n      \n  \n\n    \n            \u003Cdiv  class=\u0022palabras-clave\u0022\u003E\n                        \u003Ca href=\u0022\/tags\/fcitec\u0022 hreflang=\u0022es\u0022\u003EFCITEC\u003C\/a\u003E\n                \u003Ca href=\u0022\/tags\/proyectos\u0022 hreflang=\u0022es\u0022\u003EProyectos\u003C\/a\u003E\n                \u003Ca href=\u0022\/tags\/conferencia\u0022 hreflang=\u0022es\u0022\u003EConferencia\u003C\/a\u003E\n                \u003Ca href=\u0022\/tags\/intercambio-academico\u0022 hreflang=\u0022es\u0022\u003EIntercambio Acad\u00e9mico\u003C\/a\u003E\n      \n      \u003C\/div\u003E\n  \n\n\n  \u003C\/div\u003E\n\n  \u003C\/div\u003E\n\n  \u003Cdiv class=\u0022area-extras group-right\u0022\u003E\n        \n                          \u003Cdiv  class=\u0022enlace-blockBottom\u0022 \u003E\n      \u003Cdiv\u003EVer m\u00e1s \u003Ca href=\u0022http:\/\/gaceta.uabc.mx\/notas\u0022\u003ENotas\u003C\/a\u003E\u003C\/div\u003E\n\u003C\/div\u003E\n      \n  \n\n\n  \u003C\/div\u003E\n\n\u003C\/div\u003E\n\n","settings":null}]