[{"command":"settings","settings":{"pluralDelimiter":"\u0003","suppressDeprecationErrors":true,"ajaxPageState":{"libraries":"core\/drupal.ajax,core\/picturefill,ds\/ds_3col_equal_width","theme":"gaceta","theme_token":null},"ajaxTrustedUrl":[],"field_group":{"html_element":{"mode":"media_expanded","context":"view","settings":{"classes":"datos","show_empty_fields":false,"id":"","element":"div","show_label":false,"label_element":"h3","label_element_classes":"","attributes":"","effect":"none","speed":"fast"}}},"user":{"uid":0,"permissionsHash":"55dc977d165ab1e05e51b6cc6487f6d73e65ab536d99ee82c6990d9001d5c21c"}},"merge":true},{"command":"add_css","data":"\u003Clink rel=\u0022stylesheet\u0022 media=\u0022all\u0022 href=\u0022\/sites\/default\/files\/css\/css_mxJrjoKKAZuuB4_4f-B1u9VnFZxvSor3Az4JEdrFEso.css\u0022 \/\u003E\n\u003Clink rel=\u0022stylesheet\u0022 media=\u0022all\u0022 href=\u0022\/sites\/default\/files\/css\/css_-BXSGQpS8YTwwuXGbPoshUvZ7W-_HbYR3H7d0DA_mEY.css\u0022 \/\u003E\n\u003Clink rel=\u0022stylesheet\u0022 media=\u0022all\u0022 href=\u0022\/sites\/default\/files\/css\/css_89YreTu0npezhXSakRJR9TVHyBS9bTcyt0s3IckAe-M.css\u0022 \/\u003E\n"},{"command":"add_js","selector":"body","data":[{"src":"\/sites\/default\/files\/js\/js_9UaAhXvc9u0KYXXUw-OKyLP2baQxdV4zY3Y_KGurcvY.js"},{"src":"\/sites\/default\/files\/js\/js_oDJxUBLBzfRb_FDgNfkNOm9-tiatS2kNfxQIeVRZA7Y.js"},{"src":"\/sites\/default\/files\/js\/js_YM82KRuzNIr2X-Kb8pQW8cOcSbWgQ_QGKclTYJ_aMlI.js"},{"src":"\/sites\/default\/files\/js\/js_pqqsPPmPmxKgamY6qk_WSawtL05XH_yAY8GkPHVyahI.js"}]},{"command":"insert","method":"replaceWith","selector":".view-mode-full","data":"\u003Cdiv data-history-node-id=\u002224049\u0022 class=\u0022contenido view-mode-media_expanded ds-3col-equal clearfix\u0022\u003E\n\n  \n\n  \u003Cdiv class=\u0022area-medios group-left\u0022\u003E\n        \n                          \u003Cdiv  class=\u0022imagen\u0022 \u003E\n          \u003Cpicture\u003E\n                  \u003Csource srcset=\u0022\/sites\/default\/files\/styles\/max_650x650\/public\/notas\/2025-12-15\/OAXACA-IIO.webp?itok=_eTsSdq- 650w, \/sites\/default\/files\/styles\/max_1300x1300\/public\/notas\/2025-12-15\/OAXACA-IIO.webp?itok=WKXiqZCL 1300w, \/sites\/default\/files\/styles\/max_1900x1900\/public\/notas\/2025-12-15\/OAXACA-IIO.webp?itok=EGPjgX7d 1615w\u0022 type=\u0022image\/webp\u0022 sizes=\u0022100vw\u0022\/\u003E\n              \u003Csource srcset=\u0022\/sites\/default\/files\/styles\/max_650x650\/public\/notas\/2025-12-15\/OAXACA-IIO.jpg?itok=_eTsSdq- 650w, \/sites\/default\/files\/styles\/max_1300x1300\/public\/notas\/2025-12-15\/OAXACA-IIO.jpg?itok=WKXiqZCL 1300w, \/sites\/default\/files\/styles\/max_1900x1900\/public\/notas\/2025-12-15\/OAXACA-IIO.jpg?itok=EGPjgX7d 1615w\u0022 type=\u0022image\/jpeg\u0022 sizes=\u0022100vw\u0022\/\u003E\n                  \u003Cimg srcset=\u0022\/sites\/default\/files\/styles\/max_650x650\/public\/notas\/2025-12-15\/OAXACA-IIO.jpg?itok=_eTsSdq- 650w, \/sites\/default\/files\/styles\/max_1300x1300\/public\/notas\/2025-12-15\/OAXACA-IIO.jpg?itok=WKXiqZCL 1300w, \/sites\/default\/files\/styles\/max_1900x1900\/public\/notas\/2025-12-15\/OAXACA-IIO.jpg?itok=EGPjgX7d 1615w\u0022 sizes=\u0022100vw\u0022 src=\u0022\/sites\/default\/files\/styles\/max_1300x1300\/public\/notas\/2025-12-15\/OAXACA-IIO.jpg?itok=WKXiqZCL\u0022 alt=\u0022Dra. Hortencia Silva y su estudiante Melyna Camarena.\u0022 typeof=\u0022foaf:Image\u0022 class=\u0022img-fluid\u0022 \/\u003E\n\n  \u003C\/picture\u003E\n\n\u003C\/div\u003E\n      \n  \n\n      \u003Cdiv  class=\u0022boton-expander\u0022\u003E\n        \n                  \u003Cdiv class=\u0022item-list\u0022\u003E\u003Cul\u003E\u003Cli\u003E\u003Ca href=\u0022\/ds-switch-view-mode\/node\/24049\/media_collapsed?selector=view-mode-media_expanded\u0022 class=\u0022use-ajax\u0022\u003E\u2191\u003C\/a\u003E\u003C\/li\u003E\u003C\/ul\u003E\u003C\/div\u003E\n      \n  \n    \u003C\/div\u003E\n\n\n  \u003C\/div\u003E\n\n  \u003Cdiv class=\u0022area-info group-middle\u0022\u003E\n    \n\u003Cdiv  class=\u0022inner\u0022\u003E\n          \n                          \u003Ch2  class=\u0022titulo\u0022 \u003E\n        Estudiante de la UABC obtiene primer lugar en congreso internacional de microorganismos hal\u00f3filos\n\u003C\/h2\u003E\n      \n  \n\n    \n                          \u003Cdiv  class=\u0022resumen\u0022 \u003E\n      Los microorganismos hal\u00f3filos son seres vivos que prosperan en ambientes con muy altas concentraciones de sal.\u003C\/div\u003E\n      \n  \n\n\n\u003Cdiv  class=\u0022datos\u0022\u003E\n            \u003Cdiv  class=\u0022autor\u0022\u003E\n            \u003Cdiv  class=\u0022field-label-inline\u0022\u003EPor\u003C\/div\u003E\n  \n                  \u003Ca href=\u0022\/autores\/hortencia-silva\u0022 hreflang=\u0022es\u0022\u003EHortencia Silva \u003C\/a\u003E\n      \n  \n    \u003C\/div\u003E\n\n      \u003Cdiv  class=\u0022campus\u0022\u003E\n            \u003Cdiv  class=\u0022field-label-inline\u0022\u003ECampus\u003C\/div\u003E\n  \n                  \u003Ca href=\u0022\/campus\/ensenada\u0022 hreflang=\u0022es\u0022\u003EEnsenada\u003C\/a\u003E\n      \n  \n    \u003C\/div\u003E\n\n    \n                          \u003Cdiv  class=\u0022fecha\u0022 \u003E\n      15 de Diciembre de 2025\u003C\/div\u003E\n      \n  \n\n\n  \u003C\/div\u003E\n    \n                          \u003Cdiv  class=\u0022texto\u0022 \u003E\n      \u003Cp\u003ELa estudiante Amor Melyna Camarena Flores, adscrita a la maestr\u00eda en Oceanograf\u00eda Costera de la UABC y parte del grupo de investigaci\u00f3n de la doctora Hortencia Silva Jim\u00e9nez del Laboratorio de Investigaci\u00f3n en Microbiolog\u00eda Ambiental (LIMA) del Instituto de Investigaciones Oceanol\u00f3gicas (IIO-UABC), particip\u00f3 en la 14th Conference on Halophilic Microorganisms, celebrada en la ciudad de Oaxaca, del 23 al 26 de noviembre del presente a\u00f1o. El congreso internacional fue organizado por la Red Mexicana de Extrem\u00f3filos (REMEX) y por varias instituciones nacionales, entre ellas la UABC.\u003C\/p\u003E\n\n\u003Cp\u003EEste congreso re\u00fane a expertos internacionales en el estudio de microorganismos hal\u00f3filos procedentes de Chile, Eslovenia, Rep\u00fablica Checa, Australia, Italia, Israel, Espa\u00f1a, Estados Unidos, Ecuador y M\u00e9xico. En esta edici\u00f3n, alberg\u00f3 la \u201cMeeting of the International Committee on Systematics of Prokaryotes (ICSP) Subcommittees on the Taxonomy of Halomonadaceae and Halobacteria\u201d, los cuales eval\u00faan la taxonom\u00eda y nomenclatura de los microorganismos hal\u00f3filos procariotes, proponiendo y revisando los est\u00e1ndares m\u00ednimos para describir nuevos taxas y garantiza la estabilidad o consistencia taxon\u00f3mica de conformidad con el C\u00f3digo Internacional de Nomenclatura de los Procariotes (ICNP). La estudiante Melyna Camarena particip\u00f3 en la sesi\u00f3n de \u201cFlash Talk\u201d donde comparti\u00f3, de forma breve, concisa y atractiva, la investigaci\u00f3n que desarrolla en su tesis de maestr\u00eda y obtuvo el primer lugar en esta modalidad. De forma m\u00e1s expl\u00edcita, mediante un p\u00f3ster, dio a conocer la diversidad procariota hal\u00f3fila presente en los sedimentos de la Laguna Ojo de Liebre, Baja California Sur, M\u00e9xico, as\u00ed como las posibles rutas de degradaci\u00f3n de hidrocarburos, tanto alif\u00e1ticos como arom\u00e1ticos, que estas comunidades microbianas potencialmente llevan a cabo. Estos estudios son de gran importancia para la b\u00fasqueda de microorganismos degradadores de hidrocarburos que puedan aplicarse en zonas con altas concentraciones de sal contaminadas con dichos compuestos.\u003C\/p\u003E\n\n\u003Cp\u003EAdem\u00e1s, gracias a su excelente participaci\u00f3n y a la calidad de su trabajo, Melyna Camarena form\u00f3 parte de la din\u00e1mica \u201cMeet your experts: Connecting minds across generations\u201d, en la que se sostuvo un di\u00e1logo con investigadores sobre la ciencia, los retos que enfrentan, las motivaciones y las perspectivas. Esta actividad permiti\u00f3 el intercambio de conocimientos y la ampliaci\u00f3n de perspectivas en el campo del estudio de los microorganismos hal\u00f3filos, capaces de crecer en ambientes con altas concentraciones de sales. Adem\u00e1s, foment\u00f3 una comprensi\u00f3n m\u00e1s profunda de estos organismos procariotas y dio la pauta para sensibilizar y preparar a los estudiantes para enfrentarse a los desaf\u00edos cient\u00edficos y biotecnol\u00f3gicos futuros en esta \u00e1rea de estudio.\u003C\/p\u003E\n\n\u003Cp\u003EEsta experiencia le permiti\u00f3 conocer y establecer contactos con estudiantes e investigadores internacionales en diversos t\u00f3picos, tales como la diversidad, la taxonom\u00eda, la gen\u00e9tica, la biolog\u00eda molecular, la ecolog\u00eda y la biotecnolog\u00eda relacionados con los microorganismos hal\u00f3filos.\u003C\/p\u003E\u003C\/div\u003E\n      \n  \n\n    \n            \u003Cdiv  class=\u0022palabras-clave\u0022\u003E\n                        \u003Ca href=\u0022\/tags\/congreso-internacional\u0022 hreflang=\u0022es\u0022\u003ECongreso Internacional\u003C\/a\u003E\n                \u003Ca href=\u0022\/tags\/organismos-halofilos\u0022 hreflang=\u0022es\u0022\u003Eorganismos hal\u00f3filos\u003C\/a\u003E\n      \n      \u003C\/div\u003E\n  \n\n\n  \u003C\/div\u003E\n\n  \u003C\/div\u003E\n\n  \u003Cdiv class=\u0022area-extras group-right\u0022\u003E\n        \n                          \u003Cdiv  class=\u0022enlace-blockBottom\u0022 \u003E\n      \u003Cdiv\u003EVer m\u00e1s \u003Ca href=\u0022http:\/\/gaceta.uabc.mx\/notas\u0022\u003ENotas\u003C\/a\u003E\u003C\/div\u003E\n\u003C\/div\u003E\n      \n  \n\n\n  \u003C\/div\u003E\n\n\u003C\/div\u003E\n\n","settings":null}]