[{"command":"settings","settings":{"pluralDelimiter":"\u0003","suppressDeprecationErrors":true,"ajaxPageState":{"libraries":"core\/drupal.ajax,core\/picturefill,ds\/ds_3col_equal_width","theme":"gaceta","theme_token":null},"ajaxTrustedUrl":[],"field_group":{"html_element":{"mode":"media_expanded","context":"view","settings":{"classes":"datos","show_empty_fields":false,"id":"","element":"div","show_label":false,"label_element":"h3","label_element_classes":"","attributes":"","effect":"none","speed":"fast"}}},"user":{"uid":0,"permissionsHash":"55dc977d165ab1e05e51b6cc6487f6d73e65ab536d99ee82c6990d9001d5c21c"}},"merge":true},{"command":"add_css","data":"\u003Clink rel=\u0022stylesheet\u0022 media=\u0022all\u0022 href=\u0022\/sites\/default\/files\/css\/css_mxJrjoKKAZuuB4_4f-B1u9VnFZxvSor3Az4JEdrFEso.css\u0022 \/\u003E\n\u003Clink rel=\u0022stylesheet\u0022 media=\u0022all\u0022 href=\u0022\/sites\/default\/files\/css\/css_-BXSGQpS8YTwwuXGbPoshUvZ7W-_HbYR3H7d0DA_mEY.css\u0022 \/\u003E\n\u003Clink rel=\u0022stylesheet\u0022 media=\u0022all\u0022 href=\u0022\/sites\/default\/files\/css\/css_89YreTu0npezhXSakRJR9TVHyBS9bTcyt0s3IckAe-M.css\u0022 \/\u003E\n"},{"command":"add_js","selector":"body","data":[{"src":"\/sites\/default\/files\/js\/js_9UaAhXvc9u0KYXXUw-OKyLP2baQxdV4zY3Y_KGurcvY.js"},{"src":"\/sites\/default\/files\/js\/js_oDJxUBLBzfRb_FDgNfkNOm9-tiatS2kNfxQIeVRZA7Y.js"},{"src":"\/sites\/default\/files\/js\/js_YM82KRuzNIr2X-Kb8pQW8cOcSbWgQ_QGKclTYJ_aMlI.js"},{"src":"\/sites\/default\/files\/js\/js_pqqsPPmPmxKgamY6qk_WSawtL05XH_yAY8GkPHVyahI.js"}]},{"command":"insert","method":"replaceWith","selector":".view-mode-full","data":"\u003Cdiv data-history-node-id=\u002224069\u0022 class=\u0022contenido view-mode-media_expanded ds-3col-equal clearfix\u0022\u003E\n\n  \n\n  \u003Cdiv class=\u0022area-medios group-left\u0022\u003E\n        \n                          \u003Cdiv  class=\u0022imagen\u0022 \u003E\n          \u003Cpicture\u003E\n                  \u003Csource srcset=\u0022\/sites\/default\/files\/styles\/max_650x650\/public\/notas\/2025-12-12\/595286136_843684561957060_4947642642388263825_n.webp?itok=Vn6X-UyA 650w, \/sites\/default\/files\/styles\/max_1300x1300\/public\/notas\/2025-12-12\/595286136_843684561957060_4947642642388263825_n.webp?itok=qGbupJCm 1300w, \/sites\/default\/files\/styles\/max_1900x1900\/public\/notas\/2025-12-12\/595286136_843684561957060_4947642642388263825_n.webp?itok=YP9OXPrN 1600w\u0022 type=\u0022image\/webp\u0022 sizes=\u0022100vw\u0022\/\u003E\n              \u003Csource srcset=\u0022\/sites\/default\/files\/styles\/max_650x650\/public\/notas\/2025-12-12\/595286136_843684561957060_4947642642388263825_n.jpg?itok=Vn6X-UyA 650w, \/sites\/default\/files\/styles\/max_1300x1300\/public\/notas\/2025-12-12\/595286136_843684561957060_4947642642388263825_n.jpg?itok=qGbupJCm 1300w, \/sites\/default\/files\/styles\/max_1900x1900\/public\/notas\/2025-12-12\/595286136_843684561957060_4947642642388263825_n.jpg?itok=YP9OXPrN 1600w\u0022 type=\u0022image\/jpeg\u0022 sizes=\u0022100vw\u0022\/\u003E\n                  \u003Cimg srcset=\u0022\/sites\/default\/files\/styles\/max_650x650\/public\/notas\/2025-12-12\/595286136_843684561957060_4947642642388263825_n.jpg?itok=Vn6X-UyA 650w, \/sites\/default\/files\/styles\/max_1300x1300\/public\/notas\/2025-12-12\/595286136_843684561957060_4947642642388263825_n.jpg?itok=qGbupJCm 1300w, \/sites\/default\/files\/styles\/max_1900x1900\/public\/notas\/2025-12-12\/595286136_843684561957060_4947642642388263825_n.jpg?itok=YP9OXPrN 1600w\u0022 sizes=\u0022100vw\u0022 src=\u0022\/sites\/default\/files\/styles\/max_1300x1300\/public\/notas\/2025-12-12\/595286136_843684561957060_4947642642388263825_n.jpg?itok=qGbupJCm\u0022 alt=\u0022Participaci\u00f3n de la UABC en la presentaci\u00f3n del libro colectivo \u201cPeriodistas en M\u00e9xico Hoy. Regiones, perfiles y riesgos profesionales\u201d, en el Encuentro Internacional de Periodistas de la UdeG.\u0022 typeof=\u0022foaf:Image\u0022 class=\u0022img-fluid\u0022 \/\u003E\n\n  \u003C\/picture\u003E\n\n\u003C\/div\u003E\n      \n  \n\n      \u003Cdiv  class=\u0022boton-expander\u0022\u003E\n        \n                  \u003Cdiv class=\u0022item-list\u0022\u003E\u003Cul\u003E\u003Cli\u003E\u003Ca href=\u0022\/ds-switch-view-mode\/node\/24069\/media_collapsed?selector=view-mode-media_expanded\u0022 class=\u0022use-ajax\u0022\u003E\u2191\u003C\/a\u003E\u003C\/li\u003E\u003C\/ul\u003E\u003C\/div\u003E\n      \n  \n    \u003C\/div\u003E\n\n\n  \u003C\/div\u003E\n\n  \u003Cdiv class=\u0022area-info group-middle\u0022\u003E\n    \n\u003Cdiv  class=\u0022inner\u0022\u003E\n          \n                          \u003Ch2  class=\u0022titulo\u0022 \u003E\n        Particip\u00f3 profesor de la FCASI en el Encuentro Internacional de Periodistas en la FIL Guadalajara\n\u003C\/h2\u003E\n      \n  \n\n    \n                          \u003Cdiv  class=\u0022resumen\u0022 \u003E\n      Presentaron el libro colectivo \u201cPeriodistas en M\u00e9xico Hoy. Regiones, perfiles y riesgos profesionales\u201d.\u003C\/div\u003E\n      \n  \n\n\n\u003Cdiv  class=\u0022datos\u0022\u003E\n            \u003Cdiv  class=\u0022autor\u0022\u003E\n            \u003Cdiv  class=\u0022field-label-inline\u0022\u003EPor\u003C\/div\u003E\n  \n                  \u003Ca href=\u0022\/autores\/fcasi\u0022 hreflang=\u0022es\u0022\u003EFCASI\u003C\/a\u003E\n      \n  \n    \u003C\/div\u003E\n\n      \u003Cdiv  class=\u0022campus\u0022\u003E\n            \u003Cdiv  class=\u0022field-label-inline\u0022\u003ECampus\u003C\/div\u003E\n  \n                  \u003Ca href=\u0022\/campus\/mexicali\u0022 hreflang=\u0022es\u0022\u003EMexicali\u003C\/a\u003E\n      \n  \n    \u003C\/div\u003E\n\n    \n                          \u003Cdiv  class=\u0022fecha\u0022 \u003E\n      15 de Diciembre de 2025\u003C\/div\u003E\n      \n  \n\n\n  \u003C\/div\u003E\n    \n                          \u003Cdiv  class=\u0022texto\u0022 \u003E\n      \u003Cp\u003EEl profesor de la Facultad de Ciencias Administrativas y Sociales e Ingenier\u00eda (FCASI-UABC), Milthon Minor Montes, particip\u00f3 en el Encuentro Internacional de Periodistas dentro de la Feria Internacional del Libro de Guadalajara, en la presentaci\u00f3n de la obra colectiva: \u201cPeriodistas en M\u00e9xico Hoy, regiones, perfiles y riesgos profesionales\u201d, editado por la Universidad de Guadalajara (UdeG).\u003C\/p\u003E\n\n\u003Cp\u003EEl libro fue coordinado por las investigadoras de la UdeG: Frida Rodelo, coordinadora de la licenciatura en Comunicaci\u00f3n P\u00fablica y Celia del Palacio, quien es directora del Observatorio para la Libertad de Expresi\u00f3n y Violencia contra los Periodistas. En este texto diversos profesores de la UABC participaron en dos cap\u00edtulos que describen y analizan el periodismo en las regiones occidente y noroeste de M\u00e9xico, por separado.\u003C\/p\u003E\n\n\u003Cp\u003ELa obra representa una contribuci\u00f3n fundamental al conocimiento sobre las y los periodistas en M\u00e9xico, integra los resultados de la encuesta del proyecto Worlds of Journalism (realizada entre 2022 y 2023), adem\u00e1s de datos sociodemogr\u00e1ficos, configuraciones del sistema medi\u00e1tico por regiones y elementos contextuales.\u003C\/p\u003E\n\n\u003Cp\u003EEl doctor Minor Montes, quien escribi\u00f3 en equipo con Frida Rodelo y Natalia Rivera el cap\u00edtulo: \u201cEl periodismo en la regi\u00f3n del Occidente de M\u00e9xico\u201d, coment\u00f3 que \u201ceste libro permite comprender mejor el panorama nacional del ejercicio period\u00edstico, partiendo de la premisa de que no existe una pr\u00e1ctica \u00fanica en un pa\u00eds tan diverso como el nuestro. En la obra se identifican preocupaciones, coincidencias y contrastes marcados no solo por la geograf\u00eda, sino tambi\u00e9n por la historia, la vida sociocultural y pol\u00edtica de cada regi\u00f3n\u201d.\u003C\/p\u003E\n\n\u003Cp\u003EEste trabajo de sistematizaci\u00f3n es crucial, ya que los estudios sobre periodismo en M\u00e9xico principalmente se han centrado en la capital del pa\u00eds o en regiones espec\u00edficas de forma aislada. Su divisi\u00f3n en cap\u00edtulos es por regiones: Centro, Ciudad de M\u00e9xico, Sureste, Noroeste, Noreste y Occidente, lo que permite una lectura focalizada o integral seg\u00fan el punto de inter\u00e9s acad\u00e9mico, social o de los propios comunicadores.\u003C\/p\u003E\n\n\u003Cp\u003EEl cap\u00edtulo \u0022Periodismo y periodistas en la regi\u00f3n noroeste\u0022, fue escrito por Armando Guti\u00e9rrez-Ortega, Juan Carlos Pacheco y Elsa del Carmen Villegas Mor\u00e1n, profesores de la Facultad de Ciencias Humanas de la UABC.\u003C\/p\u003E\n\n\u003Cp\u003ELos an\u00e1lisis regionales destacan aspectos cr\u00edticos como la violencia f\u00edsica, riesgos digitales y discursos de odio contra los periodistas. Adem\u00e1s, detalla la precariedad en salarios y tipos de empleo (tiempo completo, parcial o freelance), lo que vulnera el ejercicio period\u00edstico. Pese a las diferencias, un hallazgo consistente y preocupante es la coincidencia en varias regiones de que las y los periodistas sufren estr\u00e9s laboral en diversas dimensiones.\u003C\/p\u003E\n\n\u003Cp\u003E\u00a0\u003C\/p\u003E\u003C\/div\u003E\n      \n  \n\n    \n            \u003Cdiv  class=\u0022palabras-clave\u0022\u003E\n                        \u003Ca href=\u0022\/tags\/periodismo\u0022 hreflang=\u0022es\u0022\u003EPeriodismo\u003C\/a\u003E\n                \u003Ca href=\u0022\/tags\/periodistas\u0022 hreflang=\u0022es\u0022\u003Eperiodistas\u003C\/a\u003E\n                \u003Ca href=\u0022\/tags\/fcasi-0\u0022 hreflang=\u0022es\u0022\u003EFCASI\u003C\/a\u003E\n      \n      \u003C\/div\u003E\n  \n\n\n  \u003C\/div\u003E\n\n  \u003C\/div\u003E\n\n  \u003Cdiv class=\u0022area-extras group-right\u0022\u003E\n        \n                          \u003Cdiv  class=\u0022enlace-blockBottom\u0022 \u003E\n      \u003Cdiv\u003EVer m\u00e1s \u003Ca href=\u0022http:\/\/gaceta.uabc.mx\/notas\u0022\u003ENotas\u003C\/a\u003E\u003C\/div\u003E\n\u003C\/div\u003E\n      \n  \n\n\n  \u003C\/div\u003E\n\n\u003C\/div\u003E\n\n","settings":null}]