[{"command":"settings","settings":{"pluralDelimiter":"\u0003","suppressDeprecationErrors":true,"ajaxPageState":{"libraries":"core\/drupal.ajax,core\/picturefill,ds\/ds_3col_equal_width","theme":"gaceta","theme_token":null},"ajaxTrustedUrl":[],"field_group":{"html_element":{"mode":"media_expanded","context":"view","settings":{"classes":"datos","show_empty_fields":false,"id":"","element":"div","show_label":false,"label_element":"h3","label_element_classes":"","attributes":"","effect":"none","speed":"fast"}}},"user":{"uid":0,"permissionsHash":"55dc977d165ab1e05e51b6cc6487f6d73e65ab536d99ee82c6990d9001d5c21c"}},"merge":true},{"command":"add_css","data":"\u003Clink rel=\u0022stylesheet\u0022 media=\u0022all\u0022 href=\u0022\/sites\/default\/files\/css\/css_mxJrjoKKAZuuB4_4f-B1u9VnFZxvSor3Az4JEdrFEso.css\u0022 \/\u003E\n\u003Clink rel=\u0022stylesheet\u0022 media=\u0022all\u0022 href=\u0022\/sites\/default\/files\/css\/css_-BXSGQpS8YTwwuXGbPoshUvZ7W-_HbYR3H7d0DA_mEY.css\u0022 \/\u003E\n\u003Clink rel=\u0022stylesheet\u0022 media=\u0022all\u0022 href=\u0022\/sites\/default\/files\/css\/css_89YreTu0npezhXSakRJR9TVHyBS9bTcyt0s3IckAe-M.css\u0022 \/\u003E\n"},{"command":"add_js","selector":"body","data":[{"src":"\/sites\/default\/files\/js\/js_9UaAhXvc9u0KYXXUw-OKyLP2baQxdV4zY3Y_KGurcvY.js"},{"src":"\/sites\/default\/files\/js\/js_oDJxUBLBzfRb_FDgNfkNOm9-tiatS2kNfxQIeVRZA7Y.js"},{"src":"\/sites\/default\/files\/js\/js_YM82KRuzNIr2X-Kb8pQW8cOcSbWgQ_QGKclTYJ_aMlI.js"},{"src":"\/sites\/default\/files\/js\/js_pqqsPPmPmxKgamY6qk_WSawtL05XH_yAY8GkPHVyahI.js"}]},{"command":"insert","method":"replaceWith","selector":".view-mode-full","data":"\u003Cdiv data-history-node-id=\u002224226\u0022 class=\u0022contenido view-mode-media_expanded ds-3col-equal clearfix\u0022\u003E\n\n  \n\n  \u003Cdiv class=\u0022area-medios group-left\u0022\u003E\n        \n                          \u003Cdiv  class=\u0022imagen\u0022 \u003E\n          \u003Cpicture\u003E\n                  \u003Csource srcset=\u0022\/sites\/default\/files\/styles\/max_650x650\/public\/notas\/2026-02-19\/xx-a%C3%B1os.webp?itok=pK9AEQKU 650w, \/sites\/default\/files\/styles\/max_1300x1300\/public\/notas\/2026-02-19\/xx-a%C3%B1os.webp?itok=cKby3sxd 1300w, \/sites\/default\/files\/styles\/max_1900x1900\/public\/notas\/2026-02-19\/xx-a%C3%B1os.webp?itok=4Ns48Oat 1615w\u0022 type=\u0022image\/webp\u0022 sizes=\u0022100vw\u0022\/\u003E\n              \u003Csource srcset=\u0022\/sites\/default\/files\/styles\/max_650x650\/public\/notas\/2026-02-19\/xx-a%C3%B1os.jpg?itok=pK9AEQKU 650w, \/sites\/default\/files\/styles\/max_1300x1300\/public\/notas\/2026-02-19\/xx-a%C3%B1os.jpg?itok=cKby3sxd 1300w, \/sites\/default\/files\/styles\/max_1900x1900\/public\/notas\/2026-02-19\/xx-a%C3%B1os.jpg?itok=4Ns48Oat 1615w\u0022 type=\u0022image\/jpeg\u0022 sizes=\u0022100vw\u0022\/\u003E\n                  \u003Cimg srcset=\u0022\/sites\/default\/files\/styles\/max_650x650\/public\/notas\/2026-02-19\/xx-a%C3%B1os.jpg?itok=pK9AEQKU 650w, \/sites\/default\/files\/styles\/max_1300x1300\/public\/notas\/2026-02-19\/xx-a%C3%B1os.jpg?itok=cKby3sxd 1300w, \/sites\/default\/files\/styles\/max_1900x1900\/public\/notas\/2026-02-19\/xx-a%C3%B1os.jpg?itok=4Ns48Oat 1615w\u0022 sizes=\u0022100vw\u0022 src=\u0022\/sites\/default\/files\/styles\/max_1300x1300\/public\/notas\/2026-02-19\/xx-a%C3%B1os.jpg?itok=cKby3sxd\u0022 alt=\u0022.\u0022 typeof=\u0022foaf:Image\u0022 class=\u0022img-fluid\u0022 \/\u003E\n\n  \u003C\/picture\u003E\n\n\u003C\/div\u003E\n      \n  \n\n      \u003Cdiv  class=\u0022boton-expander\u0022\u003E\n        \n                  \u003Cdiv class=\u0022item-list\u0022\u003E\u003Cul\u003E\u003Cli\u003E\u003Ca href=\u0022\/ds-switch-view-mode\/node\/24226\/media_collapsed?selector=view-mode-media_expanded\u0022 class=\u0022use-ajax\u0022\u003E\u2191\u003C\/a\u003E\u003C\/li\u003E\u003C\/ul\u003E\u003C\/div\u003E\n      \n  \n    \u003C\/div\u003E\n\n\n  \u003C\/div\u003E\n\n  \u003Cdiv class=\u0022area-info group-middle\u0022\u003E\n    \n\u003Cdiv  class=\u0022inner\u0022\u003E\n          \n                          \u003Ch2  class=\u0022titulo\u0022 \u003E\n        Conmemoran XX a\u00f1os de la Facultad de Ingenier\u00eda y Negocios San Quint\u00edn\n\u003C\/h2\u003E\n      \n  \n\n    \n                          \u003Cdiv  class=\u0022resumen\u0022 \u003E\n      Se realizaron actividades para celebrar el aniversario.\u003C\/div\u003E\n      \n  \n\n\n\u003Cdiv  class=\u0022datos\u0022\u003E\n            \u003Cdiv  class=\u0022autor\u0022\u003E\n            \u003Cdiv  class=\u0022field-label-inline\u0022\u003EPor\u003C\/div\u003E\n  \n                  \u003Ca href=\u0022\/autores\/leonardo-ramos-lopez\u0022 hreflang=\u0022es\u0022\u003ELeonardo Ramos L\u00f3pez\u003C\/a\u003E\n      \n  \n    \u003C\/div\u003E\n\n      \u003Cdiv  class=\u0022campus\u0022\u003E\n            \u003Cdiv  class=\u0022field-label-inline\u0022\u003ECampus\u003C\/div\u003E\n  \n                  \u003Ca href=\u0022\/campus\/ensenada\u0022 hreflang=\u0022es\u0022\u003EEnsenada\u003C\/a\u003E\n      \n  \n    \u003C\/div\u003E\n\n    \n                          \u003Cdiv  class=\u0022fecha\u0022 \u003E\n      19 de Febrero de 2026\u003C\/div\u003E\n      \n  \n\n\n  \u003C\/div\u003E\n    \n                          \u003Cdiv  class=\u0022texto\u0022 \u003E\n      \u003Cp\u003EEn el marco del XX aniversario de la Facultad de Ingenier\u00eda y Negocios San Quint\u00edn, se llev\u00f3 a cabo la ceremonia conmemorativa que reuni\u00f3 a autoridades, docentes, personal administrativo, estudiantes y egresados, en un emotivo acto que destac\u00f3 la trayectoria y el crecimiento de esta unidad acad\u00e9mica.\u003C\/p\u003E\n\n\u003Cp\u003EEl evento fue conducido por el licenciado Gabriel Arturo Neri Cornejo, quien fungi\u00f3 como maestro de ceremonia. El mensaje de bienvenida estuvo a cargo de la subdirectora, doctora Karina G\u00e1mez G\u00e1mez, quien resalt\u00f3 el esfuerzo colectivo y el compromiso institucional que han permitido consolidar a la facultad como referente educativo en la regi\u00f3n.\u003C\/p\u003E\n\n\u003Cp\u003EDentro del programa cultural se cont\u00f3 con la participaci\u00f3n de la Academia Contempor\u00e1nea Dance, bajo la direcci\u00f3n de la maestra Hilda Jazm\u00edn S\u00e1nchez Silva; la Rondalla del CBTA 146, dirigida por el ingeniero V\u00edctor Ruiz Esparza Olivas; y la Escuela de M\u00fasica Soria Studio a cargo del maestro Daniel Soria, quienes brindaron momentos art\u00edsticos que enriquecieron la celebraci\u00f3n.\u003C\/p\u003E\n\n\u003Cp\u003EDurante la ceremonia se entregaron reconocimientos especiales a la docente de asignatura con mayor antig\u00fcedad, licenciada Carolina Soledad Berrelleza Flores; a la administrativa con mayor antig\u00fcedad, Arel\u00ed Aceves Blancarte; as\u00ed como al donador de la extensi\u00f3n territorial de la facultad, Jos\u00e9 Ram\u00f3n Maga\u00f1a Prado. Asimismo, se cont\u00f3 con la representaci\u00f3n de los alumnos egresados, a cargo de la ingeniera Estefany Marl\u00ed Guzm\u00e1n Ram\u00edrez, y la participaci\u00f3n del presidente de la Sociedad de Alumnos FINSQ, Brian Villa Y\u00e1\u00f1ez.\u003C\/p\u003E\n\n\u003Cp\u003EPara cerrar el acto protocolario, el director de la facultad, doctor Jos\u00e9 Cupertino P\u00e9rez Murillo, dirigi\u00f3 un mensaje de reconocimiento por estos 20 a\u00f1os de historia, crecimiento y compromiso con la formaci\u00f3n profesional en San Quint\u00edn.\u003C\/p\u003E\n\n\u003Cp\u003EComo parte de las actividades conmemorativas, el aniversario culmin\u00f3 con un rally deportivo en el que particip\u00f3 activamente la comunidad universitaria, fortaleciendo la integraci\u00f3n y el esp\u00edritu cimarr\u00f3n que caracteriza a la instituci\u00f3n.\u003C\/p\u003E\n\n\u003Cp\u003E\u003Cimg alt=\u0022.\u0022 data-entity-type=\u0022file\u0022 data-entity-uuid=\u00223c5ccad1-c4e3-44fe-9109-1069c7359552\u0022 src=\u0022\/sites\/default\/files\/inline-images\/aniv%20san%20quintin.jpeg\u0022 width=\u00224032\u0022 height=\u00223024\u0022 loading=\u0022lazy\u0022 \/\u003E\u003C\/p\u003E\u003C\/div\u003E\n      \n  \n\n    \n            \u003Cdiv  class=\u0022palabras-clave\u0022\u003E\n                        \u003Ca href=\u0022\/tags\/xx-aniversario\u0022 hreflang=\u0022es\u0022\u003EXX Aniversario\u003C\/a\u003E\n      \n      \u003C\/div\u003E\n  \n\n\n  \u003C\/div\u003E\n\n  \u003C\/div\u003E\n\n  \u003Cdiv class=\u0022area-extras group-right\u0022\u003E\n        \n                          \u003Cdiv  class=\u0022enlace-blockBottom\u0022 \u003E\n      \u003Cdiv\u003EVer m\u00e1s \u003Ca href=\u0022http:\/\/gaceta.uabc.mx\/notas\u0022\u003ENotas\u003C\/a\u003E\u003C\/div\u003E\n\u003C\/div\u003E\n      \n  \n\n\n  \u003C\/div\u003E\n\n\u003C\/div\u003E\n\n","settings":null}]