[{"command":"settings","settings":{"pluralDelimiter":"\u0003","suppressDeprecationErrors":true,"ajaxPageState":{"libraries":"core\/drupal.ajax,core\/picturefill,ds\/ds_3col_equal_width","theme":"gaceta","theme_token":null},"ajaxTrustedUrl":[],"field_group":{"html_element":{"mode":"media_expanded","context":"view","settings":{"classes":"datos","show_empty_fields":false,"id":"","element":"div","show_label":false,"label_element":"h3","label_element_classes":"","attributes":"","effect":"none","speed":"fast"}}},"user":{"uid":0,"permissionsHash":"55dc977d165ab1e05e51b6cc6487f6d73e65ab536d99ee82c6990d9001d5c21c"}},"merge":true},{"command":"add_css","data":"\u003Clink rel=\u0022stylesheet\u0022 media=\u0022all\u0022 href=\u0022\/sites\/default\/files\/css\/css_mxJrjoKKAZuuB4_4f-B1u9VnFZxvSor3Az4JEdrFEso.css\u0022 \/\u003E\n\u003Clink rel=\u0022stylesheet\u0022 media=\u0022all\u0022 href=\u0022\/sites\/default\/files\/css\/css_-BXSGQpS8YTwwuXGbPoshUvZ7W-_HbYR3H7d0DA_mEY.css\u0022 \/\u003E\n\u003Clink rel=\u0022stylesheet\u0022 media=\u0022all\u0022 href=\u0022\/sites\/default\/files\/css\/css_89YreTu0npezhXSakRJR9TVHyBS9bTcyt0s3IckAe-M.css\u0022 \/\u003E\n"},{"command":"add_js","selector":"body","data":[{"src":"\/sites\/default\/files\/js\/js_9UaAhXvc9u0KYXXUw-OKyLP2baQxdV4zY3Y_KGurcvY.js"},{"src":"\/sites\/default\/files\/js\/js_oDJxUBLBzfRb_FDgNfkNOm9-tiatS2kNfxQIeVRZA7Y.js"},{"src":"\/sites\/default\/files\/js\/js_YM82KRuzNIr2X-Kb8pQW8cOcSbWgQ_QGKclTYJ_aMlI.js"},{"src":"\/sites\/default\/files\/js\/js_pqqsPPmPmxKgamY6qk_WSawtL05XH_yAY8GkPHVyahI.js"}]},{"command":"insert","method":"replaceWith","selector":".view-mode-full","data":"\u003Cdiv data-history-node-id=\u002224347\u0022 class=\u0022contenido view-mode-media_expanded ds-3col-equal clearfix\u0022\u003E\n\n  \n\n  \u003Cdiv class=\u0022area-medios group-left\u0022\u003E\n        \n                          \u003Cdiv  class=\u0022imagen\u0022 \u003E\n          \u003Cpicture\u003E\n                  \u003Csource srcset=\u0022\/sites\/default\/files\/styles\/max_650x650\/public\/notas\/2026-03-20\/Portada%20FHyCS%201er%20informe.webp?itok=DhIJpe9s 650w, \/sites\/default\/files\/styles\/max_1300x1300\/public\/notas\/2026-03-20\/Portada%20FHyCS%201er%20informe.webp?itok=YwNUOJRw 1300w, \/sites\/default\/files\/styles\/max_1900x1900\/public\/notas\/2026-03-20\/Portada%20FHyCS%201er%20informe.webp?itok=rNnCFn9y 1420w\u0022 type=\u0022image\/webp\u0022 sizes=\u0022100vw\u0022\/\u003E\n              \u003Csource srcset=\u0022\/sites\/default\/files\/styles\/max_650x650\/public\/notas\/2026-03-20\/Portada%20FHyCS%201er%20informe.png?itok=DhIJpe9s 650w, \/sites\/default\/files\/styles\/max_1300x1300\/public\/notas\/2026-03-20\/Portada%20FHyCS%201er%20informe.png?itok=YwNUOJRw 1300w, \/sites\/default\/files\/styles\/max_1900x1900\/public\/notas\/2026-03-20\/Portada%20FHyCS%201er%20informe.png?itok=rNnCFn9y 1420w\u0022 type=\u0022image\/png\u0022 sizes=\u0022100vw\u0022\/\u003E\n                  \u003Cimg srcset=\u0022\/sites\/default\/files\/styles\/max_650x650\/public\/notas\/2026-03-20\/Portada%20FHyCS%201er%20informe.png?itok=DhIJpe9s 650w, \/sites\/default\/files\/styles\/max_1300x1300\/public\/notas\/2026-03-20\/Portada%20FHyCS%201er%20informe.png?itok=YwNUOJRw 1300w, \/sites\/default\/files\/styles\/max_1900x1900\/public\/notas\/2026-03-20\/Portada%20FHyCS%201er%20informe.png?itok=rNnCFn9y 1420w\u0022 sizes=\u0022100vw\u0022 src=\u0022\/sites\/default\/files\/styles\/max_1300x1300\/public\/notas\/2026-03-20\/Portada%20FHyCS%201er%20informe.png?itok=YwNUOJRw\u0022 alt=\u0022Directora de la Facultad de Humanidades y Ciencias Sociales, present\u00f3 su primer informe de actividades\u0022 typeof=\u0022foaf:Image\u0022 class=\u0022img-fluid\u0022 \/\u003E\n\n  \u003C\/picture\u003E\n\n\u003C\/div\u003E\n      \n  \n\n      \u003Cdiv  class=\u0022boton-expander\u0022\u003E\n        \n                  \u003Cdiv class=\u0022item-list\u0022\u003E\u003Cul\u003E\u003Cli\u003E\u003Ca href=\u0022\/ds-switch-view-mode\/node\/24347\/media_collapsed?selector=view-mode-media_expanded\u0022 class=\u0022use-ajax\u0022\u003E\u2191\u003C\/a\u003E\u003C\/li\u003E\u003C\/ul\u003E\u003C\/div\u003E\n      \n  \n    \u003C\/div\u003E\n\n\n  \u003C\/div\u003E\n\n  \u003Cdiv class=\u0022area-info group-middle\u0022\u003E\n    \n\u003Cdiv  class=\u0022inner\u0022\u003E\n          \n                          \u003Ch2  class=\u0022titulo\u0022 \u003E\n        Directora de la Facultad de Humanidades y Ciencias Sociales, present\u00f3 su primer informe de actividades\n\u003C\/h2\u003E\n      \n  \n\n    \n                          \u003Cdiv  class=\u0022resumen\u0022 \u003E\n      Destac\u00f3 el objetivo del plan de Desarrollo de la Facultad para la diversificaci\u00f3n de modalidades de aprendizaje y el aprovechamiento de herramientas digitales\u003C\/div\u003E\n      \n  \n\n\n\u003Cdiv  class=\u0022datos\u0022\u003E\n            \u003Cdiv  class=\u0022autor\u0022\u003E\n            \u003Cdiv  class=\u0022field-label-inline\u0022\u003EPor\u003C\/div\u003E\n  \n                  \u003Ca href=\u0022\/autores\/dinora-sacnite-perez-de-la-cruz\u0022 hreflang=\u0022es\u0022\u003EDinora Sacnite P\u00e9rez de la Cruz\u003C\/a\u003E\n      \n  \n    \u003C\/div\u003E\n\n      \u003Cdiv  class=\u0022campus\u0022\u003E\n            \u003Cdiv  class=\u0022field-label-inline\u0022\u003ECampus\u003C\/div\u003E\n  \n                  \u003Ca href=\u0022\/campus\/tijuana\u0022 hreflang=\u0022es\u0022\u003ETijuana\u003C\/a\u003E\n      \n  \n    \u003C\/div\u003E\n\n    \n                          \u003Cdiv  class=\u0022fecha\u0022 \u003E\n      20 de Marzo de 2026\u003C\/div\u003E\n      \n  \n\n\n  \u003C\/div\u003E\n    \n                          \u003Cdiv  class=\u0022texto\u0022 \u003E\n      \u003Cp\u003ELa doctora Diana Denisse Merchant Ley, directora de la Facultad de Humanidades y Ciencias Sociales de la UABC campus Tijuana, present\u00f3 ante autoridades universitarias, personal acad\u00e9mico y comunidad estudiantil, su primer informe de actividades correspondiente a la gesti\u00f3n 2024-2028.\u003C\/p\u003E\n\n\u003Cp\u003EEn cuanto al fortalecimiento de la formaci\u00f3n acad\u00e9mica reconoci\u00f3 el trabajo docente para acompa\u00f1ar, informar, ampliar experiencias formativas complementarias y mejorar la experiencia educativa, como movilidades estudiantiles, evitando de esta manera el rezago acad\u00e9mico. Destac\u00f3 que increment\u00f3 de 88 a 332 personas en la participaci\u00f3n estudiantil en ayudant\u00edas docentes, ejercicios investigativos, cursos intersemestrales y proyectos de vinculaci\u00f3n. Tambi\u00e9n se realizaron webinars y conversatorios sobre el uso de la IA y un taller de capacitaci\u00f3n en miner\u00edas de datos, orientados a fortalecer las capacidades tecnol\u00f3gicas pedag\u00f3gicas.\u003C\/p\u003E\n\n\u003Cp\u003ERecalc\u00f3 que el plan de Desarrollo de la Facultad busca la diversificaci\u00f3n de modalidades de aprendizaje y el aprovechamiento de herramientas digitales. Estas acciones, sumadas a las pr\u00e1cticas profesionales y la colaboraci\u00f3n con unidades receptoras, han permitido que estudiantes e investigadores se inserten en escenarios reales, facilitando su futura incorporaci\u00f3n al mundo laboral.\u003C\/p\u003E\n\n\u003Cp\u003EDio a conocer las diferentes actividades, talleres, conferencias y proyectos que se promovieron para el fortalecimiento del bienestar integral de la comunidad universitaria. Priorizando la inclusi\u00f3n, la igualdad, la salud f\u00edsica y mental. Por mencionar algunas de estas acciones fueron: las campa\u00f1as institucionales de orgullo diversa, conmemoraciones del 25 de noviembre, 8 de marzo, el d\u00eda internacional de la lengua materna, pedagog\u00edas para la cultura de paz, incremento de actividades deportivas y h\u00e1bitos saludables.\u003C\/p\u003E\n\n\u003Cp\u003EFinalmente la doctora Merchant Ley invit\u00f3 a seguir consolidando a la Facultad de Humanidades y Ciencias Sociales como un referente de reflexi\u00f3n, di\u00e1logo y generador de conocimiento con sentido social que contribuya a la construcci\u00f3n de una sociedad justa, equitativa, incluyente y humana.\u003C\/p\u003E\n\n\u003Cp\u003ELa doctora Lucrecia Arzamendi Cepeda, integrante de la Junta de Gobierno, celebr\u00f3 la dedicaci\u00f3n, esfuerzo y compromiso del trabajo que encabeza la doctora Diana Denisse Merchant Ley; adem\u00e1s de desear \u00e9xito a la comunidad en los a\u00f1os que restan de su gesti\u00f3n.\u003C\/p\u003E\u003C\/div\u003E\n      \n  \n\n    \n            \u003Cdiv  class=\u0022palabras-clave\u0022\u003E\n                        \u003Ca href=\u0022\/tags\/informe-de-actividades\u0022 hreflang=\u0022es\u0022\u003EInforme de actividades\u003C\/a\u003E\n                \u003Ca href=\u0022\/tags\/fhycs\u0022 hreflang=\u0022es\u0022\u003EFHyCS\u003C\/a\u003E\n                \u003Ca href=\u0022\/tags\/estudiantes\u0022 hreflang=\u0022es\u0022\u003EEstudiantes\u003C\/a\u003E\n      \n      \u003C\/div\u003E\n  \n\n\n  \u003C\/div\u003E\n\n  \u003C\/div\u003E\n\n  \u003Cdiv class=\u0022area-extras group-right\u0022\u003E\n        \n                          \u003Cdiv  class=\u0022enlace-blockBottom\u0022 \u003E\n      \u003Cdiv\u003EVer m\u00e1s \u003Ca href=\u0022http:\/\/gaceta.uabc.mx\/notas\u0022\u003ENotas\u003C\/a\u003E\u003C\/div\u003E\n\u003C\/div\u003E\n      \n  \n\n\n  \u003C\/div\u003E\n\n\u003C\/div\u003E\n\n","settings":null}]