[{"command":"settings","settings":{"pluralDelimiter":"\u0003","suppressDeprecationErrors":true,"ajaxPageState":{"libraries":"core\/drupal.ajax,core\/picturefill,ds\/ds_3col_equal_width","theme":"gaceta","theme_token":null},"ajaxTrustedUrl":[],"field_group":{"html_element":{"mode":"media_expanded","context":"view","settings":{"classes":"datos","show_empty_fields":false,"id":"","element":"div","show_label":false,"label_element":"h3","label_element_classes":"","attributes":"","effect":"none","speed":"fast"}}},"user":{"uid":0,"permissionsHash":"55dc977d165ab1e05e51b6cc6487f6d73e65ab536d99ee82c6990d9001d5c21c"}},"merge":true},{"command":"add_css","data":"\u003Clink rel=\u0022stylesheet\u0022 media=\u0022all\u0022 href=\u0022\/sites\/default\/files\/css\/css_mxJrjoKKAZuuB4_4f-B1u9VnFZxvSor3Az4JEdrFEso.css\u0022 \/\u003E\n\u003Clink rel=\u0022stylesheet\u0022 media=\u0022all\u0022 href=\u0022\/sites\/default\/files\/css\/css_-BXSGQpS8YTwwuXGbPoshUvZ7W-_HbYR3H7d0DA_mEY.css\u0022 \/\u003E\n\u003Clink rel=\u0022stylesheet\u0022 media=\u0022all\u0022 href=\u0022\/sites\/default\/files\/css\/css_89YreTu0npezhXSakRJR9TVHyBS9bTcyt0s3IckAe-M.css\u0022 \/\u003E\n"},{"command":"add_js","selector":"body","data":[{"src":"\/sites\/default\/files\/js\/js_9UaAhXvc9u0KYXXUw-OKyLP2baQxdV4zY3Y_KGurcvY.js"},{"src":"\/sites\/default\/files\/js\/js_oDJxUBLBzfRb_FDgNfkNOm9-tiatS2kNfxQIeVRZA7Y.js"},{"src":"\/sites\/default\/files\/js\/js_YM82KRuzNIr2X-Kb8pQW8cOcSbWgQ_QGKclTYJ_aMlI.js"},{"src":"\/sites\/default\/files\/js\/js_pqqsPPmPmxKgamY6qk_WSawtL05XH_yAY8GkPHVyahI.js"}]},{"command":"insert","method":"replaceWith","selector":".view-mode-full","data":"\u003Cdiv data-history-node-id=\u002224356\u0022 class=\u0022contenido view-mode-media_expanded ds-3col-equal clearfix\u0022\u003E\n\n  \n\n  \u003Cdiv class=\u0022area-medios group-left\u0022\u003E\n        \n                          \u003Cdiv  class=\u0022imagen\u0022 \u003E\n          \u003Cpicture\u003E\n                  \u003Csource srcset=\u0022\/sites\/default\/files\/styles\/max_650x650\/public\/notas\/2026-03-23\/Pinktrepreneur.webp?itok=AdQidLFL 650w, \/sites\/default\/files\/styles\/max_1300x1300\/public\/notas\/2026-03-23\/Pinktrepreneur.webp?itok=gXBf8J-v 1300w, \/sites\/default\/files\/styles\/max_1900x1900\/public\/notas\/2026-03-23\/Pinktrepreneur.webp?itok=PQwIDA7u 1420w\u0022 type=\u0022image\/webp\u0022 sizes=\u0022100vw\u0022\/\u003E\n              \u003Csource srcset=\u0022\/sites\/default\/files\/styles\/max_650x650\/public\/notas\/2026-03-23\/Pinktrepreneur.png?itok=AdQidLFL 650w, \/sites\/default\/files\/styles\/max_1300x1300\/public\/notas\/2026-03-23\/Pinktrepreneur.png?itok=gXBf8J-v 1300w, \/sites\/default\/files\/styles\/max_1900x1900\/public\/notas\/2026-03-23\/Pinktrepreneur.png?itok=PQwIDA7u 1420w\u0022 type=\u0022image\/png\u0022 sizes=\u0022100vw\u0022\/\u003E\n                  \u003Cimg srcset=\u0022\/sites\/default\/files\/styles\/max_650x650\/public\/notas\/2026-03-23\/Pinktrepreneur.png?itok=AdQidLFL 650w, \/sites\/default\/files\/styles\/max_1300x1300\/public\/notas\/2026-03-23\/Pinktrepreneur.png?itok=gXBf8J-v 1300w, \/sites\/default\/files\/styles\/max_1900x1900\/public\/notas\/2026-03-23\/Pinktrepreneur.png?itok=PQwIDA7u 1420w\u0022 sizes=\u0022100vw\u0022 src=\u0022\/sites\/default\/files\/styles\/max_1300x1300\/public\/notas\/2026-03-23\/Pinktrepreneur.png?itok=gXBf8J-v\u0022 alt=\u0022Cimarrones Emprendedores: Foro con mujeres emprendedoras para acercar a las y los estudiantes al emprendimiento\u0022 typeof=\u0022foaf:Image\u0022 class=\u0022img-fluid\u0022 \/\u003E\n\n  \u003C\/picture\u003E\n\n\u003C\/div\u003E\n      \n  \n\n      \u003Cdiv  class=\u0022boton-expander\u0022\u003E\n        \n                  \u003Cdiv class=\u0022item-list\u0022\u003E\u003Cul\u003E\u003Cli\u003E\u003Ca href=\u0022\/ds-switch-view-mode\/node\/24356\/media_collapsed?selector=view-mode-media_expanded\u0022 class=\u0022use-ajax\u0022\u003E\u2191\u003C\/a\u003E\u003C\/li\u003E\u003C\/ul\u003E\u003C\/div\u003E\n      \n  \n    \u003C\/div\u003E\n\n\n  \u003C\/div\u003E\n\n  \u003Cdiv class=\u0022area-info group-middle\u0022\u003E\n    \n\u003Cdiv  class=\u0022inner\u0022\u003E\n          \n                          \u003Ch2  class=\u0022titulo\u0022 \u003E\n        Cimarrones Emprendedores: Foro con mujeres emprendedoras para acercar a las y los estudiantes al emprendimiento\n\u003C\/h2\u003E\n      \n  \n\n    \n                          \u003Cdiv  class=\u0022resumen\u0022 \u003E\n      Ignorando los obst\u00e1culos mentales y f\u00edsicos se puede llegar muy lejos.\u003C\/div\u003E\n      \n  \n\n\n\u003Cdiv  class=\u0022datos\u0022\u003E\n            \u003Cdiv  class=\u0022autor\u0022\u003E\n            \u003Cdiv  class=\u0022field-label-inline\u0022\u003EPor\u003C\/div\u003E\n  \n                  \u003Ca href=\u0022\/autores\/andrea-areli-martinez-montano\u0022 hreflang=\u0022es\u0022\u003EAndrea Areli Martinez Monta\u00f1o\u003C\/a\u003E\n      \n  \n    \u003C\/div\u003E\n\n      \u003Cdiv  class=\u0022campus\u0022\u003E\n            \u003Cdiv  class=\u0022field-label-inline\u0022\u003ECampus\u003C\/div\u003E\n  \n                  \u003Ca href=\u0022\/campus\/tijuana\u0022 hreflang=\u0022es\u0022\u003ETijuana\u003C\/a\u003E\n      \n  \n    \u003C\/div\u003E\n\n    \n                          \u003Cdiv  class=\u0022fecha\u0022 \u003E\n      23 de Marzo de 2026\u003C\/div\u003E\n      \n  \n\n\n  \u003C\/div\u003E\n    \n                          \u003Cdiv  class=\u0022texto\u0022 \u003E\n      \u003Cp\u003ECon el objetivo de motivar y asesorar a las y los cimarrones emprendedores, se llev\u00f3 a cabo el foro \u2018\u2018Pink-trepreneur\u2019\u2019, organizado por la Coordinaci\u00f3n General de Vinculaci\u00f3n y Cooperaci\u00f3n Acad\u00e9mica, a trav\u00e9s del programa Cimarrones Emprendedores, en el Taller de Emprendimiento de la UABC Tijuana.\u00a0\u003C\/p\u003E\n\n\u003Cp\u003EDurante su intervenci\u00f3n, la doctora Sof\u00eda Esta\u00f1\u00f3n Ar\u00e9valo, gestora de emprendimiento del campus Tijuana, invit\u00f3 a las y los estudiantes con proyectos o ideas a acercarse al Taller de Emprendimiento, donde pueden recibir asesor\u00edas gratuitas y hacer uso del espacio en cualquier momento para desarrollar sus iniciativas.\u003C\/p\u003E\n\n\u003Cp\u003ELa primera ponente, la relacionista p\u00fablica Edith Verdejo, consultora en liderazgo femenino y desarrollo econ\u00f3mico, habl\u00f3 sobre la econom\u00eda y el impacto que las personas generan en su comunidad, incluso sin notarlo, ya sea a trav\u00e9s de peque\u00f1os emprendimientos o decisiones cotidianas. Asimismo, explic\u00f3 que un negocio puede iniciar desde una idea o a partir de la identificaci\u00f3n de un problema, destacando la importancia de alejarse de pensamientos negativos.\u003C\/p\u003E\n\n\u003Cp\u003EPor su parte, la licenciada Polette Berrelleza, fundadora de \u201cThe Snackbar Tijuana\u201d, comparti\u00f3 su trayectoria emprendedora. Relat\u00f3 que en alg\u00fan momento consider\u00f3 abandonar su proyecto debido a las dificultades; sin embargo, al reconocer el esfuerzo invertido, decidi\u00f3 continuar y fortalecer su negocio mediante estrategias de promoci\u00f3n y el uso de redes sociales. Adem\u00e1s, implement\u00f3 alternativas para generar confianza con sus clientes, como solicitar anticipos y completar el pago durante el evento, debido a que no cuenta con un local f\u00edsico.\u003C\/p\u003E\n\n\u003Cp\u003EEn el cierre del foro, las maestras Edith Tornero, vicepresidenta de AMEXME; Iliana Kurevelis, directora de Ask Patrimonial; Sof\u00eda Z\u00fa\u00f1iga, fundadora de Markzu Group; y la empresaria Laurie Silvan, presidenta del Consejo Directivo de Proyecto Fronterizo de Educaci\u00f3n Ambiental, compartieron sus experiencias en el emprendimiento. Coincidieron en que nunca es tarde para comenzar y destacaron la importancia de construir comunidad, fomentar el respeto entre colaboradores y trabajar bajo objetivos comunes. Asimismo, abordaron el impacto social y ambiental que generan sus proyectos.\u003C\/p\u003E\n\n\u003Cp\u003EFinalmente, la doctora Sof\u00eda Esta\u00f1\u00f3n Ar\u00e9valo se\u00f1al\u00f3 que este foro se realiza dos veces al a\u00f1o: una edici\u00f3n enfocada en el mes de la mujer y otra en el mes de la lucha contra el c\u00e1ncer. Destac\u00f3 que se trata de una iniciativa centrada en impulsar el emprendimiento, especialmente entre mujeres, a nivel local y nacional. Aunque est\u00e1 dirigido principalmente a estudiantes cimarrones, el evento es de acceso abierto al p\u00fablico en general.\u003C\/p\u003E\u003C\/div\u003E\n      \n  \n\n    \n            \u003Cdiv  class=\u0022palabras-clave\u0022\u003E\n                        \u003Ca href=\u0022\/tags\/emprendimiento-0\u0022 hreflang=\u0022es\u0022\u003EEmprendimiento \u003C\/a\u003E\n                \u003Ca href=\u0022\/tags\/taller-de-emprendimiento-y-creatividad\u0022 hreflang=\u0022es\u0022\u003ETaller de emprendimiento y creatividad\u003C\/a\u003E\n      \n      \u003C\/div\u003E\n  \n\n\n  \u003C\/div\u003E\n\n  \u003C\/div\u003E\n\n  \u003Cdiv class=\u0022area-extras group-right\u0022\u003E\n        \n                          \u003Cdiv  class=\u0022enlace-blockBottom\u0022 \u003E\n      \u003Cdiv\u003EVer m\u00e1s \u003Ca href=\u0022http:\/\/gaceta.uabc.mx\/notas\u0022\u003ENotas\u003C\/a\u003E\u003C\/div\u003E\n\u003C\/div\u003E\n      \n  \n\n\n  \u003C\/div\u003E\n\n\u003C\/div\u003E\n\n","settings":null}]