[{"command":"settings","settings":{"pluralDelimiter":"\u0003","suppressDeprecationErrors":true,"ajaxPageState":{"libraries":"core\/drupal.ajax,core\/picturefill,ds\/ds_3col_equal_width","theme":"gaceta","theme_token":null},"ajaxTrustedUrl":[],"field_group":{"html_element":{"mode":"media_expanded","context":"view","settings":{"classes":"datos","show_empty_fields":false,"id":"","element":"div","show_label":false,"label_element":"h3","label_element_classes":"","attributes":"","effect":"none","speed":"fast"}}},"user":{"uid":0,"permissionsHash":"55dc977d165ab1e05e51b6cc6487f6d73e65ab536d99ee82c6990d9001d5c21c"}},"merge":true},{"command":"add_css","data":"\u003Clink rel=\u0022stylesheet\u0022 media=\u0022all\u0022 href=\u0022\/sites\/default\/files\/css\/css_mxJrjoKKAZuuB4_4f-B1u9VnFZxvSor3Az4JEdrFEso.css\u0022 \/\u003E\n\u003Clink rel=\u0022stylesheet\u0022 media=\u0022all\u0022 href=\u0022\/sites\/default\/files\/css\/css_-BXSGQpS8YTwwuXGbPoshUvZ7W-_HbYR3H7d0DA_mEY.css\u0022 \/\u003E\n\u003Clink rel=\u0022stylesheet\u0022 media=\u0022all\u0022 href=\u0022\/sites\/default\/files\/css\/css_89YreTu0npezhXSakRJR9TVHyBS9bTcyt0s3IckAe-M.css\u0022 \/\u003E\n"},{"command":"add_js","selector":"body","data":[{"src":"\/sites\/default\/files\/js\/js_9UaAhXvc9u0KYXXUw-OKyLP2baQxdV4zY3Y_KGurcvY.js"},{"src":"\/sites\/default\/files\/js\/js_oDJxUBLBzfRb_FDgNfkNOm9-tiatS2kNfxQIeVRZA7Y.js"},{"src":"\/sites\/default\/files\/js\/js_YM82KRuzNIr2X-Kb8pQW8cOcSbWgQ_QGKclTYJ_aMlI.js"},{"src":"\/sites\/default\/files\/js\/js_pqqsPPmPmxKgamY6qk_WSawtL05XH_yAY8GkPHVyahI.js"}]},{"command":"insert","method":"replaceWith","selector":".view-mode-full","data":"\u003Cdiv data-history-node-id=\u002224357\u0022 class=\u0022contenido view-mode-media_expanded ds-3col-equal clearfix\u0022\u003E\n\n  \n\n  \u003Cdiv class=\u0022area-medios group-left\u0022\u003E\n        \n                          \u003Cdiv  class=\u0022imagen\u0022 \u003E\n          \u003Cpicture\u003E\n                  \u003Csource srcset=\u0022\/sites\/default\/files\/styles\/max_650x650\/public\/notas\/2026-03-23\/Portada%20FACISALUD-CDMX.webp?itok=_5UyxG61 650w, \/sites\/default\/files\/styles\/max_1300x1300\/public\/notas\/2026-03-23\/Portada%20FACISALUD-CDMX.webp?itok=BcIQdKfr 1300w, \/sites\/default\/files\/styles\/max_1900x1900\/public\/notas\/2026-03-23\/Portada%20FACISALUD-CDMX.webp?itok=Jz5ZFuJo 1420w\u0022 type=\u0022image\/webp\u0022 sizes=\u0022100vw\u0022\/\u003E\n              \u003Csource srcset=\u0022\/sites\/default\/files\/styles\/max_650x650\/public\/notas\/2026-03-23\/Portada%20FACISALUD-CDMX.png?itok=_5UyxG61 650w, \/sites\/default\/files\/styles\/max_1300x1300\/public\/notas\/2026-03-23\/Portada%20FACISALUD-CDMX.png?itok=BcIQdKfr 1300w, \/sites\/default\/files\/styles\/max_1900x1900\/public\/notas\/2026-03-23\/Portada%20FACISALUD-CDMX.png?itok=Jz5ZFuJo 1420w\u0022 type=\u0022image\/png\u0022 sizes=\u0022100vw\u0022\/\u003E\n                  \u003Cimg srcset=\u0022\/sites\/default\/files\/styles\/max_650x650\/public\/notas\/2026-03-23\/Portada%20FACISALUD-CDMX.png?itok=_5UyxG61 650w, \/sites\/default\/files\/styles\/max_1300x1300\/public\/notas\/2026-03-23\/Portada%20FACISALUD-CDMX.png?itok=BcIQdKfr 1300w, \/sites\/default\/files\/styles\/max_1900x1900\/public\/notas\/2026-03-23\/Portada%20FACISALUD-CDMX.png?itok=Jz5ZFuJo 1420w\u0022 sizes=\u0022100vw\u0022 src=\u0022\/sites\/default\/files\/styles\/max_1300x1300\/public\/notas\/2026-03-23\/Portada%20FACISALUD-CDMX.png?itok=BcIQdKfr\u0022 alt=\u0022Estudiantes de FACISALUD destacan en concurso nacional de Odontolog\u00eda\u0022 typeof=\u0022foaf:Image\u0022 class=\u0022img-fluid\u0022 \/\u003E\n\n  \u003C\/picture\u003E\n\n\u003C\/div\u003E\n      \n  \n\n      \u003Cdiv  class=\u0022boton-expander\u0022\u003E\n        \n                  \u003Cdiv class=\u0022item-list\u0022\u003E\u003Cul\u003E\u003Cli\u003E\u003Ca href=\u0022\/ds-switch-view-mode\/node\/24357\/media_collapsed?selector=view-mode-media_expanded\u0022 class=\u0022use-ajax\u0022\u003E\u2191\u003C\/a\u003E\u003C\/li\u003E\u003C\/ul\u003E\u003C\/div\u003E\n      \n  \n    \u003C\/div\u003E\n\n\n  \u003C\/div\u003E\n\n  \u003Cdiv class=\u0022area-info group-middle\u0022\u003E\n    \n\u003Cdiv  class=\u0022inner\u0022\u003E\n          \n                          \u003Ch2  class=\u0022titulo\u0022 \u003E\n        Estudiantes de FACISALUD destacaron en concurso nacional de Odontolog\u00eda\n\u003C\/h2\u003E\n      \n  \n\n    \n                          \u003Cdiv  class=\u0022resumen\u0022 \u003E\n      La participaci\u00f3n de la UABC en este tipo de eventos fortalece su presencia en el \u00e1mbito nacional.\u003C\/div\u003E\n      \n  \n\n\n\u003Cdiv  class=\u0022datos\u0022\u003E\n            \u003Cdiv  class=\u0022autor\u0022\u003E\n            \u003Cdiv  class=\u0022field-label-inline\u0022\u003EPor\u003C\/div\u003E\n  \n                  \u003Ca href=\u0022\/autores\/dinora-sacnite-perez-de-la-cruz-con-informacion-del-maestro-cesar-quiterio-miguel-0\u0022 hreflang=\u0022es\u0022\u003EDinora Sacnite P\u00e9rez de la Cruz con informaci\u00f3n del maestro C\u00e9sar Quiterio Miguel\u003C\/a\u003E\n      \n  \n    \u003C\/div\u003E\n\n      \u003Cdiv  class=\u0022campus\u0022\u003E\n            \u003Cdiv  class=\u0022field-label-inline\u0022\u003ECampus\u003C\/div\u003E\n  \n                  \u003Ca href=\u0022\/campus\/tijuana\u0022 hreflang=\u0022es\u0022\u003ETijuana\u003C\/a\u003E\n      \n  \n    \u003C\/div\u003E\n\n    \n                          \u003Cdiv  class=\u0022fecha\u0022 \u003E\n      23 de Marzo de 2026\u003C\/div\u003E\n      \n  \n\n\n  \u003C\/div\u003E\n    \n                          \u003Cdiv  class=\u0022texto\u0022 \u003E\n      \u003Cp\u003EEstudiantes de la Facultad de Ciencias de la Salud de la UABC participaron en el Concurso de Conocimientos organizado por la Federaci\u00f3n Mexicana de Facultades y Escuelas de Odontolog\u00eda (FMFEO), realizado del 25 al 28 de febrero de 2026, durante el Encuentro Estudiantil de la Escuela Militar de Odontolog\u00eda en la CDMX, en el marco de la XLVIII Asamblea General Ordinaria de la FMFEO.\u003C\/p\u003E\n\n\u003Cp\u003ELa delegaci\u00f3n de la UABC estuvo conformada por Claudia Janet \u00c1lvarez Garc\u00eda, Luzhelen L\u00f3pez Olivarr\u00eda, Paola Lizeth Gonz\u00e1lez Arrieta y Alan Cruz Espinoza, las y los estudiantes participaron en modalidad por equipos y modalidad virtual, realizando evaluaciones te\u00f3ricas que pusieron a prueba su preparaci\u00f3n acad\u00e9mica. Tambi\u00e9n formaron parte de un programa acad\u00e9mico que incluy\u00f3 conferencias especializadas, impartidas por expertos nacionales e internacionales, as\u00ed como actividades de formaci\u00f3n complementaria orientadas al fortalecimiento de competencias cl\u00ednicas y cient\u00edficas.\u00a0\u003C\/p\u003E\n\n\u003Cp\u003EDe manera sobresaliente, se reconoci\u00f3 a la alumna Luzhelen L\u00f3pez Olivarr\u00eda, quien obtuvo el primer lugar en el concurso individual de conocimientos, resultado que refleja su dedicaci\u00f3n, disciplina y alto nivel de formaci\u00f3n acad\u00e9mica.\u003C\/p\u003E\n\n\u003Cp\u003EEste logro es producto del esfuerzo conjunto entre estudiantes y docentes, quienes participaron en un proceso de preparaci\u00f3n acad\u00e9mica mediante asesor\u00edas, clases complementarias y acompa\u00f1amiento especializado.\u003C\/p\u003E\n\n\u003Cp\u003ELa participaci\u00f3n de la UABC en este tipo de espacios fortalece su presencia en el \u00e1mbito nacional y contribuye al desarrollo de profesionistas altamente capacitados, en alineaci\u00f3n con el Plan de Desarrollo Institucional 2023\u20132027.\u003C\/p\u003E\u003C\/div\u003E\n      \n  \n\n    \n            \u003Cdiv  class=\u0022palabras-clave\u0022\u003E\n                        \u003Ca href=\u0022\/tags\/facisalud\u0022 hreflang=\u0022es\u0022\u003EFacisalud\u003C\/a\u003E\n                \u003Ca href=\u0022\/tags\/uabc-tijuana\u0022 hreflang=\u0022es\u0022\u003EUABC Tijuana\u003C\/a\u003E\n                \u003Ca href=\u0022\/tags\/fmfeo\u0022 hreflang=\u0022es\u0022\u003EFMFEO\u003C\/a\u003E\n                \u003Ca href=\u0022\/tags\/odontologia\u0022 hreflang=\u0022es\u0022\u003EOdontolog\u00eda\u003C\/a\u003E\n      \n      \u003C\/div\u003E\n  \n\n\n  \u003C\/div\u003E\n\n  \u003C\/div\u003E\n\n  \u003Cdiv class=\u0022area-extras group-right\u0022\u003E\n        \n                          \u003Cdiv  class=\u0022enlace-blockBottom\u0022 \u003E\n      \u003Cdiv\u003EVer m\u00e1s \u003Ca href=\u0022http:\/\/gaceta.uabc.mx\/notas\u0022\u003ENotas\u003C\/a\u003E\u003C\/div\u003E\n\u003C\/div\u003E\n      \n  \n\n\n  \u003C\/div\u003E\n\n\u003C\/div\u003E\n\n","settings":null}]