[{"command":"settings","settings":{"pluralDelimiter":"\u0003","suppressDeprecationErrors":true,"ajaxPageState":{"libraries":"core\/drupal.ajax,core\/picturefill,ds\/ds_3col_equal_width","theme":"gaceta","theme_token":null},"ajaxTrustedUrl":[],"field_group":{"html_element":{"mode":"media_expanded","context":"view","settings":{"classes":"datos","show_empty_fields":false,"id":"","element":"div","show_label":false,"label_element":"h3","label_element_classes":"","attributes":"","effect":"none","speed":"fast"}}},"user":{"uid":0,"permissionsHash":"55dc977d165ab1e05e51b6cc6487f6d73e65ab536d99ee82c6990d9001d5c21c"}},"merge":true},{"command":"add_css","data":"\u003Clink rel=\u0022stylesheet\u0022 media=\u0022all\u0022 href=\u0022\/sites\/default\/files\/css\/css_mxJrjoKKAZuuB4_4f-B1u9VnFZxvSor3Az4JEdrFEso.css\u0022 \/\u003E\n\u003Clink rel=\u0022stylesheet\u0022 media=\u0022all\u0022 href=\u0022\/sites\/default\/files\/css\/css_-BXSGQpS8YTwwuXGbPoshUvZ7W-_HbYR3H7d0DA_mEY.css\u0022 \/\u003E\n\u003Clink rel=\u0022stylesheet\u0022 media=\u0022all\u0022 href=\u0022\/sites\/default\/files\/css\/css_89YreTu0npezhXSakRJR9TVHyBS9bTcyt0s3IckAe-M.css\u0022 \/\u003E\n"},{"command":"add_js","selector":"body","data":[{"src":"\/sites\/default\/files\/js\/js_9UaAhXvc9u0KYXXUw-OKyLP2baQxdV4zY3Y_KGurcvY.js"},{"src":"\/sites\/default\/files\/js\/js_oDJxUBLBzfRb_FDgNfkNOm9-tiatS2kNfxQIeVRZA7Y.js"},{"src":"\/sites\/default\/files\/js\/js_YM82KRuzNIr2X-Kb8pQW8cOcSbWgQ_QGKclTYJ_aMlI.js"},{"src":"\/sites\/default\/files\/js\/js_pqqsPPmPmxKgamY6qk_WSawtL05XH_yAY8GkPHVyahI.js"}]},{"command":"insert","method":"replaceWith","selector":".view-mode-full","data":"\u003Cdiv data-history-node-id=\u002224358\u0022 class=\u0022contenido view-mode-media_expanded ds-3col-equal clearfix\u0022\u003E\n\n  \n\n  \u003Cdiv class=\u0022area-medios group-left\u0022\u003E\n        \n                          \u003Cdiv  class=\u0022imagen\u0022 \u003E\n          \u003Cpicture\u003E\n                  \u003Csource srcset=\u0022\/sites\/default\/files\/styles\/max_650x650\/public\/notas\/2026-03-23\/Congreso%20odonto.webp?itok=DHrIsDbP 650w, \/sites\/default\/files\/styles\/max_1300x1300\/public\/notas\/2026-03-23\/Congreso%20odonto.webp?itok=YZtK5K-i 1300w, \/sites\/default\/files\/styles\/max_1900x1900\/public\/notas\/2026-03-23\/Congreso%20odonto.webp?itok=F4xt4Cy5 1420w\u0022 type=\u0022image\/webp\u0022 sizes=\u0022100vw\u0022\/\u003E\n              \u003Csource srcset=\u0022\/sites\/default\/files\/styles\/max_650x650\/public\/notas\/2026-03-23\/Congreso%20odonto.png?itok=DHrIsDbP 650w, \/sites\/default\/files\/styles\/max_1300x1300\/public\/notas\/2026-03-23\/Congreso%20odonto.png?itok=YZtK5K-i 1300w, \/sites\/default\/files\/styles\/max_1900x1900\/public\/notas\/2026-03-23\/Congreso%20odonto.png?itok=F4xt4Cy5 1420w\u0022 type=\u0022image\/png\u0022 sizes=\u0022100vw\u0022\/\u003E\n                  \u003Cimg srcset=\u0022\/sites\/default\/files\/styles\/max_650x650\/public\/notas\/2026-03-23\/Congreso%20odonto.png?itok=DHrIsDbP 650w, \/sites\/default\/files\/styles\/max_1300x1300\/public\/notas\/2026-03-23\/Congreso%20odonto.png?itok=YZtK5K-i 1300w, \/sites\/default\/files\/styles\/max_1900x1900\/public\/notas\/2026-03-23\/Congreso%20odonto.png?itok=F4xt4Cy5 1420w\u0022 sizes=\u0022100vw\u0022 src=\u0022\/sites\/default\/files\/styles\/max_1300x1300\/public\/notas\/2026-03-23\/Congreso%20odonto.png?itok=YZtK5K-i\u0022 alt=\u0022Se inaugur\u00f3 el XIII Congreso Estudiantil de Odontolog\u00eda\u0022 typeof=\u0022foaf:Image\u0022 class=\u0022img-fluid\u0022 \/\u003E\n\n  \u003C\/picture\u003E\n\n\u003C\/div\u003E\n      \n  \n\n      \u003Cdiv  class=\u0022boton-expander\u0022\u003E\n        \n                  \u003Cdiv class=\u0022item-list\u0022\u003E\u003Cul\u003E\u003Cli\u003E\u003Ca href=\u0022\/ds-switch-view-mode\/node\/24358\/media_collapsed?selector=view-mode-media_expanded\u0022 class=\u0022use-ajax\u0022\u003E\u2191\u003C\/a\u003E\u003C\/li\u003E\u003C\/ul\u003E\u003C\/div\u003E\n      \n  \n    \u003C\/div\u003E\n\n\n  \u003C\/div\u003E\n\n  \u003Cdiv class=\u0022area-info group-middle\u0022\u003E\n    \n\u003Cdiv  class=\u0022inner\u0022\u003E\n          \n                          \u003Ch2  class=\u0022titulo\u0022 \u003E\n        Se inaugur\u00f3 el XIII Congreso Estudiantil de Odontolog\u00eda\n\u003C\/h2\u003E\n      \n  \n\n    \n                          \u003Cdiv  class=\u0022resumen\u0022 \u003E\n      Este congreso, que tiene lugar cada a\u00f1o, buscar\u00e1 sumar a la formaci\u00f3n integral del estudiantado.\u003C\/div\u003E\n      \n  \n\n\n\u003Cdiv  class=\u0022datos\u0022\u003E\n            \u003Cdiv  class=\u0022autor\u0022\u003E\n            \u003Cdiv  class=\u0022field-label-inline\u0022\u003EPor\u003C\/div\u003E\n  \n                  \u003Ca href=\u0022\/autores\/rebeca-carmona\u0022 hreflang=\u0022es\u0022\u003ERebeca Carmona\u003C\/a\u003E\n      \n  \n    \u003C\/div\u003E\n\n      \u003Cdiv  class=\u0022campus\u0022\u003E\n            \u003Cdiv  class=\u0022field-label-inline\u0022\u003ECampus\u003C\/div\u003E\n  \n                  \u003Ca href=\u0022\/campus\/tijuana\u0022 hreflang=\u0022es\u0022\u003ETijuana\u003C\/a\u003E\n      \n  \n    \u003C\/div\u003E\n\n    \n                          \u003Cdiv  class=\u0022fecha\u0022 \u003E\n      23 de Marzo de 2026\u003C\/div\u003E\n      \n  \n\n\n  \u003C\/div\u003E\n    \n                          \u003Cdiv  class=\u0022texto\u0022 \u003E\n      \u003Cp\u003EEl pasado 19 de marzo, se inaugur\u00f3 el XIII Congreso Estudiantil de Odontolog\u00eda, evento anual organizado por la Asociaci\u00f3n Dental Mexicana, la Federaci\u00f3n Nacional de Colegios de Cirujanos Dentistas A.C (ADM), en conjunto con la Facultad de Odontolog\u00eda Tijuana (FOT) de la UABC y el Centro de Educaci\u00f3n Continua UABC.\u003C\/p\u003E\n\n\u003Cp\u003ELos dos d\u00edas del congreso se enfocan en fortalecer la formaci\u00f3n integral de las y los futuros cirujanos dentistas mediante la actualizaci\u00f3n de conocimientos cient\u00edficos, tecnol\u00f3gicos y human\u00edsticos.\u00a0\u003C\/p\u003E\n\n\u003Cp\u003EDurante la ceremonia, la doctora Hayde\u00e9 Gomez Llanos Ju\u00e1rez, vicerrectora del campus Tijuana; la doctora Perla Elena N\u00fa\u00f1ez Seraf\u00edn, directora de la FOT; y el doctor Luis Camilo Villanueva Campos, presidente de la ADM, compartieron unas breves palabras dirigidas a las y los estudiantes. Adem\u00e1s, tambi\u00e9n asistieron directores, presidentes y representantes de otros colegios dentales y universidades\u00a0\u003C\/p\u003E\n\n\u003Cp\u003ELa doctora Perla Elena N\u00fa\u00f1ez destac\u00f3 que no solo es un evento m\u00e1s en el calendario, sino que es el resultado de un esfuerzo conjunto y una estrategia entre la FOT y la ADM. Tambi\u00e9n inst\u00f3 a aprovechar cada conferencia al m\u00e1ximo.\u00a0\u003C\/p\u003E\n\n\u003Cp\u003EPor su parte, el doctor Luis Camilo Villanueva agradeci\u00f3 al equipo de trabajo y se\u00f1al\u00f3 que la uni\u00f3n de la ADM con la UABC es de las m\u00e1s grandes e importantes, pues la ADM es una asociaci\u00f3n viva que necesita de las y los j\u00f3venes estudiantes para sobrevivir.\u003C\/p\u003E\n\n\u003Cp\u003EFinalmente, la vicerrectora reconoci\u00f3 el trabajo de la FOT y de la ADM, pues enriquecen a las nuevas generaciones a trav\u00e9s de actualizaciones y las formas de ejercer la odontolog\u00eda: dijo que \u201cno esperen a graduarse para actualizarse\u201d, y les motiv\u00f3 a aprovechar estas oportunidades para adquirir herramientas diferentes a las vistas en clase.\u003C\/p\u003E\n\n\u003Cp\u003EEste congreso se centrar\u00e1 en aspectos de la formaci\u00f3n integral de las y los futuros odont\u00f3logos, buscando una v\u00eda de actualizaci\u00f3n oportuna para ofrecer servicios de calidad.\u003C\/p\u003E\u003C\/div\u003E\n      \n  \n\n    \n            \u003Cdiv  class=\u0022palabras-clave\u0022\u003E\n                        \u003Ca href=\u0022\/tags\/congreso-estudiantil\u0022 hreflang=\u0022es\u0022\u003ECongreso estudiantil \u003C\/a\u003E\n                \u003Ca href=\u0022\/tags\/facultad-de-odontologia\u0022 hreflang=\u0022es\u0022\u003EFacultad de Odontolog\u00eda\u003C\/a\u003E\n                \u003Ca href=\u0022\/tags\/cirujanos-dentistas\u0022 hreflang=\u0022es\u0022\u003ECirujanos Dentistas\u003C\/a\u003E\n      \n      \u003C\/div\u003E\n  \n\n\n  \u003C\/div\u003E\n\n  \u003C\/div\u003E\n\n  \u003Cdiv class=\u0022area-extras group-right\u0022\u003E\n        \n                          \u003Cdiv  class=\u0022enlace-blockBottom\u0022 \u003E\n      \u003Cdiv\u003EVer m\u00e1s \u003Ca href=\u0022http:\/\/gaceta.uabc.mx\/notas\u0022\u003ENotas\u003C\/a\u003E\u003C\/div\u003E\n\u003C\/div\u003E\n      \n  \n\n\n  \u003C\/div\u003E\n\n\u003C\/div\u003E\n\n","settings":null}]