[{"command":"settings","settings":{"pluralDelimiter":"\u0003","suppressDeprecationErrors":true,"ajaxPageState":{"libraries":"core\/drupal.ajax,core\/picturefill,ds\/ds_3col_equal_width","theme":"gaceta","theme_token":null},"ajaxTrustedUrl":[],"field_group":{"html_element":{"mode":"media_expanded","context":"view","settings":{"classes":"datos","show_empty_fields":false,"id":"","element":"div","show_label":false,"label_element":"h3","label_element_classes":"","attributes":"","effect":"none","speed":"fast"}}},"user":{"uid":0,"permissionsHash":"55dc977d165ab1e05e51b6cc6487f6d73e65ab536d99ee82c6990d9001d5c21c"}},"merge":true},{"command":"add_css","data":"\u003Clink rel=\u0022stylesheet\u0022 media=\u0022all\u0022 href=\u0022\/sites\/default\/files\/css\/css_mxJrjoKKAZuuB4_4f-B1u9VnFZxvSor3Az4JEdrFEso.css\u0022 \/\u003E\n\u003Clink rel=\u0022stylesheet\u0022 media=\u0022all\u0022 href=\u0022\/sites\/default\/files\/css\/css_-BXSGQpS8YTwwuXGbPoshUvZ7W-_HbYR3H7d0DA_mEY.css\u0022 \/\u003E\n\u003Clink rel=\u0022stylesheet\u0022 media=\u0022all\u0022 href=\u0022\/sites\/default\/files\/css\/css_89YreTu0npezhXSakRJR9TVHyBS9bTcyt0s3IckAe-M.css\u0022 \/\u003E\n"},{"command":"add_js","selector":"body","data":[{"src":"\/sites\/default\/files\/js\/js_9UaAhXvc9u0KYXXUw-OKyLP2baQxdV4zY3Y_KGurcvY.js"},{"src":"\/sites\/default\/files\/js\/js_oDJxUBLBzfRb_FDgNfkNOm9-tiatS2kNfxQIeVRZA7Y.js"},{"src":"\/sites\/default\/files\/js\/js_YM82KRuzNIr2X-Kb8pQW8cOcSbWgQ_QGKclTYJ_aMlI.js"},{"src":"\/sites\/default\/files\/js\/js_pqqsPPmPmxKgamY6qk_WSawtL05XH_yAY8GkPHVyahI.js"}]},{"command":"insert","method":"replaceWith","selector":".view-mode-full","data":"\u003Cdiv data-history-node-id=\u002224362\u0022 class=\u0022contenido view-mode-media_expanded ds-3col-equal clearfix\u0022\u003E\n\n  \n\n  \u003Cdiv class=\u0022area-medios group-left\u0022\u003E\n        \n                          \u003Cdiv  class=\u0022imagen\u0022 \u003E\n          \u003Cpicture\u003E\n                  \u003Csource srcset=\u0022\/sites\/default\/files\/styles\/max_650x650\/public\/notas\/2026-03-23\/PORTADA%20AGUAFEST.webp?itok=sy1pj1TU 650w, \/sites\/default\/files\/styles\/max_1300x1300\/public\/notas\/2026-03-23\/PORTADA%20AGUAFEST.webp?itok=EhV9zJ7A 1300w, \/sites\/default\/files\/styles\/max_1900x1900\/public\/notas\/2026-03-23\/PORTADA%20AGUAFEST.webp?itok=_OLYqg8- 1420w\u0022 type=\u0022image\/webp\u0022 sizes=\u0022100vw\u0022\/\u003E\n              \u003Csource srcset=\u0022\/sites\/default\/files\/styles\/max_650x650\/public\/notas\/2026-03-23\/PORTADA%20AGUAFEST.png?itok=sy1pj1TU 650w, \/sites\/default\/files\/styles\/max_1300x1300\/public\/notas\/2026-03-23\/PORTADA%20AGUAFEST.png?itok=EhV9zJ7A 1300w, \/sites\/default\/files\/styles\/max_1900x1900\/public\/notas\/2026-03-23\/PORTADA%20AGUAFEST.png?itok=_OLYqg8- 1420w\u0022 type=\u0022image\/png\u0022 sizes=\u0022100vw\u0022\/\u003E\n                  \u003Cimg srcset=\u0022\/sites\/default\/files\/styles\/max_650x650\/public\/notas\/2026-03-23\/PORTADA%20AGUAFEST.png?itok=sy1pj1TU 650w, \/sites\/default\/files\/styles\/max_1300x1300\/public\/notas\/2026-03-23\/PORTADA%20AGUAFEST.png?itok=EhV9zJ7A 1300w, \/sites\/default\/files\/styles\/max_1900x1900\/public\/notas\/2026-03-23\/PORTADA%20AGUAFEST.png?itok=_OLYqg8- 1420w\u0022 sizes=\u0022100vw\u0022 src=\u0022\/sites\/default\/files\/styles\/max_1300x1300\/public\/notas\/2026-03-23\/PORTADA%20AGUAFEST.png?itok=EhV9zJ7A\u0022 alt=\u0022AGUA FEST 2026: UABC impulsa conciencia h\u00edbrida con ciencia, talleres y participaci\u00f3n estudiantil\u0022 typeof=\u0022foaf:Image\u0022 class=\u0022img-fluid\u0022 \/\u003E\n\n  \u003C\/picture\u003E\n\n\u003C\/div\u003E\n      \n  \n\n      \u003Cdiv  class=\u0022boton-expander\u0022\u003E\n        \n                  \u003Cdiv class=\u0022item-list\u0022\u003E\u003Cul\u003E\u003Cli\u003E\u003Ca href=\u0022\/ds-switch-view-mode\/node\/24362\/media_collapsed?selector=view-mode-media_expanded\u0022 class=\u0022use-ajax\u0022\u003E\u2191\u003C\/a\u003E\u003C\/li\u003E\u003C\/ul\u003E\u003C\/div\u003E\n      \n  \n    \u003C\/div\u003E\n\n\n  \u003C\/div\u003E\n\n  \u003Cdiv class=\u0022area-info group-middle\u0022\u003E\n    \n\u003Cdiv  class=\u0022inner\u0022\u003E\n          \n                          \u003Ch2  class=\u0022titulo\u0022 \u003E\n        AGUA FEST 2026: UABC fortalece conciencia h\u00edbrida con ciencia, talleres y participaci\u00f3n estudiantil\n\u003C\/h2\u003E\n      \n  \n\n    \n                          \u003Cdiv  class=\u0022resumen\u0022 \u003E\n      Reuni\u00f3 a la comunidad estudiantil de bachillerato en una jornada de pl\u00e1ticas, talleres y actividades enfocadas en la concientizaci\u00f3n, el uso responsable y la b\u00fasqueda de soluciones ante la problem\u00e1tica del agua en Baja California.\u003C\/div\u003E\n      \n  \n\n\n\u003Cdiv  class=\u0022datos\u0022\u003E\n            \u003Cdiv  class=\u0022autor\u0022\u003E\n            \u003Cdiv  class=\u0022field-label-inline\u0022\u003EPor\u003C\/div\u003E\n  \n                  \u003Ca href=\u0022\/autores\/diana-laura-hernandez-rivera\u0022 hreflang=\u0022es\u0022\u003EDiana Laura Hern\u00e1ndez Rivera\u003C\/a\u003E\n      \n  \n    \u003C\/div\u003E\n\n      \u003Cdiv  class=\u0022campus\u0022\u003E\n            \u003Cdiv  class=\u0022field-label-inline\u0022\u003ECampus\u003C\/div\u003E\n  \n                  \u003Ca href=\u0022\/campus\/tijuana\u0022 hreflang=\u0022es\u0022\u003ETijuana\u003C\/a\u003E\n      \n  \n    \u003C\/div\u003E\n\n    \n                          \u003Cdiv  class=\u0022fecha\u0022 \u003E\n      23 de Marzo de 2026\u003C\/div\u003E\n      \n  \n\n\n  \u003C\/div\u003E\n    \n                          \u003Cdiv  class=\u0022texto\u0022 \u003E\n      \u003Cp\u003EEn el marco de la conmemoraci\u00f3n del mes del agua, la UABC llev\u00f3 a cabo el AGUA FEST 2026, un evento acad\u00e9mico y formativo enfocado en promover el uso responsable, la conservaci\u00f3n y el manejo sostenible del agua.\u00a0\u003C\/p\u003E\n\n\u003Cp\u003EOrganizado de manera colaborativa entre el Gobierno del Estado; el Centro de Investigaci\u00f3n del Agua (CIAGUABC); la Facultad de Ciencias Qu\u00edmicas e Ingenier\u00eda (FCQI); la Facultad de Odontolog\u00eda Tijuana (FOT); y otras unidades acad\u00e9micas, el encuentro reuni\u00f3 a estudiantes, docentes e investigadores en la Sala de lectura del campus Tijuana.\u003C\/p\u003E\n\n\u003Cp\u003EDurante la inauguraci\u00f3n, autoridades universitarias destacaron la importancia de generar conciencia sobre la crisis h\u00eddrica que enfrenta la regi\u00f3n. En representaci\u00f3n de la direcci\u00f3n de la FCQI, la doctora Alejandra Lliana Mu\u00f1oz subray\u00f3 que \u201cel agua es un recurso fundamental, determinante para la salud, el desarrollo y la equidad\u201d, enfatizando la necesidad de abordarlo desde la ciencia, la innovaci\u00f3n y la responsabilidad social.\u003C\/p\u003E\n\n\u003Cp\u003EDe igual manera, se destac\u00f3 que Baja California enfrenta condiciones complejas debido a su clima semi\u00e1rido, la creciente demanda urbana e industrial y la dependencia de fuentes externas de abastecimiento, lo que convierte al tema del agua en un reto urgente y cotidiano.\u003C\/p\u003E\n\n\u003Cp\u003EEl programa incluy\u00f3 diversas actividades entre pl\u00e1ticas sobre qu\u00edmica ambiental y gesti\u00f3n de laboratorios, talleres especializados en temas como hidrogeles para plantas, electroqu\u00edmica aplicada al tratamiento de agua, biofiltros, pol\u00edmeros inteligentes y procesos de saneamiento.\u00a0\u00a0\u003C\/p\u003E\n\n\u003Cp\u003EAdem\u00e1s, se llev\u00f3 a cabo el Reto AQUATON 2026, una din\u00e1mica enfocada en la generaci\u00f3n de propuestas innovadoras para el cuidado del agua, culminando con una ceremonia de premiaci\u00f3n y clausura.\u003C\/p\u003E\n\n\u003Cp\u003EPor su parte, representantes del CIAGUABC enfatizaron que garantizar el acceso a este recurso es una responsabilidad compartida entre sociedad, gobierno e instituciones, se\u00f1alando que \u201cel agua no es un recurso infinito, es un pr\u00e9stamo que debemos devolver en las mejores condiciones a las futuras generaciones\u201d.\u003C\/p\u003E\n\n\u003Cp\u003EEl evento concluy\u00f3 con una invitaci\u00f3n a la comunidad estudiantil a convertirse en agentes de cambio, promoviendo acciones concretas que contribuyan a la sostenibilidad h\u00eddrica de la regi\u00f3n.\u003C\/p\u003E\u003C\/div\u003E\n      \n  \n\n    \n            \u003Cdiv  class=\u0022palabras-clave\u0022\u003E\n                        \u003Ca href=\u0022\/tags\/facultad-de-odontologia\u0022 hreflang=\u0022es\u0022\u003EFacultad de Odontolog\u00eda\u003C\/a\u003E\n                \u003Ca href=\u0022\/tags\/fcqi\u0022 hreflang=\u0022es\u0022\u003EFCQI\u003C\/a\u003E\n                \u003Ca href=\u0022\/tags\/evento-mes-del-agua\u0022 hreflang=\u0022es\u0022\u003EEvento mes del agua\u003C\/a\u003E\n                \u003Ca href=\u0022\/tags\/ciaguabc\u0022 hreflang=\u0022es\u0022\u003ECIAGUABC\u003C\/a\u003E\n      \n      \u003C\/div\u003E\n  \n\n\n  \u003C\/div\u003E\n\n  \u003C\/div\u003E\n\n  \u003Cdiv class=\u0022area-extras group-right\u0022\u003E\n        \n                          \u003Cdiv  class=\u0022enlace-blockBottom\u0022 \u003E\n      \u003Cdiv\u003EVer m\u00e1s \u003Ca href=\u0022http:\/\/gaceta.uabc.mx\/notas\u0022\u003ENotas\u003C\/a\u003E\u003C\/div\u003E\n\u003C\/div\u003E\n      \n  \n\n\n  \u003C\/div\u003E\n\n\u003C\/div\u003E\n\n","settings":null}]