[{"command":"settings","settings":{"pluralDelimiter":"\u0003","suppressDeprecationErrors":true,"ajaxPageState":{"libraries":"core\/drupal.ajax,core\/picturefill,ds\/ds_3col_equal_width","theme":"gaceta","theme_token":null},"ajaxTrustedUrl":[],"field_group":{"html_element":{"mode":"media_expanded","context":"view","settings":{"classes":"datos","show_empty_fields":false,"id":"","element":"div","show_label":false,"label_element":"h3","label_element_classes":"","attributes":"","effect":"none","speed":"fast"}}},"user":{"uid":0,"permissionsHash":"55dc977d165ab1e05e51b6cc6487f6d73e65ab536d99ee82c6990d9001d5c21c"}},"merge":true},{"command":"add_css","data":"\u003Clink rel=\u0022stylesheet\u0022 media=\u0022all\u0022 href=\u0022\/sites\/default\/files\/css\/css_mxJrjoKKAZuuB4_4f-B1u9VnFZxvSor3Az4JEdrFEso.css\u0022 \/\u003E\n\u003Clink rel=\u0022stylesheet\u0022 media=\u0022all\u0022 href=\u0022\/sites\/default\/files\/css\/css_-BXSGQpS8YTwwuXGbPoshUvZ7W-_HbYR3H7d0DA_mEY.css\u0022 \/\u003E\n\u003Clink rel=\u0022stylesheet\u0022 media=\u0022all\u0022 href=\u0022\/sites\/default\/files\/css\/css_89YreTu0npezhXSakRJR9TVHyBS9bTcyt0s3IckAe-M.css\u0022 \/\u003E\n"},{"command":"add_js","selector":"body","data":[{"src":"\/sites\/default\/files\/js\/js_9UaAhXvc9u0KYXXUw-OKyLP2baQxdV4zY3Y_KGurcvY.js"},{"src":"\/sites\/default\/files\/js\/js_oDJxUBLBzfRb_FDgNfkNOm9-tiatS2kNfxQIeVRZA7Y.js"},{"src":"\/sites\/default\/files\/js\/js_YM82KRuzNIr2X-Kb8pQW8cOcSbWgQ_QGKclTYJ_aMlI.js"},{"src":"\/sites\/default\/files\/js\/js_pqqsPPmPmxKgamY6qk_WSawtL05XH_yAY8GkPHVyahI.js"}]},{"command":"insert","method":"replaceWith","selector":".view-mode-full","data":"\u003Cdiv data-history-node-id=\u002224382\u0022 class=\u0022contenido view-mode-media_expanded ds-3col-equal clearfix\u0022\u003E\n\n  \n\n  \u003Cdiv class=\u0022area-medios group-left\u0022\u003E\n        \n                          \u003Cdiv  class=\u0022imagen\u0022 \u003E\n          \u003Cpicture\u003E\n                  \u003Csource srcset=\u0022\/sites\/default\/files\/styles\/max_650x650\/public\/notas\/2026-03-24\/PORTADA%20Peque%C3%B1as%20miradas%2C%20grandes%20patrimonios.webp?itok=Y5J3_Qem 650w, \/sites\/default\/files\/styles\/max_1300x1300\/public\/notas\/2026-03-24\/PORTADA%20Peque%C3%B1as%20miradas%2C%20grandes%20patrimonios.webp?itok=wQKAJgsS 1300w, \/sites\/default\/files\/styles\/max_1900x1900\/public\/notas\/2026-03-24\/PORTADA%20Peque%C3%B1as%20miradas%2C%20grandes%20patrimonios.webp?itok=TAV1JCX1 1420w\u0022 type=\u0022image\/webp\u0022 sizes=\u0022100vw\u0022\/\u003E\n              \u003Csource srcset=\u0022\/sites\/default\/files\/styles\/max_650x650\/public\/notas\/2026-03-24\/PORTADA%20Peque%C3%B1as%20miradas%2C%20grandes%20patrimonios.png?itok=Y5J3_Qem 650w, \/sites\/default\/files\/styles\/max_1300x1300\/public\/notas\/2026-03-24\/PORTADA%20Peque%C3%B1as%20miradas%2C%20grandes%20patrimonios.png?itok=wQKAJgsS 1300w, \/sites\/default\/files\/styles\/max_1900x1900\/public\/notas\/2026-03-24\/PORTADA%20Peque%C3%B1as%20miradas%2C%20grandes%20patrimonios.png?itok=TAV1JCX1 1420w\u0022 type=\u0022image\/png\u0022 sizes=\u0022100vw\u0022\/\u003E\n                  \u003Cimg srcset=\u0022\/sites\/default\/files\/styles\/max_650x650\/public\/notas\/2026-03-24\/PORTADA%20Peque%C3%B1as%20miradas%2C%20grandes%20patrimonios.png?itok=Y5J3_Qem 650w, \/sites\/default\/files\/styles\/max_1300x1300\/public\/notas\/2026-03-24\/PORTADA%20Peque%C3%B1as%20miradas%2C%20grandes%20patrimonios.png?itok=wQKAJgsS 1300w, \/sites\/default\/files\/styles\/max_1900x1900\/public\/notas\/2026-03-24\/PORTADA%20Peque%C3%B1as%20miradas%2C%20grandes%20patrimonios.png?itok=TAV1JCX1 1420w\u0022 sizes=\u0022100vw\u0022 src=\u0022\/sites\/default\/files\/styles\/max_1300x1300\/public\/notas\/2026-03-24\/PORTADA%20Peque%C3%B1as%20miradas%2C%20grandes%20patrimonios.png?itok=wQKAJgsS\u0022 alt=\u0022\u201cPeque\u00f1as miradas, grandes patrimonios\u201d: UABC acerca la arquitectura a ni\u00f1as y ni\u00f1os en Tecate\u0022 typeof=\u0022foaf:Image\u0022 class=\u0022img-fluid\u0022 \/\u003E\n\n  \u003C\/picture\u003E\n\n\u003C\/div\u003E\n      \n  \n\n      \u003Cdiv  class=\u0022boton-expander\u0022\u003E\n        \n                  \u003Cdiv class=\u0022item-list\u0022\u003E\u003Cul\u003E\u003Cli\u003E\u003Ca href=\u0022\/ds-switch-view-mode\/node\/24382\/media_collapsed?selector=view-mode-media_expanded\u0022 class=\u0022use-ajax\u0022\u003E\u2191\u003C\/a\u003E\u003C\/li\u003E\u003C\/ul\u003E\u003C\/div\u003E\n      \n  \n    \u003C\/div\u003E\n\n\n  \u003C\/div\u003E\n\n  \u003Cdiv class=\u0022area-info group-middle\u0022\u003E\n    \n\u003Cdiv  class=\u0022inner\u0022\u003E\n          \n                          \u003Ch2  class=\u0022titulo\u0022 \u003E\n        \u201cPeque\u00f1as miradas, grandes patrimonios\u201d: UABC acerca la arquitectura a ni\u00f1as y ni\u00f1os en Tecate\n\u003C\/h2\u003E\n      \n  \n\n    \n                          \u003Cdiv  class=\u0022resumen\u0022 \u003E\n      Estudiantes de arquitectura de la UABC integraron a ni\u00f1as y ni\u00f1os al patrimonio arquitect\u00f3nico de Baja California mediante actividades creativas que fomentaron su curiosidad, la identidad y el aprendizaje.\u003C\/div\u003E\n      \n  \n\n\n\u003Cdiv  class=\u0022datos\u0022\u003E\n            \u003Cdiv  class=\u0022autor\u0022\u003E\n            \u003Cdiv  class=\u0022field-label-inline\u0022\u003EPor\u003C\/div\u003E\n  \n                  \u003Ca href=\u0022\/autores\/diana-laura-hernandez-rivera\u0022 hreflang=\u0022es\u0022\u003EDiana Laura Hern\u00e1ndez Rivera\u003C\/a\u003E\n      \n  \n    \u003C\/div\u003E\n\n      \u003Cdiv  class=\u0022campus\u0022\u003E\n            \u003Cdiv  class=\u0022field-label-inline\u0022\u003ECampus\u003C\/div\u003E\n  \n                  \u003Ca href=\u0022\/campus\/tijuana\u0022 hreflang=\u0022es\u0022\u003ETijuana\u003C\/a\u003E\n      \n  \n    \u003C\/div\u003E\n\n    \n                          \u003Cdiv  class=\u0022fecha\u0022 \u003E\n      25 de Marzo de 2026\u003C\/div\u003E\n      \n  \n\n\n  \u003C\/div\u003E\n    \n                          \u003Cdiv  class=\u0022texto\u0022 \u003E\n      \u003Cp\u003ECon el prop\u00f3sito de acercar a las infancias a una nueva forma de observar, valorar y comprender el patrimonio arquitect\u00f3nico de Baja California, estudiantes de la carrera de arquitectura de la Facultad de Ciencias de la Ingenier\u00eda y la Tecnolog\u00eda (FCITEC) de la UABC realizaron el taller \u201cPeque\u00f1as miradas, grandes patrimonios\u201d en Tecate.\u003C\/p\u003E\n\n\u003Cp\u003ELa actividad se llev\u00f3 a cabo en la Escuela Primaria Federal Leona Vicario, donde participaron 30 ni\u00f1as y ni\u00f1os de nivel primaria. Este proyecto form\u00f3 parte de la convocatoria de Apoyo a la Creaci\u00f3n de Proyectos Art\u00edsticos y de Divulgaci\u00f3n de la Ciencia PULSAR 2025.\u003C\/p\u003E\n\n\u003Cp\u003EDurante la jornada, realizada de 8:30 a 12:00 horas, las y los participantes trabajaron con materiales como papel, tijeras y pegamento para construir maquetas de algunos de los inmuebles m\u00e1s representativos del patrimonio cultural del estado. Entre ellos destacaron el Antiguo Palacio Municipal; la Casa de la Cultura de Tijuana; la Escuela Primaria Federal Leona Vicario; la Rector\u00eda de la UABC en Mexicali; el Centro Social, C\u00edvico y Cultural Riviera de Ensenada; y la Antigua Estaci\u00f3n Misional de Tecate.\u003C\/p\u003E\n\n\u003Cp\u003EM\u00e1s all\u00e1 de la actividad art\u00edstica, el taller permiti\u00f3 que las ni\u00f1as y los ni\u00f1os reconocieran su entorno desde una perspectiva distinta, relacionando formas, historias y espacios cotidianos, en un ejercicio que foment\u00f3 la curiosidad, la creatividad y el sentido de pertenencia.\u003C\/p\u003E\n\n\u003Cp\u003EEl proyecto fue desarrollado por las y los estudiantes de arquitectura Salma Ximena Ram\u00edrez Cisneros, Cinthia Melissa Castro Verdugo, Yaraset Ruiz Gonz\u00e1lez, Iathziry Mart\u00ednez Jos\u00e9 y Max Farrid Carre Zapi\u00e9n, quienes realizaron previamente la investigaci\u00f3n hist\u00f3rica de los inmuebles, as\u00ed como su dise\u00f1o y adaptaci\u00f3n a un lenguaje accesible para el p\u00fablico infantil.\u003C\/p\u003E\n\n\u003Cp\u003EGracias a este trabajo, el patrimonio dej\u00f3 de percibirse como un concepto complejo y se convirti\u00f3 en una experiencia cercana y comprensible, demostrando que, a trav\u00e9s de la creatividad, es posible generar un impacto significativo en la forma en que las nuevas generaciones valoran su entorno. La actividad tuvo un\u00a0 beneficio directo al atender a 30 ni\u00f1as y ni\u00f1os, sin requerir un acto protocolario formal, centrando su impacto en la experiencia educativa y cultural.\u003C\/p\u003E\u003C\/div\u003E\n      \n  \n\n    \n            \u003Cdiv  class=\u0022palabras-clave\u0022\u003E\n                        \u003Ca href=\u0022\/tags\/uabc\u0022 hreflang=\u0022es\u0022\u003EUABC\u003C\/a\u003E\n                \u003Ca href=\u0022\/tags\/pulsar-2025\u0022 hreflang=\u0022es\u0022\u003EPulsar 2025\u003C\/a\u003E\n                \u003Ca href=\u0022\/tags\/tecate\u0022 hreflang=\u0022es\u0022\u003ETecate\u003C\/a\u003E\n                \u003Ca href=\u0022\/tags\/infancias\u0022 hreflang=\u0022es\u0022\u003EInfancias\u003C\/a\u003E\n                \u003Ca href=\u0022\/tags\/taller\u0022 hreflang=\u0022es\u0022\u003ETaller\u003C\/a\u003E\n                \u003Ca href=\u0022\/tags\/creatividad\u0022 hreflang=\u0022es\u0022\u003Ecreatividad\u003C\/a\u003E\n                \u003Ca href=\u0022\/tags\/fcitec\u0022 hreflang=\u0022es\u0022\u003EFCITEC\u003C\/a\u003E\n      \n      \u003C\/div\u003E\n  \n\n\n  \u003C\/div\u003E\n\n  \u003C\/div\u003E\n\n  \u003Cdiv class=\u0022area-extras group-right\u0022\u003E\n        \n                          \u003Cdiv  class=\u0022enlace-blockBottom\u0022 \u003E\n      \u003Cdiv\u003EVer m\u00e1s \u003Ca href=\u0022http:\/\/gaceta.uabc.mx\/notas\u0022\u003ENotas\u003C\/a\u003E\u003C\/div\u003E\n\u003C\/div\u003E\n      \n  \n\n\n  \u003C\/div\u003E\n\n\u003C\/div\u003E\n\n","settings":null}]