[{"command":"settings","settings":{"pluralDelimiter":"\u0003","suppressDeprecationErrors":true,"ajaxPageState":{"libraries":"core\/drupal.ajax,core\/picturefill,ds\/ds_3col_equal_width","theme":"gaceta","theme_token":null},"ajaxTrustedUrl":[],"field_group":{"html_element":{"mode":"media_expanded","context":"view","settings":{"classes":"datos","show_empty_fields":false,"id":"","element":"div","show_label":false,"label_element":"h3","label_element_classes":"","attributes":"","effect":"none","speed":"fast"}}},"user":{"uid":0,"permissionsHash":"55dc977d165ab1e05e51b6cc6487f6d73e65ab536d99ee82c6990d9001d5c21c"}},"merge":true},{"command":"add_css","data":"\u003Clink rel=\u0022stylesheet\u0022 media=\u0022all\u0022 href=\u0022\/sites\/default\/files\/css\/css_mxJrjoKKAZuuB4_4f-B1u9VnFZxvSor3Az4JEdrFEso.css\u0022 \/\u003E\n\u003Clink rel=\u0022stylesheet\u0022 media=\u0022all\u0022 href=\u0022\/sites\/default\/files\/css\/css_-BXSGQpS8YTwwuXGbPoshUvZ7W-_HbYR3H7d0DA_mEY.css\u0022 \/\u003E\n\u003Clink rel=\u0022stylesheet\u0022 media=\u0022all\u0022 href=\u0022\/sites\/default\/files\/css\/css_89YreTu0npezhXSakRJR9TVHyBS9bTcyt0s3IckAe-M.css\u0022 \/\u003E\n"},{"command":"add_js","selector":"body","data":[{"src":"\/sites\/default\/files\/js\/js_9UaAhXvc9u0KYXXUw-OKyLP2baQxdV4zY3Y_KGurcvY.js"},{"src":"\/sites\/default\/files\/js\/js_oDJxUBLBzfRb_FDgNfkNOm9-tiatS2kNfxQIeVRZA7Y.js"},{"src":"\/sites\/default\/files\/js\/js_YM82KRuzNIr2X-Kb8pQW8cOcSbWgQ_QGKclTYJ_aMlI.js"},{"src":"\/sites\/default\/files\/js\/js_pqqsPPmPmxKgamY6qk_WSawtL05XH_yAY8GkPHVyahI.js"}]},{"command":"insert","method":"replaceWith","selector":".view-mode-full","data":"\u003Cdiv data-history-node-id=\u002224394\u0022 class=\u0022contenido view-mode-media_expanded ds-3col-equal clearfix\u0022\u003E\n\n  \n\n  \u003Cdiv class=\u0022area-medios group-left\u0022\u003E\n        \n                          \u003Cdiv  class=\u0022imagen\u0022 \u003E\n          \u003Cpicture\u003E\n                  \u003Csource srcset=\u0022\/sites\/default\/files\/styles\/max_650x650\/public\/notas\/2026-03-26\/Facisalud%20.webp?itok=dI5PgySN 650w, \/sites\/default\/files\/styles\/max_1300x1300\/public\/notas\/2026-03-26\/Facisalud%20.webp?itok=BWbae3xY 1300w, \/sites\/default\/files\/styles\/max_1900x1900\/public\/notas\/2026-03-26\/Facisalud%20.webp?itok=HG2FqEJo 1420w\u0022 type=\u0022image\/webp\u0022 sizes=\u0022100vw\u0022\/\u003E\n              \u003Csource srcset=\u0022\/sites\/default\/files\/styles\/max_650x650\/public\/notas\/2026-03-26\/Facisalud%20.png?itok=dI5PgySN 650w, \/sites\/default\/files\/styles\/max_1300x1300\/public\/notas\/2026-03-26\/Facisalud%20.png?itok=BWbae3xY 1300w, \/sites\/default\/files\/styles\/max_1900x1900\/public\/notas\/2026-03-26\/Facisalud%20.png?itok=HG2FqEJo 1420w\u0022 type=\u0022image\/png\u0022 sizes=\u0022100vw\u0022\/\u003E\n                  \u003Cimg srcset=\u0022\/sites\/default\/files\/styles\/max_650x650\/public\/notas\/2026-03-26\/Facisalud%20.png?itok=dI5PgySN 650w, \/sites\/default\/files\/styles\/max_1300x1300\/public\/notas\/2026-03-26\/Facisalud%20.png?itok=BWbae3xY 1300w, \/sites\/default\/files\/styles\/max_1900x1900\/public\/notas\/2026-03-26\/Facisalud%20.png?itok=HG2FqEJo 1420w\u0022 sizes=\u0022100vw\u0022 src=\u0022\/sites\/default\/files\/styles\/max_1300x1300\/public\/notas\/2026-03-26\/Facisalud%20.png?itok=BWbae3xY\u0022 alt=\u0022D\u00eda internacional de la mujer: importancia de la mujer en diferentes \u00e1mbitos de la salud\u0022 typeof=\u0022foaf:Image\u0022 class=\u0022img-fluid\u0022 \/\u003E\n\n  \u003C\/picture\u003E\n\n\u003C\/div\u003E\n      \n  \n\n      \u003Cdiv  class=\u0022boton-expander\u0022\u003E\n        \n                  \u003Cdiv class=\u0022item-list\u0022\u003E\u003Cul\u003E\u003Cli\u003E\u003Ca href=\u0022\/ds-switch-view-mode\/node\/24394\/media_collapsed?selector=view-mode-media_expanded\u0022 class=\u0022use-ajax\u0022\u003E\u2191\u003C\/a\u003E\u003C\/li\u003E\u003C\/ul\u003E\u003C\/div\u003E\n      \n  \n    \u003C\/div\u003E\n\n\n  \u003C\/div\u003E\n\n  \u003Cdiv class=\u0022area-info group-middle\u0022\u003E\n    \n\u003Cdiv  class=\u0022inner\u0022\u003E\n          \n                          \u003Ch2  class=\u0022titulo\u0022 \u003E\n        D\u00eda internacional de la mujer: importancia de la mujer en diferentes \u00e1mbitos de la salud\n\u003C\/h2\u003E\n      \n  \n\n    \n                          \u003Cdiv  class=\u0022resumen\u0022 \u003E\n      La mujer en la sociedad: impulsando el liderazgo femenino a trav\u00e9s de di\u00e1logo, aprendizaje y reflexi\u00f3n en la salud.\u003C\/div\u003E\n      \n  \n\n\n\u003Cdiv  class=\u0022datos\u0022\u003E\n            \u003Cdiv  class=\u0022autor\u0022\u003E\n            \u003Cdiv  class=\u0022field-label-inline\u0022\u003EPor\u003C\/div\u003E\n  \n                  \u003Ca href=\u0022\/autores\/andrea-areli-martinez-montano-con-informacion-de-cesar-quiterio-0\u0022 hreflang=\u0022es\u0022\u003EAndrea Areli Martinez Monta\u00f1o con informaci\u00f3n de C\u00e9sar Quiterio \u003C\/a\u003E\n      \n  \n    \u003C\/div\u003E\n\n      \u003Cdiv  class=\u0022campus\u0022\u003E\n            \u003Cdiv  class=\u0022field-label-inline\u0022\u003ECampus\u003C\/div\u003E\n  \n                  \u003Ca href=\u0022\/campus\/tijuana\u0022 hreflang=\u0022es\u0022\u003ETijuana\u003C\/a\u003E\n      \n  \n    \u003C\/div\u003E\n\n    \n                          \u003Cdiv  class=\u0022fecha\u0022 \u003E\n      26 de Marzo de 2026\u003C\/div\u003E\n      \n  \n\n\n  \u003C\/div\u003E\n    \n                          \u003Cdiv  class=\u0022texto\u0022 \u003E\n      \u003Cp\u003ECon el prop\u00f3sito de generar espacios de di\u00e1logo, aprendizaje y reflexi\u00f3n sobre temas relevantes para la salud y el papel de la mujer en la sociedad, la Facultad de Ciencias de la Salud, de la UABC Valle de las Palmas, llev\u00f3 a cabo una jornada acad\u00e9mica conmemorando el D\u00eda Internacional de la Mujer, organizada por la Sociedad de Alumnos.\u003C\/p\u003E\n\n\u003Cp\u003ELa jornada inici\u00f3 con la conferencia \u201cFeminismo: fundamentos e impacto en la salud y la educaci\u00f3n\u201d, impartida por la doctora Ana Jazm\u00edn Castro Alameda, donde se analizaron las bases conceptuales del feminismo y su influencia en los sistemas educativos y de salud. Tambi\u00e9n la doctora Claudia Ram\u00f3n Granados, desarroll\u00f3 temas como la actualizaci\u00f3n en salud integral femenina en el primer nivel de atenci\u00f3n, as\u00ed como la importancia de la prevenci\u00f3n en la mujer universitaria, abordando mitos y realidades sobre el uso de m\u00e9todos anticonceptivos.\u003C\/p\u003E\n\n\u003Cp\u003EAsimismo, se present\u00f3 la conferencia \u201cInterrupci\u00f3n del embarazo: abordaje cl\u00ednico y marco legal vigente\u201d, a cargo del doctor Manuel Alberto Castro Zamora, donde se discutieron aspectos cl\u00ednicos y normativos relevantes en la pr\u00e1ctica profesional.\u003C\/p\u003E\n\n\u003Cp\u003ELas siguientes ponentes, las doctoras Cynthia Lizbeth Ruiz Bugarin, Mar\u00eda Luisa Garc\u00eda Gomar, Lidia Casta\u00f1eda Gonz\u00e1lez y Claudia Yadira de la Tejera Hern\u00e1ndez, presentaron el conversatorio \u201cToma de decisiones y liderazgo femenino en ciencias de la salud\u201d, en el que se reunieron profesionales para compartir experiencias reales sobre lo que implica liderar en el \u00e1mbito sanitario. Durante esta actividad se abordaron temas como el liderazgo, la inteligencia emocional y la toma de decisiones bajo presi\u00f3n, desde una perspectiva interdisciplinaria que refleja la realidad del trabajo en equipo en salud.\u00a0\u003C\/p\u003E\n\n\u003Cp\u003EEste encuentro fue dise\u00f1ado para inspirar, reflexionar y fortalecer las habilidades de las futuras profesionales, reconociendo el impacto del liderazgo femenino en la atenci\u00f3n y el bienestar de las y los pacientes, destacando que liderar tambi\u00e9n implica cuidar, decidir y transformar.\u003C\/p\u003E\n\n\u003Cp\u003EComo cierre, se realiz\u00f3 un panel de mujeres profesionales del \u00e1rea de la salud, con la participaci\u00f3n de la doctora Nereyda Cruz Z\u00fa\u00f1iga, la doctora Luc\u00eda Engracia Azuara \u00c1lvarez, la maestra M\u00f3nica Guadalupe Meza Vital y la doctora Zoraida Torres Banda, quienes compartieron sus experiencias, trayectorias y reflexiones sobre los retos y oportunidades en el \u00e1mbito profesional.\u003C\/p\u003E\u003C\/div\u003E\n      \n  \n\n    \n            \u003Cdiv  class=\u0022palabras-clave\u0022\u003E\n                        \u003Ca href=\u0022\/tags\/feminismo\u0022 hreflang=\u0022es\u0022\u003EFeminismo\u003C\/a\u003E\n                \u003Ca href=\u0022\/tags\/facisalud\u0022 hreflang=\u0022es\u0022\u003EFacisalud\u003C\/a\u003E\n                \u003Ca href=\u0022\/tags\/8m\u0022 hreflang=\u0022es\u0022\u003E8M\u003C\/a\u003E\n                \u003Ca href=\u0022\/tags\/ciencias-de-la-salud\u0022 hreflang=\u0022es\u0022\u003ECiencias de la Salud\u003C\/a\u003E\n      \n      \u003C\/div\u003E\n  \n\n\n  \u003C\/div\u003E\n\n  \u003C\/div\u003E\n\n  \u003Cdiv class=\u0022area-extras group-right\u0022\u003E\n        \n                          \u003Cdiv  class=\u0022enlace-blockBottom\u0022 \u003E\n      \u003Cdiv\u003EVer m\u00e1s \u003Ca href=\u0022http:\/\/gaceta.uabc.mx\/notas\u0022\u003ENotas\u003C\/a\u003E\u003C\/div\u003E\n\u003C\/div\u003E\n      \n  \n\n\n  \u003C\/div\u003E\n\n\u003C\/div\u003E\n\n","settings":null}]