[{"command":"settings","settings":{"pluralDelimiter":"\u0003","suppressDeprecationErrors":true,"ajaxPageState":{"libraries":"core\/drupal.ajax,core\/picturefill,ds\/ds_3col_equal_width","theme":"gaceta","theme_token":null},"ajaxTrustedUrl":[],"field_group":{"html_element":{"mode":"media_expanded","context":"view","settings":{"classes":"datos","show_empty_fields":false,"id":"","element":"div","show_label":false,"label_element":"h3","label_element_classes":"","attributes":"","effect":"none","speed":"fast"}}},"user":{"uid":0,"permissionsHash":"55dc977d165ab1e05e51b6cc6487f6d73e65ab536d99ee82c6990d9001d5c21c"}},"merge":true},{"command":"add_css","data":"\u003Clink rel=\u0022stylesheet\u0022 media=\u0022all\u0022 href=\u0022\/sites\/default\/files\/css\/css_mxJrjoKKAZuuB4_4f-B1u9VnFZxvSor3Az4JEdrFEso.css\u0022 \/\u003E\n\u003Clink rel=\u0022stylesheet\u0022 media=\u0022all\u0022 href=\u0022\/sites\/default\/files\/css\/css_-BXSGQpS8YTwwuXGbPoshUvZ7W-_HbYR3H7d0DA_mEY.css\u0022 \/\u003E\n\u003Clink rel=\u0022stylesheet\u0022 media=\u0022all\u0022 href=\u0022\/sites\/default\/files\/css\/css_89YreTu0npezhXSakRJR9TVHyBS9bTcyt0s3IckAe-M.css\u0022 \/\u003E\n"},{"command":"add_js","selector":"body","data":[{"src":"\/sites\/default\/files\/js\/js_9UaAhXvc9u0KYXXUw-OKyLP2baQxdV4zY3Y_KGurcvY.js"},{"src":"\/sites\/default\/files\/js\/js_oDJxUBLBzfRb_FDgNfkNOm9-tiatS2kNfxQIeVRZA7Y.js"},{"src":"\/sites\/default\/files\/js\/js_YM82KRuzNIr2X-Kb8pQW8cOcSbWgQ_QGKclTYJ_aMlI.js"},{"src":"\/sites\/default\/files\/js\/js_pqqsPPmPmxKgamY6qk_WSawtL05XH_yAY8GkPHVyahI.js"}]},{"command":"insert","method":"replaceWith","selector":".view-mode-full","data":"\u003Cdiv data-history-node-id=\u002224399\u0022 class=\u0022contenido view-mode-media_expanded ds-3col-equal clearfix\u0022\u003E\n\n  \n\n  \u003Cdiv class=\u0022area-medios group-left\u0022\u003E\n        \n                          \u003Cdiv  class=\u0022imagen\u0022 \u003E\n          \u003Cpicture\u003E\n                  \u003Csource srcset=\u0022\/sites\/default\/files\/styles\/max_650x650\/public\/notas\/2026-03-27\/15.%20Emprendimiento.webp?itok=CP3YrYHT 650w, \/sites\/default\/files\/styles\/max_1300x1300\/public\/notas\/2026-03-27\/15.%20Emprendimiento.webp?itok=FLNfkvlE 1300w, \/sites\/default\/files\/styles\/max_1900x1900\/public\/notas\/2026-03-27\/15.%20Emprendimiento.webp?itok=m_XSUNgG 1900w\u0022 type=\u0022image\/webp\u0022 sizes=\u0022100vw\u0022\/\u003E\n              \u003Csource srcset=\u0022\/sites\/default\/files\/styles\/max_650x650\/public\/notas\/2026-03-27\/15.%20Emprendimiento.jpg?itok=CP3YrYHT 650w, \/sites\/default\/files\/styles\/max_1300x1300\/public\/notas\/2026-03-27\/15.%20Emprendimiento.jpg?itok=FLNfkvlE 1300w, \/sites\/default\/files\/styles\/max_1900x1900\/public\/notas\/2026-03-27\/15.%20Emprendimiento.jpg?itok=m_XSUNgG 1900w\u0022 type=\u0022image\/jpeg\u0022 sizes=\u0022100vw\u0022\/\u003E\n                  \u003Cimg srcset=\u0022\/sites\/default\/files\/styles\/max_650x650\/public\/notas\/2026-03-27\/15.%20Emprendimiento.jpg?itok=CP3YrYHT 650w, \/sites\/default\/files\/styles\/max_1300x1300\/public\/notas\/2026-03-27\/15.%20Emprendimiento.jpg?itok=FLNfkvlE 1300w, \/sites\/default\/files\/styles\/max_1900x1900\/public\/notas\/2026-03-27\/15.%20Emprendimiento.jpg?itok=m_XSUNgG 1900w\u0022 sizes=\u0022100vw\u0022 src=\u0022\/sites\/default\/files\/styles\/max_1300x1300\/public\/notas\/2026-03-27\/15.%20Emprendimiento.jpg?itok=FLNfkvlE\u0022 alt=\u0022FotoIIDE\u0022 typeof=\u0022foaf:Image\u0022 class=\u0022img-fluid\u0022 \/\u003E\n\n  \u003C\/picture\u003E\n\n\u003C\/div\u003E\n      \n  \n\n      \u003Cdiv  class=\u0022boton-expander\u0022\u003E\n        \n                  \u003Cdiv class=\u0022item-list\u0022\u003E\u003Cul\u003E\u003Cli\u003E\u003Ca href=\u0022\/ds-switch-view-mode\/node\/24399\/media_collapsed?selector=view-mode-media_expanded\u0022 class=\u0022use-ajax\u0022\u003E\u2191\u003C\/a\u003E\u003C\/li\u003E\u003C\/ul\u003E\u003C\/div\u003E\n      \n  \n    \u003C\/div\u003E\n\n\n  \u003C\/div\u003E\n\n  \u003Cdiv class=\u0022area-info group-middle\u0022\u003E\n    \n\u003Cdiv  class=\u0022inner\u0022\u003E\n          \n                          \u003Ch2  class=\u0022titulo\u0022 \u003E\n        Analizan retos y posibilidades del emprendimiento en las ciencias educativas en el IIDE\n\u003C\/h2\u003E\n      \n  \n\n    \n                          \u003Cdiv  class=\u0022resumen\u0022 \u003E\n      Lograron consolidar un espacio de reflexi\u00f3n cr\u00edtica donde la comunidad estudiantil pudo explorar el potencial del emprendimiento.\u003C\/div\u003E\n      \n  \n\n\n\u003Cdiv  class=\u0022datos\u0022\u003E\n            \u003Cdiv  class=\u0022autor\u0022\u003E\n            \u003Cdiv  class=\u0022field-label-inline\u0022\u003EPor\u003C\/div\u003E\n  \n                  \u003Ca href=\u0022\/autores\/yuver-maceda-bravo\u0022 hreflang=\u0022es\u0022\u003EYuver Maceda Bravo \u003C\/a\u003E\n      \n  \n    \u003C\/div\u003E\n\n      \u003Cdiv  class=\u0022campus\u0022\u003E\n            \u003Cdiv  class=\u0022field-label-inline\u0022\u003ECampus\u003C\/div\u003E\n  \n                  \u003Ca href=\u0022\/campus\/ensenada\u0022 hreflang=\u0022es\u0022\u003EEnsenada\u003C\/a\u003E\n      \n  \n    \u003C\/div\u003E\n\n    \n                          \u003Cdiv  class=\u0022fecha\u0022 \u003E\n      27 de Marzo de 2026\u003C\/div\u003E\n      \n  \n\n\n  \u003C\/div\u003E\n    \n                          \u003Cdiv  class=\u0022texto\u0022 \u003E\n      \u003Cp\u003ECon el prop\u00f3sito de fomentar una cultura de innovaci\u00f3n y ofrecer nuevas perspectivas de desarrollo profesional en la comunidad de estudiantes de posgrado, en el Instituto de Investigaci\u00f3n y Desarrollo Educativo (IIDE) de la UABC, el pasado 18 de marzo en la sala 303, se llev\u00f3 a cabo la jornada \u201c\u00bfEmprendimiento en las ciencias educativas? Retos y posibilidades\u201d. Esta actividad, de car\u00e1cter in\u00e9dito en la unidad acad\u00e9mica, fue organizada de manera conjunta por los titulares de la Coordinaci\u00f3n de Extensi\u00f3n y Vinculaci\u00f3n y la Coordinaci\u00f3n de Investigaci\u00f3n y Posgrado del Instituto.\u003C\/p\u003E\n\n\u003Cp\u003ELa jornada inici\u00f3 con la participaci\u00f3n del maestro Jes\u00fas David Flores Fraga, coordinador del Instituto Estatal del Emprendimiento en la Secretar\u00eda de Econom\u00eda e Innovaci\u00f3n de Baja California, quien imparti\u00f3 el taller denominado \u0022Modelo de negocio\u0022. Durante esta sesi\u00f3n, los estudiantes de posgrado profundizaron en el uso del Modelo Canvas como una herramienta estrat\u00e9gica para estructurar proyectos. El taller permiti\u00f3 a los asistentes aprender a visualizar y validar sus ideas con claridad, adaptando los bloques del modelo a las necesidades reales del sector educativo para facilitar una toma de decisiones m\u00e1s inteligente y fundamentada.\u003C\/p\u003E\n\n\u003Cp\u003EPosteriormente, la doctora Anaid Meza Villezcas, investigadora posdoctorante en el Centro de Investigaci\u00f3n Cient\u00edfica y de Educaci\u00f3n Superior de Ensenada (CICESE), present\u00f3 la conferencia \u0022Emprendimiento en las ciencias: \u00bfC\u00f3mo pensar fuera de la caja?\u0022. En su exposici\u00f3n, la doctora Meza Villezcas orient\u00f3 a los asistentes sobre la importancia de transformar los resultados de las investigaciones de posgrado en iniciativas de emprendimiento que trasciendan el \u00e1mbito te\u00f3rico. La ponente enfatiz\u00f3 la identificaci\u00f3n de oportunidades innovadoras y la aplicaci\u00f3n de la investigaci\u00f3n cient\u00edfica para resolver problemas sociales y educativos de forma pr\u00e1ctica.\u003C\/p\u003E\n\n\u003Cp\u003EAmbas actividades lograron consolidar un espacio de reflexi\u00f3n cr\u00edtica donde la comunidad estudiantil del IIDE pudo explorar el potencial del emprendimiento como una v\u00eda leg\u00edtima y necesaria dentro de las ciencias educativas. Al integrar el rigor de la investigaci\u00f3n con la metodolog\u00eda del desarrollo de negocios, el Instituto reafirma su compromiso con la formaci\u00f3n integral y la vinculaci\u00f3n efectiva de sus investigadores en formaci\u00f3n con los retos actuales de la sociedad y la econom\u00eda regional.\u003C\/p\u003E\u003C\/div\u003E\n      \n  \n\n    \n            \u003Cdiv  class=\u0022palabras-clave\u0022\u003E\n                        \u003Ca href=\u0022\/tags\/emprendedores\u0022 hreflang=\u0022es\u0022\u003EEmprendedores\u003C\/a\u003E\n      \n      \u003C\/div\u003E\n  \n\n\n  \u003C\/div\u003E\n\n  \u003C\/div\u003E\n\n  \u003Cdiv class=\u0022area-extras group-right\u0022\u003E\n        \n                          \u003Cdiv  class=\u0022enlace-blockBottom\u0022 \u003E\n      \u003Cdiv\u003EVer m\u00e1s \u003Ca href=\u0022http:\/\/gaceta.uabc.mx\/notas\u0022\u003ENotas\u003C\/a\u003E\u003C\/div\u003E\n\u003C\/div\u003E\n      \n  \n\n\n  \u003C\/div\u003E\n\n\u003C\/div\u003E\n\n","settings":null}]