[{"command":"settings","settings":{"pluralDelimiter":"\u0003","suppressDeprecationErrors":true,"ajaxPageState":{"libraries":"core\/drupal.ajax,core\/picturefill,ds\/ds_3col_equal_width","theme":"gaceta","theme_token":null},"ajaxTrustedUrl":[],"field_group":{"html_element":{"mode":"media_expanded","context":"view","settings":{"classes":"datos","show_empty_fields":false,"id":"","element":"div","show_label":false,"label_element":"h3","label_element_classes":"","attributes":"","effect":"none","speed":"fast"}}},"user":{"uid":0,"permissionsHash":"55dc977d165ab1e05e51b6cc6487f6d73e65ab536d99ee82c6990d9001d5c21c"}},"merge":true},{"command":"add_css","data":"\u003Clink rel=\u0022stylesheet\u0022 media=\u0022all\u0022 href=\u0022\/sites\/default\/files\/css\/css_mxJrjoKKAZuuB4_4f-B1u9VnFZxvSor3Az4JEdrFEso.css\u0022 \/\u003E\n\u003Clink rel=\u0022stylesheet\u0022 media=\u0022all\u0022 href=\u0022\/sites\/default\/files\/css\/css_-BXSGQpS8YTwwuXGbPoshUvZ7W-_HbYR3H7d0DA_mEY.css\u0022 \/\u003E\n\u003Clink rel=\u0022stylesheet\u0022 media=\u0022all\u0022 href=\u0022\/sites\/default\/files\/css\/css_89YreTu0npezhXSakRJR9TVHyBS9bTcyt0s3IckAe-M.css\u0022 \/\u003E\n"},{"command":"add_js","selector":"body","data":[{"src":"\/sites\/default\/files\/js\/js_9UaAhXvc9u0KYXXUw-OKyLP2baQxdV4zY3Y_KGurcvY.js"},{"src":"\/sites\/default\/files\/js\/js_oDJxUBLBzfRb_FDgNfkNOm9-tiatS2kNfxQIeVRZA7Y.js"},{"src":"\/sites\/default\/files\/js\/js_YM82KRuzNIr2X-Kb8pQW8cOcSbWgQ_QGKclTYJ_aMlI.js"},{"src":"\/sites\/default\/files\/js\/js_pqqsPPmPmxKgamY6qk_WSawtL05XH_yAY8GkPHVyahI.js"}]},{"command":"insert","method":"replaceWith","selector":".view-mode-full","data":"\u003Cdiv data-history-node-id=\u002224402\u0022 class=\u0022contenido view-mode-media_expanded ds-3col-equal clearfix\u0022\u003E\n\n  \n\n  \u003Cdiv class=\u0022area-medios group-left\u0022\u003E\n        \n                          \u003Cdiv  class=\u0022imagen\u0022 \u003E\n          \u003Cpicture\u003E\n                  \u003Csource srcset=\u0022\/sites\/default\/files\/styles\/max_650x650\/public\/notas\/2026-03-27\/Endodoncia.webp?itok=L8_BtAhm 650w, \/sites\/default\/files\/styles\/max_1300x1300\/public\/notas\/2026-03-27\/Endodoncia.webp?itok=-PiNSE6u 1300w, \/sites\/default\/files\/styles\/max_1900x1900\/public\/notas\/2026-03-27\/Endodoncia.webp?itok=QNB3AXRQ 1420w\u0022 type=\u0022image\/webp\u0022 sizes=\u0022100vw\u0022\/\u003E\n              \u003Csource srcset=\u0022\/sites\/default\/files\/styles\/max_650x650\/public\/notas\/2026-03-27\/Endodoncia.png?itok=L8_BtAhm 650w, \/sites\/default\/files\/styles\/max_1300x1300\/public\/notas\/2026-03-27\/Endodoncia.png?itok=-PiNSE6u 1300w, \/sites\/default\/files\/styles\/max_1900x1900\/public\/notas\/2026-03-27\/Endodoncia.png?itok=QNB3AXRQ 1420w\u0022 type=\u0022image\/png\u0022 sizes=\u0022100vw\u0022\/\u003E\n                  \u003Cimg srcset=\u0022\/sites\/default\/files\/styles\/max_650x650\/public\/notas\/2026-03-27\/Endodoncia.png?itok=L8_BtAhm 650w, \/sites\/default\/files\/styles\/max_1300x1300\/public\/notas\/2026-03-27\/Endodoncia.png?itok=-PiNSE6u 1300w, \/sites\/default\/files\/styles\/max_1900x1900\/public\/notas\/2026-03-27\/Endodoncia.png?itok=QNB3AXRQ 1420w\u0022 sizes=\u0022100vw\u0022 src=\u0022\/sites\/default\/files\/styles\/max_1300x1300\/public\/notas\/2026-03-27\/Endodoncia.png?itok=-PiNSE6u\u0022 alt=\u0022La Facultad de Odontolog\u00eda Tijuana celebr\u00f3 el XXV aniversario de la especialidad en Endodoncia\u0022 typeof=\u0022foaf:Image\u0022 class=\u0022img-fluid\u0022 \/\u003E\n\n  \u003C\/picture\u003E\n\n\u003C\/div\u003E\n      \n  \n\n      \u003Cdiv  class=\u0022boton-expander\u0022\u003E\n        \n                  \u003Cdiv class=\u0022item-list\u0022\u003E\u003Cul\u003E\u003Cli\u003E\u003Ca href=\u0022\/ds-switch-view-mode\/node\/24402\/media_collapsed?selector=view-mode-media_expanded\u0022 class=\u0022use-ajax\u0022\u003E\u2191\u003C\/a\u003E\u003C\/li\u003E\u003C\/ul\u003E\u003C\/div\u003E\n      \n  \n    \u003C\/div\u003E\n\n\n  \u003C\/div\u003E\n\n  \u003Cdiv class=\u0022area-info group-middle\u0022\u003E\n    \n\u003Cdiv  class=\u0022inner\u0022\u003E\n          \n                          \u003Ch2  class=\u0022titulo\u0022 \u003E\n        La Facultad de Odontolog\u00eda Tijuana celebr\u00f3 el XXXV aniversario de la especialidad en Endodoncia\n\u003C\/h2\u003E\n      \n  \n\n    \n                          \u003Cdiv  class=\u0022resumen\u0022 \u003E\n      El aniversario incluy\u00f3 la inauguraci\u00f3n del Congreso Conmemorativo con la participaci\u00f3n de los doctores Jos\u00e9 Gavi\u00f1o, Jenner Argueta y Rub\u00e9n Rosas.\u003C\/div\u003E\n      \n  \n\n\n\u003Cdiv  class=\u0022datos\u0022\u003E\n            \u003Cdiv  class=\u0022autor\u0022\u003E\n            \u003Cdiv  class=\u0022field-label-inline\u0022\u003EPor\u003C\/div\u003E\n  \n                  \u003Ca href=\u0022\/autores\/rebeca-carmona\u0022 hreflang=\u0022es\u0022\u003ERebeca Carmona\u003C\/a\u003E\n      \n  \n    \u003C\/div\u003E\n\n      \u003Cdiv  class=\u0022campus\u0022\u003E\n            \u003Cdiv  class=\u0022field-label-inline\u0022\u003ECampus\u003C\/div\u003E\n  \n                  \u003Ca href=\u0022\/campus\/tijuana\u0022 hreflang=\u0022es\u0022\u003ETijuana\u003C\/a\u003E\n      \n  \n    \u003C\/div\u003E\n\n    \n                          \u003Cdiv  class=\u0022fecha\u0022 \u003E\n      27 de Marzo de 2026\u003C\/div\u003E\n      \n  \n\n\n  \u003C\/div\u003E\n    \n                          \u003Cdiv  class=\u0022texto\u0022 \u003E\n      \u003Cp\u003ELa Facultad de Odontolog\u00eda Tijuana (FOT) celebr\u00f3 el XXXV aniversario de la especialidad en Endodoncia con un congreso conmemorativo internacional que fungi\u00f3 como espacio de actualizaci\u00f3n acad\u00e9mica y encuentro entre colegas y generaciones de especialistas.\u003C\/p\u003E\n\n\u003Cp\u003EDurante la ceremonia inaugural, la doctora Hayde\u00e9 Gomez Llanos Ju\u00e1rez, vicerrectora del campus Tijuana, destac\u00f3 al programa como referente a nivel nacional e internacional. Asimismo, se\u00f1al\u00f3 que la especialidad ha evolucionado sin perder su esencia original, y agradeci\u00f3 a quienes hacen que la especialidad permanezca en constante desarrollo.\u00a0\u003C\/p\u003E\n\n\u003Cp\u003EPor otro lado, la doctora Perla Elena Nu\u00f1ez Serafin, directora de la FOT, reconoci\u00f3 el amplio crecimiento de la especialidad, pues naci\u00f3 como un sue\u00f1o de excelencia acad\u00e9mica en la frontera. Adem\u00e1s, recalc\u00f3 que la endodoncia no se trata solo de salvar piezas dentales, sino de construir puentes de confianza con el paciente.\u00a0\u003C\/p\u003E\n\n\u003Cp\u003ELa doctora Ana Gabriela Carrillo V\u00e1rguez, coordinadora de la especialidad en Endodoncia, habl\u00f3 desde su experiencia como egresada de la segunda generaci\u00f3n de la especialidad y reconoci\u00f3 la labor de las y los docentes, quienes mantienen un compromiso inquebrantable con la salud dental.\u00a0\u003C\/p\u003E\n\n\u003Cp\u003EPor su parte, el congreso conmemorativo cont\u00f3 con tres conferencias de especialistas dentro y fuera del pa\u00eds: el doctor Rub\u00e9n Rosas (M\u00e9xico) expuso conceptos actuales de retratamiento endod\u00f3ntico y lo posible y lo deseado en la irrigaci\u00f3n; el doctor Jos\u00e9 Gavi\u00f1o (Espa\u00f1a) explic\u00f3 el futuro de los tratamientos de Endodoncia con los procedimientos regenerativos; por \u00faltimo, el doctor Jenner Argueta (Guatemala) trat\u00f3 las aplicaciones de la microscop\u00eda convencional y 3D y el manejo de situaciones cl\u00ednicas complejas.\u00a0\u003C\/p\u003E\n\n\u003Cp\u003ELa especialidad en Endodoncia es reconocida como un programa de alta calidad ante el Consejo Nacional de Humanidades, Ciencia y Tecnolog\u00eda. Tambi\u00e9n gan\u00f3 el Premio de Calidad en Posgrado por la Asociaci\u00f3n de Universidades Iberoamericanas. As\u00ed, la FOT busca responder las necesidades del estudiantado al organizar espacios de di\u00e1logo que permiten actualizar los conocimientos adquiridos durante su formaci\u00f3n, y mantiene el compromiso con la salud dental de la comunidad.\u003C\/p\u003E\u003C\/div\u003E\n      \n  \n\n    \n            \u003Cdiv  class=\u0022palabras-clave\u0022\u003E\n                        \u003Ca href=\u0022\/tags\/facultad-de-odontologia\u0022 hreflang=\u0022es\u0022\u003EFacultad de Odontolog\u00eda\u003C\/a\u003E\n                \u003Ca href=\u0022\/tags\/especialidad-en-endodoncia\u0022 hreflang=\u0022es\u0022\u003EEspecialidad en Endodoncia\u003C\/a\u003E\n                \u003Ca href=\u0022\/tags\/odontologia\u0022 hreflang=\u0022es\u0022\u003EOdontolog\u00eda\u003C\/a\u003E\n      \n      \u003C\/div\u003E\n  \n\n\n  \u003C\/div\u003E\n\n  \u003C\/div\u003E\n\n  \u003Cdiv class=\u0022area-extras group-right\u0022\u003E\n        \n                          \u003Cdiv  class=\u0022enlace-blockBottom\u0022 \u003E\n      \u003Cdiv\u003EVer m\u00e1s \u003Ca href=\u0022http:\/\/gaceta.uabc.mx\/notas\u0022\u003ENotas\u003C\/a\u003E\u003C\/div\u003E\n\u003C\/div\u003E\n      \n  \n\n\n  \u003C\/div\u003E\n\n\u003C\/div\u003E\n\n","settings":null}]