[{"command":"settings","settings":{"pluralDelimiter":"\u0003","suppressDeprecationErrors":true,"ajaxPageState":{"libraries":"core\/drupal.ajax,core\/picturefill,ds\/ds_3col_equal_width","theme":"gaceta","theme_token":null},"ajaxTrustedUrl":[],"field_group":{"html_element":{"mode":"media_expanded","context":"view","settings":{"classes":"datos","show_empty_fields":false,"id":"","element":"div","show_label":false,"label_element":"h3","label_element_classes":"","attributes":"","effect":"none","speed":"fast"}}},"user":{"uid":0,"permissionsHash":"55dc977d165ab1e05e51b6cc6487f6d73e65ab536d99ee82c6990d9001d5c21c"}},"merge":true},{"command":"add_css","data":"\u003Clink rel=\u0022stylesheet\u0022 media=\u0022all\u0022 href=\u0022\/sites\/default\/files\/css\/css_mxJrjoKKAZuuB4_4f-B1u9VnFZxvSor3Az4JEdrFEso.css\u0022 \/\u003E\n\u003Clink rel=\u0022stylesheet\u0022 media=\u0022all\u0022 href=\u0022\/sites\/default\/files\/css\/css_-BXSGQpS8YTwwuXGbPoshUvZ7W-_HbYR3H7d0DA_mEY.css\u0022 \/\u003E\n\u003Clink rel=\u0022stylesheet\u0022 media=\u0022all\u0022 href=\u0022\/sites\/default\/files\/css\/css_89YreTu0npezhXSakRJR9TVHyBS9bTcyt0s3IckAe-M.css\u0022 \/\u003E\n"},{"command":"add_js","selector":"body","data":[{"src":"\/sites\/default\/files\/js\/js_9UaAhXvc9u0KYXXUw-OKyLP2baQxdV4zY3Y_KGurcvY.js"},{"src":"\/sites\/default\/files\/js\/js_oDJxUBLBzfRb_FDgNfkNOm9-tiatS2kNfxQIeVRZA7Y.js"},{"src":"\/sites\/default\/files\/js\/js_YM82KRuzNIr2X-Kb8pQW8cOcSbWgQ_QGKclTYJ_aMlI.js"},{"src":"\/sites\/default\/files\/js\/js_pqqsPPmPmxKgamY6qk_WSawtL05XH_yAY8GkPHVyahI.js"}]},{"command":"insert","method":"replaceWith","selector":".view-mode-full","data":"\u003Cdiv data-history-node-id=\u002224460\u0022 class=\u0022contenido view-mode-media_expanded ds-3col-equal clearfix\u0022\u003E\n\n  \n\n  \u003Cdiv class=\u0022area-medios group-left\u0022\u003E\n        \n                          \u003Cdiv  class=\u0022imagen\u0022 \u003E\n          \u003Cpicture\u003E\n                  \u003Csource srcset=\u0022\/sites\/default\/files\/styles\/max_650x650\/public\/notas\/2026-04-14\/salud%20mental%208.webp?itok=v14nTvNP 650w, \/sites\/default\/files\/styles\/max_1300x1300\/public\/notas\/2026-04-14\/salud%20mental%208.webp?itok=w6xlCeIp 1300w, \/sites\/default\/files\/styles\/max_1900x1900\/public\/notas\/2026-04-14\/salud%20mental%208.webp?itok=R6r0UmCG 1600w\u0022 type=\u0022image\/webp\u0022 sizes=\u0022100vw\u0022\/\u003E\n              \u003Csource srcset=\u0022\/sites\/default\/files\/styles\/max_650x650\/public\/notas\/2026-04-14\/salud%20mental%208.jpeg?itok=v14nTvNP 650w, \/sites\/default\/files\/styles\/max_1300x1300\/public\/notas\/2026-04-14\/salud%20mental%208.jpeg?itok=w6xlCeIp 1300w, \/sites\/default\/files\/styles\/max_1900x1900\/public\/notas\/2026-04-14\/salud%20mental%208.jpeg?itok=R6r0UmCG 1600w\u0022 type=\u0022image\/jpeg\u0022 sizes=\u0022100vw\u0022\/\u003E\n                  \u003Cimg srcset=\u0022\/sites\/default\/files\/styles\/max_650x650\/public\/notas\/2026-04-14\/salud%20mental%208.jpeg?itok=v14nTvNP 650w, \/sites\/default\/files\/styles\/max_1300x1300\/public\/notas\/2026-04-14\/salud%20mental%208.jpeg?itok=w6xlCeIp 1300w, \/sites\/default\/files\/styles\/max_1900x1900\/public\/notas\/2026-04-14\/salud%20mental%208.jpeg?itok=R6r0UmCG 1600w\u0022 sizes=\u0022100vw\u0022 src=\u0022\/sites\/default\/files\/styles\/max_1300x1300\/public\/notas\/2026-04-14\/salud%20mental%208.jpeg?itok=w6xlCeIp\u0022 alt=\u0022DIB IPEBC \u0022 typeof=\u0022foaf:Image\u0022 class=\u0022img-fluid\u0022 \/\u003E\n\n  \u003C\/picture\u003E\n\n\u003C\/div\u003E\n      \n  \n\n      \u003Cdiv  class=\u0022boton-expander\u0022\u003E\n        \n                  \u003Cdiv class=\u0022item-list\u0022\u003E\u003Cul\u003E\u003Cli\u003E\u003Ca href=\u0022\/ds-switch-view-mode\/node\/24460\/media_collapsed?selector=view-mode-media_expanded\u0022 class=\u0022use-ajax\u0022\u003E\u2191\u003C\/a\u003E\u003C\/li\u003E\u003C\/ul\u003E\u003C\/div\u003E\n      \n  \n    \u003C\/div\u003E\n\n\n  \u003C\/div\u003E\n\n  \u003Cdiv class=\u0022area-info group-middle\u0022\u003E\n    \n\u003Cdiv  class=\u0022inner\u0022\u003E\n          \n                          \u003Ch2  class=\u0022titulo\u0022 \u003E\n        La UABC Campus Ensenada y el IPEBC fortalecen su colaboraci\u00f3n en torno a la salud mental en el trabajo\n\u003C\/h2\u003E\n      \n  \n\n    \n                          \u003Cdiv  class=\u0022resumen\u0022 \u003E\n      La charla \u0026quot;Hablemos de salud mental y servicios de IPEBC\u0026quot; marc\u00f3 el inicio de una serie de actividades conjuntas dirigidas al personal del Departamento de Inform\u00e1tica y Bibliotecas.\u003C\/div\u003E\n      \n  \n\n\n\u003Cdiv  class=\u0022datos\u0022\u003E\n            \u003Cdiv  class=\u0022autor\u0022\u003E\n            \u003Cdiv  class=\u0022field-label-inline\u0022\u003EPor\u003C\/div\u003E\n  \n                  \u003Ca href=\u0022\/autores\/paulina-moreno-rangel\u0022 hreflang=\u0022es\u0022\u003EPaulina Moreno Rangel\u003C\/a\u003E\n      \n  \n    \u003C\/div\u003E\n\n      \u003Cdiv  class=\u0022campus\u0022\u003E\n            \u003Cdiv  class=\u0022field-label-inline\u0022\u003ECampus\u003C\/div\u003E\n  \n                  \u003Ca href=\u0022\/campus\/ensenada\u0022 hreflang=\u0022es\u0022\u003EEnsenada\u003C\/a\u003E\n      \n  \n    \u003C\/div\u003E\n\n    \n                          \u003Cdiv  class=\u0022fecha\u0022 \u003E\n      15 de Abril de 2026\u003C\/div\u003E\n      \n  \n\n\n  \u003C\/div\u003E\n    \n                          \u003Cdiv  class=\u0022texto\u0022 \u003E\n      \u003Cp\u003EEl Instituto de Psiquiatr\u00eda del Estado de Baja California (IPEBC) imparti\u00f3 la charla \u0022Hablemos de salud mental y servicios de IPEBC\u0022 dirigida al personal del Departamento de Inform\u00e1tica y Bibliotecas (DIB) del Campus Ensenada. La actividad cont\u00f3 con la participaci\u00f3n de 15 integrantes de las unidades universitarias Punta Morro y Valle Dorado.\u003C\/p\u003E\n\n\u003Cp\u003ELa sesi\u00f3n fue facilitada por la psic\u00f3loga Cristina G\u00f3mez Mart\u00ednez, adscrita al IPEBC, quien present\u00f3 de manera accesible los servicios de atenci\u00f3n psicol\u00f3gica y psiqui\u00e1trica que ofrece el instituto a la poblaci\u00f3n bajacaliforniana, as\u00ed como informaci\u00f3n clave sobre salud mental orientada a los entornos laborales y acad\u00e9micos.\u003C\/p\u003E\n\n\u003Cp\u003EDurante, la charla se coment\u00f3 que la salud mental en los espacios de trabajo es un factor determinante del bienestar, la productividad y el clima organizacional. Reconocer sus se\u00f1ales y contar con herramientas para actuar oportunamente es una responsabilidad compartida por instituciones y colaboradores.\u003C\/p\u003E\n\n\u003Cp\u003EComo siguiente paso de esta colaboraci\u00f3n, se tiene prevista la realizaci\u00f3n del taller de Primeros Auxilios Psicol\u00f3gicos (PAP), una herramienta de intervenci\u00f3n temprana que permite a cualquier persona, sin necesidad de formaci\u00f3n cl\u00ednica, brindar apoyo inicial a alguien que atraviesa una crisis emocional o una situaci\u00f3n de alto estr\u00e9s. Los PAP son reconocidos por organismos internacionales como la Organizaci\u00f3n Mundial de la Salud (OMS) como una pr\u00e1ctica efectiva y accesible para reducir el impacto psicol\u00f3gico de situaciones adversas en el entorno cotidiano y laboral.\u003C\/p\u003E\n\n\u003Cp\u003ECabe destacar que el Instituto de Psiquiatr\u00eda del Estado de Baja California es una instituci\u00f3n p\u00fablica de salud especializada en la atenci\u00f3n, prevenci\u00f3n y rehabilitaci\u00f3n de trastornos mentales. Ofrece servicios de consulta externa, hospitalizaci\u00f3n, intervenci\u00f3n en crisis, atenci\u00f3n psicol\u00f3gica individual y grupal, as\u00ed como programas de orientaci\u00f3n dirigidos a comunidades, empresas e instituciones educativas. Su presencia en Ensenada representa un recurso estrat\u00e9gico para el acceso a la salud mental en la regi\u00f3n.\u003C\/p\u003E\n\n\u003Cp\u003E\u00a0\u003C\/p\u003E\u003C\/div\u003E\n      \n  \n\n    \n            \u003Cdiv  class=\u0022palabras-clave\u0022\u003E\n                        \u003Ca href=\u0022\/tags\/salud-mental\u0022 hreflang=\u0022es\u0022\u003ESalud Mental\u003C\/a\u003E\n                \u003Ca href=\u0022\/tags\/instituto-de-psiquiatria-del-estado-de-baja-california\u0022 hreflang=\u0022es\u0022\u003EInstituto de Psiquiatr\u00eda del Estado de Baja California \u003C\/a\u003E\n                \u003Ca href=\u0022\/tags\/departamento-de-informatica-y-bibliotecas\u0022 hreflang=\u0022es\u0022\u003EDepartamento de Inform\u00e1tica y Bibliotecas \u003C\/a\u003E\n                \u003Ca href=\u0022\/tags\/campus-ensenada\u0022 hreflang=\u0022es\u0022\u003ECampus Ensenada\u003C\/a\u003E\n      \n      \u003C\/div\u003E\n  \n\n\n  \u003C\/div\u003E\n\n  \u003C\/div\u003E\n\n  \u003Cdiv class=\u0022area-extras group-right\u0022\u003E\n        \n                          \u003Cdiv  class=\u0022enlace-blockBottom\u0022 \u003E\n      \u003Cdiv\u003EVer m\u00e1s \u003Ca href=\u0022http:\/\/gaceta.uabc.mx\/notas\u0022\u003ENotas\u003C\/a\u003E\u003C\/div\u003E\n\u003C\/div\u003E\n      \n  \n\n\n  \u003C\/div\u003E\n\n\u003C\/div\u003E\n\n","settings":null}]