[{"command":"settings","settings":{"pluralDelimiter":"\u0003","suppressDeprecationErrors":true,"ajaxPageState":{"libraries":"core\/drupal.ajax,core\/picturefill,ds\/ds_3col_equal_width","theme":"gaceta","theme_token":null},"ajaxTrustedUrl":[],"field_group":{"html_element":{"mode":"media_expanded","context":"view","settings":{"classes":"datos","show_empty_fields":false,"id":"","element":"div","show_label":false,"label_element":"h3","label_element_classes":"","attributes":"","effect":"none","speed":"fast"}}},"user":{"uid":0,"permissionsHash":"55dc977d165ab1e05e51b6cc6487f6d73e65ab536d99ee82c6990d9001d5c21c"}},"merge":true},{"command":"add_css","data":"\u003Clink rel=\u0022stylesheet\u0022 media=\u0022all\u0022 href=\u0022\/sites\/default\/files\/css\/css_mxJrjoKKAZuuB4_4f-B1u9VnFZxvSor3Az4JEdrFEso.css\u0022 \/\u003E\n\u003Clink rel=\u0022stylesheet\u0022 media=\u0022all\u0022 href=\u0022\/sites\/default\/files\/css\/css_-BXSGQpS8YTwwuXGbPoshUvZ7W-_HbYR3H7d0DA_mEY.css\u0022 \/\u003E\n\u003Clink rel=\u0022stylesheet\u0022 media=\u0022all\u0022 href=\u0022\/sites\/default\/files\/css\/css_89YreTu0npezhXSakRJR9TVHyBS9bTcyt0s3IckAe-M.css\u0022 \/\u003E\n"},{"command":"add_js","selector":"body","data":[{"src":"\/sites\/default\/files\/js\/js_9UaAhXvc9u0KYXXUw-OKyLP2baQxdV4zY3Y_KGurcvY.js"},{"src":"\/sites\/default\/files\/js\/js_oDJxUBLBzfRb_FDgNfkNOm9-tiatS2kNfxQIeVRZA7Y.js"},{"src":"\/sites\/default\/files\/js\/js_YM82KRuzNIr2X-Kb8pQW8cOcSbWgQ_QGKclTYJ_aMlI.js"},{"src":"\/sites\/default\/files\/js\/js_pqqsPPmPmxKgamY6qk_WSawtL05XH_yAY8GkPHVyahI.js"}]},{"command":"insert","method":"replaceWith","selector":".view-mode-full","data":"\u003Cdiv data-history-node-id=\u002224468\u0022 class=\u0022contenido view-mode-media_expanded ds-3col-equal clearfix\u0022\u003E\n\n  \n\n  \u003Cdiv class=\u0022area-medios group-left\u0022\u003E\n        \n                          \u003Cdiv  class=\u0022imagen\u0022 \u003E\n          \u003Cpicture\u003E\n                  \u003Csource srcset=\u0022\/sites\/default\/files\/styles\/max_650x650\/public\/notas\/2026-04-16\/2K6A5719.webp?itok=8IPQszap 650w, \/sites\/default\/files\/styles\/max_1300x1300\/public\/notas\/2026-04-16\/2K6A5719.webp?itok=srh-mEgk 1300w, \/sites\/default\/files\/styles\/max_1900x1900\/public\/notas\/2026-04-16\/2K6A5719.webp?itok=62iVU6j4 1900w\u0022 type=\u0022image\/webp\u0022 sizes=\u0022100vw\u0022\/\u003E\n              \u003Csource srcset=\u0022\/sites\/default\/files\/styles\/max_650x650\/public\/notas\/2026-04-16\/2K6A5719.jpg?itok=8IPQszap 650w, \/sites\/default\/files\/styles\/max_1300x1300\/public\/notas\/2026-04-16\/2K6A5719.jpg?itok=srh-mEgk 1300w, \/sites\/default\/files\/styles\/max_1900x1900\/public\/notas\/2026-04-16\/2K6A5719.jpg?itok=62iVU6j4 1900w\u0022 type=\u0022image\/jpeg\u0022 sizes=\u0022100vw\u0022\/\u003E\n                  \u003Cimg srcset=\u0022\/sites\/default\/files\/styles\/max_650x650\/public\/notas\/2026-04-16\/2K6A5719.jpg?itok=8IPQszap 650w, \/sites\/default\/files\/styles\/max_1300x1300\/public\/notas\/2026-04-16\/2K6A5719.jpg?itok=srh-mEgk 1300w, \/sites\/default\/files\/styles\/max_1900x1900\/public\/notas\/2026-04-16\/2K6A5719.jpg?itok=62iVU6j4 1900w\u0022 sizes=\u0022100vw\u0022 src=\u0022\/sites\/default\/files\/styles\/max_1300x1300\/public\/notas\/2026-04-16\/2K6A5719.jpg?itok=srh-mEgk\u0022 alt=\u0022Jornada de Salud y Bienestar 2026\u0022 typeof=\u0022foaf:Image\u0022 class=\u0022img-fluid\u0022 \/\u003E\n\n  \u003C\/picture\u003E\n\n\u003C\/div\u003E\n      \n  \n\n      \u003Cdiv  class=\u0022boton-expander\u0022\u003E\n        \n                  \u003Cdiv class=\u0022item-list\u0022\u003E\u003Cul\u003E\u003Cli\u003E\u003Ca href=\u0022\/ds-switch-view-mode\/node\/24468\/media_collapsed?selector=view-mode-media_expanded\u0022 class=\u0022use-ajax\u0022\u003E\u2191\u003C\/a\u003E\u003C\/li\u003E\u003C\/ul\u003E\u003C\/div\u003E\n      \n  \n    \u003C\/div\u003E\n\n\n  \u003C\/div\u003E\n\n  \u003Cdiv class=\u0022area-info group-middle\u0022\u003E\n    \n\u003Cdiv  class=\u0022inner\u0022\u003E\n          \n                          \u003Ch2  class=\u0022titulo\u0022 \u003E\n        Facultad de Ingenier\u00eda Mexicali inaugura Jornada de Salud y Bienestar 2026\n\u003C\/h2\u003E\n      \n  \n\n    \n                          \u003Cdiv  class=\u0022resumen\u0022 \u003E\n      Promueve el autocuidado y la formaci\u00f3n integral de su comunidad a trav\u00e9s de actividades de prevenci\u00f3n, educaci\u00f3n y bienestar.\u003C\/div\u003E\n      \n  \n\n\n\u003Cdiv  class=\u0022datos\u0022\u003E\n            \u003Cdiv  class=\u0022autor\u0022\u003E\n            \u003Cdiv  class=\u0022field-label-inline\u0022\u003EPor\u003C\/div\u003E\n  \n                  \u003Ca href=\u0022\/autores\/andrea-ruiz-laureano\u0022 hreflang=\u0022es\u0022\u003EAndrea Ru\u00edz Laureano\u003C\/a\u003E\n      \n  \n    \u003C\/div\u003E\n\n      \u003Cdiv  class=\u0022campus\u0022\u003E\n            \u003Cdiv  class=\u0022field-label-inline\u0022\u003ECampus\u003C\/div\u003E\n  \n                  \u003Ca href=\u0022\/campus\/mexicali\u0022 hreflang=\u0022es\u0022\u003EMexicali\u003C\/a\u003E\n      \n  \n    \u003C\/div\u003E\n\n    \n                          \u003Cdiv  class=\u0022fecha\u0022 \u003E\n      16 de Abril de 2026\u003C\/div\u003E\n      \n  \n\n\n  \u003C\/div\u003E\n    \n                          \u003Cdiv  class=\u0022texto\u0022 \u003E\n      \u003Cp\u003ELa Facultad de Ingenier\u00eda Mexicali (FIM) de la Universidad Aut\u00f3noma de Baja California (UABC) inaugur\u00f3 la Jornada de Salud y Bienestar 2026, una iniciativa orientada a fortalecer el desarrollo integral de su comunidad estudiantil, docente y administrativa.\u003C\/p\u003E\n\n\u003Cp\u003ELa ceremonia de apertura fue encabezada por el doctor Jes\u00fas Adolfo Soto Curiel, vicerrector del Campus Mexicali, y cont\u00f3 con la presencia de la doctora Araceli Celina Justo L\u00f3pez, directora de la Facultad de Ingenier\u00eda; la doctora Marlenne Angulo Bernal, coordinadora de Formaci\u00f3n Profesional; la maestra Karla Elizabeth Radillo Jim\u00e9nez, responsable de Orientaci\u00f3n Educativa y encargada del evento; as\u00ed como la doctora Mirna Doraceli Salazar, conferencista invitada y responsable del programa VIH-SIDA e ITS de la Jurisdicci\u00f3n de Servicios de Salud Mexicali.\u003C\/p\u003E\n\n\u003Cp\u003EEn su mensaje, la directora de la facultad destac\u00f3 que la formaci\u00f3n profesional en esta \u00e1rea implica no solo el desarrollo acad\u00e9mico y tecnol\u00f3gico, sino tambi\u00e9n el bienestar integral de las personas. Se\u00f1al\u00f3 que, ante los retos actuales, es fundamental promover espacios que fomenten el autocuidado, la prevenci\u00f3n y la adopci\u00f3n de h\u00e1bitos saludables.\u003C\/p\u003E\n\n\u003Cp\u003ESubray\u00f3 que esta jornada representa un compromiso institucional para generar conciencia sobre la salud f\u00edsica, emocional y social, mediante acciones de educaci\u00f3n, detecci\u00f3n oportuna y acompa\u00f1amiento.\u003C\/p\u003E\n\n\u003Cp\u003EAsimismo, reconoci\u00f3 el trabajo del \u00e1rea de Orientaci\u00f3n Educativa en la organizaci\u00f3n del evento, as\u00ed como la colaboraci\u00f3n de especialistas del sector salud que participan en el programa de actividades.\u003C\/p\u003E\n\n\u003Cp\u003EPor su parte, el vicerrector del Campus Mexicali resalt\u00f3 que este tipo de iniciativas reflejan el compromiso de la UABC con la formaci\u00f3n integral, al destacar que el bienestar es un elemento clave para el desempe\u00f1o acad\u00e9mico y profesional, as\u00ed como para la construcci\u00f3n de entornos universitarios m\u00e1s saludables.\u003C\/p\u003E\n\n\u003Cp\u003ELa Jornada de Salud y Bienestar 2026 se llevar\u00e1 a cabo durante dos d\u00edas, con un programa que incluye conferencias y talleres dirigidos a promover una cultura de cuidado personal y bienestar dentro de la Facultad de Ingenier\u00eda.\u003C\/p\u003E\u003C\/div\u003E\n      \n  \n\n    \n            \u003Cdiv  class=\u0022palabras-clave\u0022\u003E\n                        \u003Ca href=\u0022\/tags\/jornada-de-salud\u0022 hreflang=\u0022es\u0022\u003EJornada de Salud\u003C\/a\u003E\n      \n      \u003C\/div\u003E\n  \n\n\n  \u003C\/div\u003E\n\n  \u003C\/div\u003E\n\n  \u003Cdiv class=\u0022area-extras group-right\u0022\u003E\n        \n                          \u003Cdiv  class=\u0022enlace-blockBottom\u0022 \u003E\n      \u003Cdiv\u003EVer m\u00e1s \u003Ca href=\u0022http:\/\/gaceta.uabc.mx\/notas\u0022\u003ENotas\u003C\/a\u003E\u003C\/div\u003E\n\u003C\/div\u003E\n      \n  \n\n\n  \u003C\/div\u003E\n\n\u003C\/div\u003E\n\n","settings":null}]