[{"command":"settings","settings":{"pluralDelimiter":"\u0003","suppressDeprecationErrors":true,"ajaxPageState":{"libraries":"core\/drupal.ajax,core\/picturefill,ds\/ds_3col_equal_width","theme":"gaceta","theme_token":null},"ajaxTrustedUrl":[],"field_group":{"html_element":{"mode":"media_expanded","context":"view","settings":{"classes":"datos","show_empty_fields":false,"id":"","element":"div","show_label":false,"label_element":"h3","label_element_classes":"","attributes":"","effect":"none","speed":"fast"}}},"user":{"uid":0,"permissionsHash":"55dc977d165ab1e05e51b6cc6487f6d73e65ab536d99ee82c6990d9001d5c21c"}},"merge":true},{"command":"add_css","data":"\u003Clink rel=\u0022stylesheet\u0022 media=\u0022all\u0022 href=\u0022\/~gacetaua\/sites\/default\/files\/css\/css_mxJrjoKKAZuuB4_4f-B1u9VnFZxvSor3Az4JEdrFEso.css\u0022 \/\u003E\n\u003Clink rel=\u0022stylesheet\u0022 media=\u0022all\u0022 href=\u0022\/~gacetaua\/sites\/default\/files\/css\/css_-BXSGQpS8YTwwuXGbPoshUvZ7W-_HbYR3H7d0DA_mEY.css\u0022 \/\u003E\n\u003Clink rel=\u0022stylesheet\u0022 media=\u0022all\u0022 href=\u0022\/~gacetaua\/sites\/default\/files\/css\/css_89YreTu0npezhXSakRJR9TVHyBS9bTcyt0s3IckAe-M.css\u0022 \/\u003E\n"},{"command":"add_js","selector":"body","data":[{"src":"\/~gacetaua\/sites\/default\/files\/js\/js_9UaAhXvc9u0KYXXUw-OKyLP2baQxdV4zY3Y_KGurcvY.js"},{"src":"\/~gacetaua\/sites\/default\/files\/js\/js_oDJxUBLBzfRb_FDgNfkNOm9-tiatS2kNfxQIeVRZA7Y.js"},{"src":"\/~gacetaua\/sites\/default\/files\/js\/js_YM82KRuzNIr2X-Kb8pQW8cOcSbWgQ_QGKclTYJ_aMlI.js"},{"src":"\/~gacetaua\/sites\/default\/files\/js\/js_pqqsPPmPmxKgamY6qk_WSawtL05XH_yAY8GkPHVyahI.js"}]},{"command":"insert","method":"replaceWith","selector":".view-mode-full","data":"\u003Cdiv data-history-node-id=\u002214950\u0022 class=\u0022contenido view-mode-media_expanded ds-3col-equal clearfix\u0022\u003E\n\n  \n\n  \u003Cdiv class=\u0022area-medios group-left\u0022\u003E\n        \n                          \u003Cdiv  class=\u0022imagen\u0022 \u003E\n          \u003Cpicture\u003E\n                  \u003Csource srcset=\u0022\/~gacetaua\/sites\/default\/files\/styles\/max_650x650\/public\/2019-09\/Se%20re%C3%BAnen%20funcionarios%20de%20UABC%20y%20SDSU.webp?itok=aVgQKjpV 650w, \/~gacetaua\/sites\/default\/files\/styles\/max_1300x1300\/public\/2019-09\/Se%20re%C3%BAnen%20funcionarios%20de%20UABC%20y%20SDSU.webp?itok=oRrw9CNQ 1300w, \/~gacetaua\/sites\/default\/files\/styles\/max_1900x1900\/public\/2019-09\/Se%20re%C3%BAnen%20funcionarios%20de%20UABC%20y%20SDSU.webp?itok=1FYBDCgS 1900w\u0022 type=\u0022image\/webp\u0022 sizes=\u0022100vw\u0022\/\u003E\n              \u003Csource srcset=\u0022\/~gacetaua\/sites\/default\/files\/styles\/max_650x650\/public\/2019-09\/Se%20re%C3%BAnen%20funcionarios%20de%20UABC%20y%20SDSU.jpg?itok=aVgQKjpV 650w, \/~gacetaua\/sites\/default\/files\/styles\/max_1300x1300\/public\/2019-09\/Se%20re%C3%BAnen%20funcionarios%20de%20UABC%20y%20SDSU.jpg?itok=oRrw9CNQ 1300w, \/~gacetaua\/sites\/default\/files\/styles\/max_1900x1900\/public\/2019-09\/Se%20re%C3%BAnen%20funcionarios%20de%20UABC%20y%20SDSU.jpg?itok=1FYBDCgS 1900w\u0022 type=\u0022image\/jpeg\u0022 sizes=\u0022100vw\u0022\/\u003E\n                  \u003Cimg srcset=\u0022\/~gacetaua\/sites\/default\/files\/styles\/max_650x650\/public\/2019-09\/Se%20re%C3%BAnen%20funcionarios%20de%20UABC%20y%20SDSU.jpg?itok=aVgQKjpV 650w, \/~gacetaua\/sites\/default\/files\/styles\/max_1300x1300\/public\/2019-09\/Se%20re%C3%BAnen%20funcionarios%20de%20UABC%20y%20SDSU.jpg?itok=oRrw9CNQ 1300w, \/~gacetaua\/sites\/default\/files\/styles\/max_1900x1900\/public\/2019-09\/Se%20re%C3%BAnen%20funcionarios%20de%20UABC%20y%20SDSU.jpg?itok=1FYBDCgS 1900w\u0022 sizes=\u0022100vw\u0022 src=\u0022\/~gacetaua\/sites\/default\/files\/styles\/max_1300x1300\/public\/2019-09\/Se%20re%C3%BAnen%20funcionarios%20de%20UABC%20y%20SDSU.jpg?itok=oRrw9CNQ\u0022 alt=\u0022sdsu_uabc_convenio\u0022 typeof=\u0022foaf:Image\u0022 class=\u0022img-fluid\u0022 \/\u003E\n\n  \u003C\/picture\u003E\n\n\u003C\/div\u003E\n      \n  \n\n      \u003Cdiv  class=\u0022boton-expander\u0022\u003E\n        \n                  \u003Cdiv class=\u0022item-list\u0022\u003E\u003Cul\u003E\u003Cli\u003E\u003Ca href=\u0022\/%7Egacetaua\/ds-switch-view-mode\/node\/14950\/media_collapsed?selector=view-mode-media_expanded\u0022 class=\u0022use-ajax\u0022\u003E\u2191\u003C\/a\u003E\u003C\/li\u003E\u003C\/ul\u003E\u003C\/div\u003E\n      \n  \n    \u003C\/div\u003E\n\n\n  \u003C\/div\u003E\n\n  \u003Cdiv class=\u0022area-info group-middle\u0022\u003E\n    \n\u003Cdiv  class=\u0022inner\u0022\u003E\n          \n                          \u003Ch2  class=\u0022titulo\u0022 \u003E\n        Se re\u00fanen funcionarios de UABC y SDSU\n\u003C\/h2\u003E\n      \n  \n\n    \n                          \u003Cdiv  class=\u0022resumen\u0022 \u003E\n      El primer convenio entre ambas universidades data de 1985\u003Cbr \/\u003E\r\n\u003C\/div\u003E\n      \n  \n\n\n\u003Cdiv  class=\u0022datos\u0022\u003E\n            \u003Cdiv  class=\u0022autor\u0022\u003E\n            \u003Cdiv  class=\u0022field-label-inline\u0022\u003EPor\u003C\/div\u003E\n  \n                  \u003Ca href=\u0022\/%7Egacetaua\/autores\/julio-cesar-felix-martinez-0\u0022 hreflang=\u0022es\u0022\u003E Julio C\u00e9sar F\u00e9lix Mart\u00ednez\u003C\/a\u003E\n      \n  \n    \u003C\/div\u003E\n\n      \u003Cdiv  class=\u0022campus\u0022\u003E\n            \u003Cdiv  class=\u0022field-label-inline\u0022\u003ECampus\u003C\/div\u003E\n  \n                  \u003Ca href=\u0022\/%7Egacetaua\/campus\/tijuana\u0022 hreflang=\u0022es\u0022\u003ETijuana\u003C\/a\u003E\n      \n  \n    \u003C\/div\u003E\n\n    \n                          \u003Cdiv  class=\u0022fecha\u0022 \u003E\n      3 de Septiembre de 2019\u003C\/div\u003E\n      \n  \n\n\n  \u003C\/div\u003E\n    \n                          \u003Cdiv  class=\u0022texto\u0022 \u003E\n      \u003Cp dir=\u0022ltr\u0022\u003ECon el objetivo de fortalecer la relaci\u00f3n bilateral entre la UABC y la San Diego State University (SDSU), se realiz\u00f3 una reuni\u00f3n de funcionarios de ambas instituciones en la universidad californiana como sede.\u003C\/p\u003E\n\n\u003Cp dir=\u0022ltr\u0022\u003EPor parte de la m\u00e1xima casa de estudios acudieron la maestra Edith Montiel Ayala, vicerrectora del Campus Tijuana; el doctor David Toledo Sarracino, coordinador general de Cooperaci\u00f3n Internacional e Intercambio Acad\u00e9mico (CIIA); y la maestra Ana Rosa Zamora, jefa del departamento de CIIA Campus Tijuana, quienes tuvieron una sesi\u00f3n de trabajo con\u00a0 la doctora Cristina Alfaro, vicepresidenta de Estudios Globales de SDSU; la maestra Maria Keckler, directora de Comunicaci\u00f3n y Discurso de la Presidencia SDSU; y Paul Ganster, director del Instituto Regional de Estudios de las Californias.\u00a0\u003C\/p\u003E\n\n\u003Cp dir=\u0022ltr\u0022\u003EEn este encuentro se definieron actividades para la realizaci\u00f3n de la Conferencia Binacional \u0022Our Common Water\u0022, que organizan en conjunto ambas instituciones y que se llevar\u00e1 a cabo\u00a0el\u00a025 y 26 de noviembre, en San Diego y Tijuana, respectivamente. Adem\u00e1s, se abordaron tem\u00e1ticas sobre intercambio y movilidad de estudiantes, proyectos especiales y se dio\u00a0seguimiento al convenio de colaboraci\u00f3n que tienen.\u003C\/p\u003E\n\n\u003Cp dir=\u0022ltr\u0022\u003EEl doctor Toledo Sarracino mencion\u00f3: \u0022Dado que estamos en un espacio fronterizo, por supuesto que tenemos acciones concretas como la movilidad de estudiantes, intercambio de profesores y los cursos homologados. El inter\u00e9s tanto del rector de la UABC, doctor Daniel Octavio Valdez Delgadillo, como de la presidenta de SDSU, doctora Adela de la Torre, es impulsar la colaboraci\u00f3n entre ambas instituciones.\u003C\/p\u003E\n\n\u003Cp dir=\u0022ltr\u0022\u003ELos acuerdos que se tomaron estuvieron encaminados a continuar con la revisi\u00f3n del programa de encuentro de aguas, pr\u00f3xima actualizaci\u00f3n de los convenios de colaboraci\u00f3n existentes, programar futuras reuniones entre el doctor Valdez Delgadillo y la doctora De la Torre, y fortalecer a\u00fan m\u00e1s el trabajo de cooperaci\u00f3n acad\u00e9mica entre ambas instituciones.\u003C\/p\u003E\u003C\/div\u003E\n      \n  \n\n    \n            \u003Cdiv  class=\u0022palabras-clave\u0022\u003E\n                        \u003Ca href=\u0022\/%7Egacetaua\/tags\/sdsu\u0022 hreflang=\u0022es\u0022\u003ESDSU\u003C\/a\u003E\n                \u003Ca href=\u0022\/%7Egacetaua\/tags\/convenio\u0022 hreflang=\u0022es\u0022\u003EConvenio\u003C\/a\u003E\n                \u003Ca href=\u0022\/%7Egacetaua\/tags\/conferencia-binacional\u0022 hreflang=\u0022es\u0022\u003EConferencia Binacional\u003C\/a\u003E\n      \n      \u003C\/div\u003E\n  \n\n\n  \u003C\/div\u003E\n\n  \u003C\/div\u003E\n\n  \u003Cdiv class=\u0022area-extras group-right\u0022\u003E\n        \n                          \u003Cdiv  class=\u0022enlace-blockBottom\u0022 \u003E\n      \u003Cdiv\u003EVer m\u00e1s \u003Ca href=\u0022http:\/\/gaceta.uabc.mx\/notas\u0022\u003ENotas\u003C\/a\u003E\u003C\/div\u003E\n\u003C\/div\u003E\n      \n  \n\n\n  \u003C\/div\u003E\n\n\u003C\/div\u003E\n\n","settings":null}]