[{"command":"settings","settings":{"pluralDelimiter":"\u0003","suppressDeprecationErrors":true,"ajaxPageState":{"libraries":"core\/drupal.ajax,core\/picturefill,ds\/ds_3col_equal_width","theme":"gaceta","theme_token":null},"ajaxTrustedUrl":[],"field_group":{"html_element":{"mode":"media_expanded","context":"view","settings":{"classes":"datos","show_empty_fields":false,"id":"","element":"div","show_label":false,"label_element":"h3","label_element_classes":"","attributes":"","effect":"none","speed":"fast"}}},"user":{"uid":0,"permissionsHash":"55dc977d165ab1e05e51b6cc6487f6d73e65ab536d99ee82c6990d9001d5c21c"}},"merge":true},{"command":"add_css","data":"\u003Clink rel=\u0022stylesheet\u0022 media=\u0022all\u0022 href=\u0022\/~gacetaua\/sites\/default\/files\/css\/css_mxJrjoKKAZuuB4_4f-B1u9VnFZxvSor3Az4JEdrFEso.css\u0022 \/\u003E\n\u003Clink rel=\u0022stylesheet\u0022 media=\u0022all\u0022 href=\u0022\/~gacetaua\/sites\/default\/files\/css\/css_-BXSGQpS8YTwwuXGbPoshUvZ7W-_HbYR3H7d0DA_mEY.css\u0022 \/\u003E\n\u003Clink rel=\u0022stylesheet\u0022 media=\u0022all\u0022 href=\u0022\/~gacetaua\/sites\/default\/files\/css\/css_89YreTu0npezhXSakRJR9TVHyBS9bTcyt0s3IckAe-M.css\u0022 \/\u003E\n"},{"command":"add_js","selector":"body","data":[{"src":"\/~gacetaua\/sites\/default\/files\/js\/js_9UaAhXvc9u0KYXXUw-OKyLP2baQxdV4zY3Y_KGurcvY.js"},{"src":"\/~gacetaua\/sites\/default\/files\/js\/js_oDJxUBLBzfRb_FDgNfkNOm9-tiatS2kNfxQIeVRZA7Y.js"},{"src":"\/~gacetaua\/sites\/default\/files\/js\/js_YM82KRuzNIr2X-Kb8pQW8cOcSbWgQ_QGKclTYJ_aMlI.js"},{"src":"\/~gacetaua\/sites\/default\/files\/js\/js_pqqsPPmPmxKgamY6qk_WSawtL05XH_yAY8GkPHVyahI.js"}]},{"command":"insert","method":"replaceWith","selector":".view-mode-full","data":"\u003Cdiv data-history-node-id=\u002215229\u0022 class=\u0022contenido view-mode-media_expanded ds-3col-equal clearfix\u0022\u003E\n\n  \n\n  \u003Cdiv class=\u0022area-medios group-left\u0022\u003E\n        \n                          \u003Cdiv  class=\u0022imagen\u0022 \u003E\n          \u003Cpicture\u003E\n                  \u003Csource srcset=\u0022\/~gacetaua\/sites\/default\/files\/styles\/max_650x650\/public\/2019-10\/IMG_8844.webp?itok=7HxjtIQn 650w, \/~gacetaua\/sites\/default\/files\/styles\/max_1300x1300\/public\/2019-10\/IMG_8844.webp?itok=sk5dV-FO 1300w, \/~gacetaua\/sites\/default\/files\/styles\/max_1900x1900\/public\/2019-10\/IMG_8844.webp?itok=35m0BgLY 1900w\u0022 type=\u0022image\/webp\u0022 sizes=\u0022100vw\u0022\/\u003E\n              \u003Csource srcset=\u0022\/~gacetaua\/sites\/default\/files\/styles\/max_650x650\/public\/2019-10\/IMG_8844.jpg?itok=7HxjtIQn 650w, \/~gacetaua\/sites\/default\/files\/styles\/max_1300x1300\/public\/2019-10\/IMG_8844.jpg?itok=sk5dV-FO 1300w, \/~gacetaua\/sites\/default\/files\/styles\/max_1900x1900\/public\/2019-10\/IMG_8844.jpg?itok=35m0BgLY 1900w\u0022 type=\u0022image\/jpeg\u0022 sizes=\u0022100vw\u0022\/\u003E\n                  \u003Cimg srcset=\u0022\/~gacetaua\/sites\/default\/files\/styles\/max_650x650\/public\/2019-10\/IMG_8844.jpg?itok=7HxjtIQn 650w, \/~gacetaua\/sites\/default\/files\/styles\/max_1300x1300\/public\/2019-10\/IMG_8844.jpg?itok=sk5dV-FO 1300w, \/~gacetaua\/sites\/default\/files\/styles\/max_1900x1900\/public\/2019-10\/IMG_8844.jpg?itok=35m0BgLY 1900w\u0022 sizes=\u0022100vw\u0022 src=\u0022\/~gacetaua\/sites\/default\/files\/styles\/max_1300x1300\/public\/2019-10\/IMG_8844.jpg?itok=sk5dV-FO\u0022 alt=\u0022foro bilateral_fobesii_colaboraciones educativas\u0022 typeof=\u0022foaf:Image\u0022 class=\u0022img-fluid\u0022 \/\u003E\n\n  \u003C\/picture\u003E\n\n\u003C\/div\u003E\n      \n  \n\n      \u003Cdiv  class=\u0022boton-expander\u0022\u003E\n        \n                  \u003Cdiv class=\u0022item-list\u0022\u003E\u003Cul\u003E\u003Cli\u003E\u003Ca href=\u0022\/%7Egacetaua\/ds-switch-view-mode\/node\/15229\/media_collapsed?selector=view-mode-media_expanded\u0022 class=\u0022use-ajax\u0022\u003E\u2191\u003C\/a\u003E\u003C\/li\u003E\u003C\/ul\u003E\u003C\/div\u003E\n      \n  \n    \u003C\/div\u003E\n\n\n  \u003C\/div\u003E\n\n  \u003Cdiv class=\u0022area-info group-middle\u0022\u003E\n    \n\u003Cdiv  class=\u0022inner\u0022\u003E\n          \n                          \u003Ch2  class=\u0022titulo\u0022 \u003E\n        Participa UABC en Foro Bilateral \n\u003C\/h2\u003E\n      \n  \n\n    \n                          \u003Cdiv  class=\u0022resumen\u0022 \u003E\n      Fue la \u00fanica universidad fronteriza en el evento, donde se resaltaron los buenos resultados en materia de intercambio estudiantil y movilidad acad\u00e9mica.\u003Cbr \/\u003E\r\n\u003C\/div\u003E\n      \n  \n\n\n\u003Cdiv  class=\u0022datos\u0022\u003E\n            \u003Cdiv  class=\u0022autor\u0022\u003E\n            \u003Cdiv  class=\u0022field-label-inline\u0022\u003EPor\u003C\/div\u003E\n  \n                  \u003Ca href=\u0022\/%7Egacetaua\/autores\/redaccion-gaceta-uabc\u0022 hreflang=\u0022es\u0022\u003ERedacci\u00f3n Gaceta UABC\u003C\/a\u003E\n      \n  \n    \u003C\/div\u003E\n\n      \u003Cdiv  class=\u0022campus\u0022\u003E\n            \u003Cdiv  class=\u0022field-label-inline\u0022\u003ECampus\u003C\/div\u003E\n  \n                  \u003Ca href=\u0022\/%7Egacetaua\/campus\/uabc\u0022 hreflang=\u0022es\u0022\u003EUABC\u003C\/a\u003E\n      \n  \n    \u003C\/div\u003E\n\n    \n                          \u003Cdiv  class=\u0022fecha\u0022 \u003E\n      14 de Octubre de 2019\u003C\/div\u003E\n      \n  \n\n\n  \u003C\/div\u003E\n    \n                          \u003Cdiv  class=\u0022texto\u0022 \u003E\n      \u003Cp dir=\u0022ltr\u0022\u003ELa UABC, a trav\u00e9s de la Coordinaci\u00f3n General de Cooperaci\u00f3n Internacional e Intercambio Acad\u00e9mico (CGCIIA), particip\u00f3 en el Foro Bilateral sobre Educaci\u00f3n Superior, Innovaci\u00f3n e Investigaci\u00f3n (FOBESII), organizado por la Secretaria de Relaciones Exteriores y la Embajada de Estados Unidos en M\u00e9xico.\u00a0\u003C\/p\u003E\n\n\u003Cp dir=\u0022ltr\u0022\u003EEste Foro tuvo como objetivo ampliar las oportunidades de intercambios educativos, asociaciones de investigaci\u00f3n cient\u00edfica e innovaci\u00f3n fronteriza. Adem\u00e1s, impulsar la formaci\u00f3n de capital humano; la investigaci\u00f3n para cerrar la brecha entre la oferta, la demanda de capacidades y habilidades entre M\u00e9xico y Estados Unidos, as\u00ed como impulsar el desarrollo del sector educativo a incrementar la competitividad entre dos pa\u00edses socios.\u00a0\u003C\/p\u003E\n\n\u003Cp dir=\u0022ltr\u0022\u003ELa UABC fue la \u00fanica universidad fronteriza en el evento, donde se resaltaron los buenos resultados en materia de intercambio estudiantil y movilidad acad\u00e9mica por la cooperaci\u00f3n acad\u00e9mica que ha mantenido con las universidades estadounidenses y el caso de \u00e9xito del programa de becas Alas, Oportunidades para Volar, de la Fundaci\u00f3n UABC.\u00a0\u003C\/p\u003E\n\n\u003Cp dir=\u0022ltr\u0022\u003EEl doctor David Guadalupe Toledo Sarracino, coordinador general de la CGCIIA, particip\u00f3 aportando ideas sobre la situaci\u00f3n que viven los alumnos sobre de estancias cortas y las visas, la experiencia del aprendizaje del ingl\u00e9s y cruce fronterizo para los alumnos de la UABC en el marco del panel Retos de la Movilidad Acad\u00e9mica donde se consideraron las aportaciones del acad\u00e9mico cimarr\u00f3n para la relator\u00eda del evento.\u00a0\u003C\/p\u003E\n\n\u003Cp dir=\u0022ltr\u0022\u003EEl doctor Sergio Alcocer, exdirector General de Am\u00e9rica del Norte y acad\u00e9mico de la Universidad Nacional Aut\u00f3noma de M\u00e9xico, destac\u00f3 que en el marco de esta colaboraci\u00f3n entre M\u00e9xico y Estados Unidos, y por existir en el pa\u00eds universidades de prestigio, por lo que ejemplific\u00f3 que espera que en a\u00f1os futuros un Premio Nobel de medicina se comparta entre acad\u00e9micos de la UABC y UCSD.\u00a0\u003C\/p\u003E\n\n\u003Cp dir=\u0022ltr\u0022\u003EEn el FOBESII tambi\u00e9n se impuls\u00f3 el aprendizaje del ingl\u00e9s y la generaci\u00f3n de estrategias para el fomento de dicha lengua en las universidades nacionales, con el fin de que m\u00e1s alumnos mexicanos vivan el intercambio en los Estados Unidos.\u00a0\u003C\/p\u003E\n\n\u003Cp dir=\u0022ltr\u0022\u003EFinalmente, las universidades de M\u00e9xico deben establecer las mejores condiciones para que asistan m\u00e1s alumnos y profesores estadounidenses a los programas de verano de aprendizaje del espa\u00f1ol para extranjeros, seg\u00fan se\u00f1al\u00f3 el maestro Gustavo Alonso Cabrera, director general de la Agencia Mexicana de Cooperaci\u00f3n Internacional para el Desarrollo (Amexcid).\u00a0\u00a0\u003C\/p\u003E\n\n\u003Cp\u003EFoto: cortes\u00eda\u003C\/p\u003E\u003C\/div\u003E\n      \n  \n\n    \n            \u003Cdiv  class=\u0022palabras-clave\u0022\u003E\n                        \u003Ca href=\u0022\/%7Egacetaua\/tags\/fobesii\u0022 hreflang=\u0022es\u0022\u003EFOBESII\u003C\/a\u003E\n                \u003Ca href=\u0022\/%7Egacetaua\/tags\/foro-bilateral\u0022 hreflang=\u0022es\u0022\u003Eforo bilateral\u003C\/a\u003E\n                \u003Ca href=\u0022\/%7Egacetaua\/tags\/colaboraciones-educativas\u0022 hreflang=\u0022es\u0022\u003EColaboraciones Educativas\u003C\/a\u003E\n      \n      \u003C\/div\u003E\n  \n\n\n  \u003C\/div\u003E\n\n  \u003C\/div\u003E\n\n  \u003Cdiv class=\u0022area-extras group-right\u0022\u003E\n        \n                          \u003Cdiv  class=\u0022enlace-blockBottom\u0022 \u003E\n      \u003Cdiv\u003EVer m\u00e1s \u003Ca href=\u0022http:\/\/gaceta.uabc.mx\/notas\u0022\u003ENotas\u003C\/a\u003E\u003C\/div\u003E\n\u003C\/div\u003E\n      \n  \n\n\n  \u003C\/div\u003E\n\n\u003C\/div\u003E\n\n","settings":null}]